{"id":289,"date":"2011-03-18T14:49:18","date_gmt":"2011-03-18T13:49:18","guid":{"rendered":"http:\/\/thomas-ott.net\/home\/?p=289"},"modified":"2019-05-22T14:50:05","modified_gmt":"2019-05-22T12:50:05","slug":"apfelstadt-erfurt-vieselbach-guterverkehrszentrum-thuringens","status":"publish","type":"post","link":"https:\/\/thomas-ott.net\/home\/?p=289","title":{"rendered":"Apfelst\u00e4dt \u2013 Erfurt-Vieselbach \u2013 G\u00fcterverkehrszentrum Th\u00fcringens?"},"content":{"rendered":"<p>OTT, Thomas (2001): Apfelst\u00e4dt \u2013 Erfurt-Vieselbach \u2013 G\u00fcterverkehrszentrum Th\u00fcringens? In: SEDLACEK, P. (Ed.): Th\u00fcringen &#8211; Geographische Exkursionen, Gotha: Klett-Perthes, 44-45<\/p>\n<h3>Volltext<\/h3>\n<div class=\"issuuembed\" style=\"width: 450px; height: 365px;\" data-configid=\"2641640\/66083212\"><\/div>\n<p><script type=\"text\/javascript\" src=\"\/\/e.issuu.com\/embed.js\" async=\"true\"><\/script><\/p>\n","protected":false},"excerpt":{"rendered":"<p>OTT, Thomas (2001): Apfelst\u00e4dt \u2013 Erfurt-Vieselbach \u2013 G\u00fcterverkehrszentrum Th\u00fcringens? In: SEDLACEK, P. (Ed.): Th\u00fcringen &#8211; Geographische Exkursionen, Gotha: Klett-Perthes, 44-45 Volltext<\/p>\n","protected":false},"author":1,"featured_media":18491,"comment_status":"open","ping_status":"open","sticky":false,"template":"","format":"standard","meta":{"_acf_changed":false,"footnotes":""},"categories":[246,459,15],"tags":[79,7],"class_list":["post-289","post","type-post","status-publish","format-standard","has-post-thumbnail","hentry","category-buchbeitraege","category-litdiss","category-publikationen","tag-logistik","tag-thuringen"],"acf":[],"yoast_head":"<!-- This site is optimized with the Yoast SEO plugin v27.1.1 - https:\/\/yoast.com\/product\/yoast-seo-wordpress\/ -->\n<title>Apfelst\u00e4dt \u2013 Erfurt-Vieselbach \u2013 G\u00fcterverkehrszentrum Th\u00fcringens? | The Secret Life of Thomas Ott<\/title>\n<meta name=\"robots\" content=\"index, follow, max-snippet:-1, max-image-preview:large, max-video-preview:-1\" \/>\n<link rel=\"canonical\" href=\"https:\/\/thomas-ott.net\/home\/?p=289\" \/>\n<meta property=\"og:locale\" content=\"de_DE\" \/>\n<meta property=\"og:type\" content=\"article\" \/>\n<meta property=\"og:title\" content=\"Apfelst\u00e4dt \u2013 Erfurt-Vieselbach \u2013 G\u00fcterverkehrszentrum Th\u00fcringens? | The Secret Life of Thomas Ott\" \/>\n<meta property=\"og:description\" content=\"OTT, Thomas (2001): Apfelst\u00e4dt \u2013 Erfurt-Vieselbach \u2013 G\u00fcterverkehrszentrum Th\u00fcringens? In: SEDLACEK, P. (Ed.): Th\u00fcringen &#8211; Geographische Exkursionen, Gotha: Klett-Perthes, 44-45 Volltext\" \/>\n<meta property=\"og:url\" content=\"https:\/\/thomas-ott.net\/home\/?p=289\" \/>\n<meta property=\"og:site_name\" content=\"The Secret Life of Thomas Ott\" \/>\n<meta property=\"article:publisher\" content=\"https:\/\/www.facebook.com\/oagis\" \/>\n<meta property=\"article:author\" content=\"https:\/\/www.facebook.com\/oagis\" \/>\n<meta property=\"article:published_time\" content=\"2011-03-18T13:49:18+00:00\" \/>\n<meta property=\"article:modified_time\" content=\"2019-05-22T12:50:05+00:00\" \/>\n<meta property=\"og:image\" content=\"https:\/\/thomas-ott.net\/home\/wp-content\/uploads\/2018\/12\/pub_thexk1.jpg\" \/>\n\t<meta property=\"og:image:width\" content=\"740\" \/>\n\t<meta property=\"og:image:height\" content=\"416\" \/>\n\t<meta property=\"og:image:type\" content=\"image\/jpeg\" \/>\n<meta name=\"author\" content=\"Thomas Ott\" \/>\n<meta name=\"twitter:card\" content=\"summary_large_image\" \/>\n<meta name=\"twitter:creator\" content=\"@oagis\" \/>\n<meta name=\"twitter:site\" content=\"@oagis\" \/>\n<meta name=\"twitter:label1\" content=\"Verfasst von\" \/>\n\t<meta name=\"twitter:data1\" content=\"Thomas Ott\" \/>\n<script type=\"application\/ld+json\" class=\"yoast-schema-graph\">{\"@context\":\"https:\/\/schema.org\",\"@graph\":[{\"@type\":\"Article\",\"@id\":\"https:\/\/thomas-ott.net\/home\/?p=289#article\",\"isPartOf\":{\"@id\":\"https:\/\/thomas-ott.net\/home\/?p=289\"},\"author\":{\"name\":\"Thomas Ott\",\"@id\":\"https:\/\/thomas-ott.net\/home\/#\/schema\/person\/0a142f0a3d76fa4af0513a832379747b\"},\"headline\":\"Apfelst\u00e4dt \u2013 Erfurt-Vieselbach \u2013 G\u00fcterverkehrszentrum Th\u00fcringens?\",\"datePublished\":\"2011-03-18T13:49:18+00:00\",\"dateModified\":\"2019-05-22T12:50:05+00:00\",\"mainEntityOfPage\":{\"@id\":\"https:\/\/thomas-ott.net\/home\/?p=289\"},\"wordCount\":29,\"commentCount\":0,\"publisher\":{\"@id\":\"https:\/\/thomas-ott.net\/home\/#\/schema\/person\/0a142f0a3d76fa4af0513a832379747b\"},\"image\":{\"@id\":\"https:\/\/thomas-ott.net\/home\/?p=289#primaryimage\"},\"thumbnailUrl\":\"https:\/\/thomas-ott.net\/home\/wp-content\/uploads\/2018\/12\/pub_thexk1.jpg\",\"keywords\":[\"Logistik\",\"Th\u00fcringen\"],\"articleSection\":[\"Buchbeitr\u00e4ge\",\"Dissertation\",\"Publikationen\"],\"inLanguage\":\"de\",\"potentialAction\":[{\"@type\":\"CommentAction\",\"name\":\"Comment\",\"target\":[\"https:\/\/thomas-ott.net\/home\/?p=289#respond\"]}]},{\"@type\":\"WebPage\",\"@id\":\"https:\/\/thomas-ott.net\/home\/?p=289\",\"url\":\"https:\/\/thomas-ott.net\/home\/?p=289\",\"name\":\"Apfelst\u00e4dt \u2013 Erfurt-Vieselbach \u2013 G\u00fcterverkehrszentrum Th\u00fcringens? | The Secret Life of Thomas Ott\",\"isPartOf\":{\"@id\":\"https:\/\/thomas-ott.net\/home\/#website\"},\"primaryImageOfPage\":{\"@id\":\"https:\/\/thomas-ott.net\/home\/?p=289#primaryimage\"},\"image\":{\"@id\":\"https:\/\/thomas-ott.net\/home\/?p=289#primaryimage\"},\"thumbnailUrl\":\"https:\/\/thomas-ott.net\/home\/wp-content\/uploads\/2018\/12\/pub_thexk1.jpg\",\"datePublished\":\"2011-03-18T13:49:18+00:00\",\"dateModified\":\"2019-05-22T12:50:05+00:00\",\"breadcrumb\":{\"@id\":\"https:\/\/thomas-ott.net\/home\/?p=289#breadcrumb\"},\"inLanguage\":\"de\",\"potentialAction\":[{\"@type\":\"ReadAction\",\"target\":[\"https:\/\/thomas-ott.net\/home\/?p=289\"]}]},{\"@type\":\"ImageObject\",\"inLanguage\":\"de\",\"@id\":\"https:\/\/thomas-ott.net\/home\/?p=289#primaryimage\",\"url\":\"https:\/\/thomas-ott.net\/home\/wp-content\/uploads\/2018\/12\/pub_thexk1.jpg\",\"contentUrl\":\"https:\/\/thomas-ott.net\/home\/wp-content\/uploads\/2018\/12\/pub_thexk1.jpg\",\"width\":740,\"height\":416},{\"@type\":\"BreadcrumbList\",\"@id\":\"https:\/\/thomas-ott.net\/home\/?p=289#breadcrumb\",\"itemListElement\":[{\"@type\":\"ListItem\",\"position\":1,\"name\":\"Startseite\",\"item\":\"https:\/\/thomas-ott.net\/home\/\"},{\"@type\":\"ListItem\",\"position\":2,\"name\":\"Apfelst\u00e4dt \u2013 Erfurt-Vieselbach \u2013 G\u00fcterverkehrszentrum Th\u00fcringens?\"}]},{\"@type\":\"WebSite\",\"@id\":\"https:\/\/thomas-ott.net\/home\/#website\",\"url\":\"https:\/\/thomas-ott.net\/home\/\",\"name\":\"The Secret Life of Thomas Ott\",\"description\":\"Website von Dr. Thomas Ott, Weinheim\",\"publisher\":{\"@id\":\"https:\/\/thomas-ott.net\/home\/#\/schema\/person\/0a142f0a3d76fa4af0513a832379747b\"},\"potentialAction\":[{\"@type\":\"SearchAction\",\"target\":{\"@type\":\"EntryPoint\",\"urlTemplate\":\"https:\/\/thomas-ott.net\/home\/?s={search_term_string}\"},\"query-input\":{\"@type\":\"PropertyValueSpecification\",\"valueRequired\":true,\"valueName\":\"search_term_string\"}}],\"inLanguage\":\"de\"},{\"@type\":[\"Person\",\"Organization\"],\"@id\":\"https:\/\/thomas-ott.net\/home\/#\/schema\/person\/0a142f0a3d76fa4af0513a832379747b\",\"name\":\"Thomas Ott\",\"image\":{\"@type\":\"ImageObject\",\"inLanguage\":\"de\",\"@id\":\"https:\/\/thomas-ott.net\/home\/#\/schema\/person\/image\/\",\"url\":\"https:\/\/secure.gravatar.com\/avatar\/984baf04fae50a93f41615cda6dee454fdc8be653bcfd6e45a10e9f54e05505b?s=96&d=mm&r=g\",\"contentUrl\":\"https:\/\/secure.gravatar.com\/avatar\/984baf04fae50a93f41615cda6dee454fdc8be653bcfd6e45a10e9f54e05505b?s=96&d=mm&r=g\",\"caption\":\"Thomas Ott\"},\"logo\":{\"@id\":\"https:\/\/thomas-ott.net\/home\/#\/schema\/person\/image\/\"},\"sameAs\":[\"https:\/\/www.facebook.com\/oagis\",\"https:\/\/www.instagram.com\/thomas_ott_66\/\",\"https:\/\/www.linkedin.com\/in\/oagis\/\",\"https:\/\/x.com\/oagis\"]}]}<\/script>\n<!-- \/ Yoast SEO plugin. -->","yoast_head_json":{"title":"Apfelst\u00e4dt \u2013 Erfurt-Vieselbach \u2013 G\u00fcterverkehrszentrum Th\u00fcringens? | The Secret Life of Thomas Ott","robots":{"index":"index","follow":"follow","max-snippet":"max-snippet:-1","max-image-preview":"max-image-preview:large","max-video-preview":"max-video-preview:-1"},"canonical":"https:\/\/thomas-ott.net\/home\/?p=289","og_locale":"de_DE","og_type":"article","og_title":"Apfelst\u00e4dt \u2013 Erfurt-Vieselbach \u2013 G\u00fcterverkehrszentrum Th\u00fcringens? | The Secret Life of Thomas Ott","og_description":"OTT, Thomas (2001): Apfelst\u00e4dt \u2013 Erfurt-Vieselbach \u2013 G\u00fcterverkehrszentrum Th\u00fcringens? In: SEDLACEK, P. (Ed.): Th\u00fcringen &#8211; Geographische Exkursionen, Gotha: Klett-Perthes, 44-45 Volltext","og_url":"https:\/\/thomas-ott.net\/home\/?p=289","og_site_name":"The Secret Life of Thomas Ott","article_publisher":"https:\/\/www.facebook.com\/oagis","article_author":"https:\/\/www.facebook.com\/oagis","article_published_time":"2011-03-18T13:49:18+00:00","article_modified_time":"2019-05-22T12:50:05+00:00","og_image":[{"width":740,"height":416,"url":"https:\/\/thomas-ott.net\/home\/wp-content\/uploads\/2018\/12\/pub_thexk1.jpg","type":"image\/jpeg"}],"author":"Thomas Ott","twitter_card":"summary_large_image","twitter_creator":"@oagis","twitter_site":"@oagis","twitter_misc":{"Verfasst von":"Thomas Ott"},"schema":{"@context":"https:\/\/schema.org","@graph":[{"@type":"Article","@id":"https:\/\/thomas-ott.net\/home\/?p=289#article","isPartOf":{"@id":"https:\/\/thomas-ott.net\/home\/?p=289"},"author":{"name":"Thomas Ott","@id":"https:\/\/thomas-ott.net\/home\/#\/schema\/person\/0a142f0a3d76fa4af0513a832379747b"},"headline":"Apfelst\u00e4dt \u2013 Erfurt-Vieselbach \u2013 G\u00fcterverkehrszentrum Th\u00fcringens?","datePublished":"2011-03-18T13:49:18+00:00","dateModified":"2019-05-22T12:50:05+00:00","mainEntityOfPage":{"@id":"https:\/\/thomas-ott.net\/home\/?p=289"},"wordCount":29,"commentCount":0,"publisher":{"@id":"https:\/\/thomas-ott.net\/home\/#\/schema\/person\/0a142f0a3d76fa4af0513a832379747b"},"image":{"@id":"https:\/\/thomas-ott.net\/home\/?p=289#primaryimage"},"thumbnailUrl":"https:\/\/thomas-ott.net\/home\/wp-content\/uploads\/2018\/12\/pub_thexk1.jpg","keywords":["Logistik","Th\u00fcringen"],"articleSection":["Buchbeitr\u00e4ge","Dissertation","Publikationen"],"inLanguage":"de","potentialAction":[{"@type":"CommentAction","name":"Comment","target":["https:\/\/thomas-ott.net\/home\/?p=289#respond"]}]},{"@type":"WebPage","@id":"https:\/\/thomas-ott.net\/home\/?p=289","url":"https:\/\/thomas-ott.net\/home\/?p=289","name":"Apfelst\u00e4dt \u2013 Erfurt-Vieselbach \u2013 G\u00fcterverkehrszentrum Th\u00fcringens? | The Secret Life of Thomas Ott","isPartOf":{"@id":"https:\/\/thomas-ott.net\/home\/#website"},"primaryImageOfPage":{"@id":"https:\/\/thomas-ott.net\/home\/?p=289#primaryimage"},"image":{"@id":"https:\/\/thomas-ott.net\/home\/?p=289#primaryimage"},"thumbnailUrl":"https:\/\/thomas-ott.net\/home\/wp-content\/uploads\/2018\/12\/pub_thexk1.jpg","datePublished":"2011-03-18T13:49:18+00:00","dateModified":"2019-05-22T12:50:05+00:00","breadcrumb":{"@id":"https:\/\/thomas-ott.net\/home\/?p=289#breadcrumb"},"inLanguage":"de","potentialAction":[{"@type":"ReadAction","target":["https:\/\/thomas-ott.net\/home\/?p=289"]}]},{"@type":"ImageObject","inLanguage":"de","@id":"https:\/\/thomas-ott.net\/home\/?p=289#primaryimage","url":"https:\/\/thomas-ott.net\/home\/wp-content\/uploads\/2018\/12\/pub_thexk1.jpg","contentUrl":"https:\/\/thomas-ott.net\/home\/wp-content\/uploads\/2018\/12\/pub_thexk1.jpg","width":740,"height":416},{"@type":"BreadcrumbList","@id":"https:\/\/thomas-ott.net\/home\/?p=289#breadcrumb","itemListElement":[{"@type":"ListItem","position":1,"name":"Startseite","item":"https:\/\/thomas-ott.net\/home\/"},{"@type":"ListItem","position":2,"name":"Apfelst\u00e4dt \u2013 Erfurt-Vieselbach \u2013 G\u00fcterverkehrszentrum Th\u00fcringens?"}]},{"@type":"WebSite","@id":"https:\/\/thomas-ott.net\/home\/#website","url":"https:\/\/thomas-ott.net\/home\/","name":"The Secret Life of Thomas Ott","description":"Website von Dr. Thomas Ott, Weinheim","publisher":{"@id":"https:\/\/thomas-ott.net\/home\/#\/schema\/person\/0a142f0a3d76fa4af0513a832379747b"},"potentialAction":[{"@type":"SearchAction","target":{"@type":"EntryPoint","urlTemplate":"https:\/\/thomas-ott.net\/home\/?s={search_term_string}"},"query-input":{"@type":"PropertyValueSpecification","valueRequired":true,"valueName":"search_term_string"}}],"inLanguage":"de"},{"@type":["Person","Organization"],"@id":"https:\/\/thomas-ott.net\/home\/#\/schema\/person\/0a142f0a3d76fa4af0513a832379747b","name":"Thomas Ott","image":{"@type":"ImageObject","inLanguage":"de","@id":"https:\/\/thomas-ott.net\/home\/#\/schema\/person\/image\/","url":"https:\/\/secure.gravatar.com\/avatar\/984baf04fae50a93f41615cda6dee454fdc8be653bcfd6e45a10e9f54e05505b?s=96&d=mm&r=g","contentUrl":"https:\/\/secure.gravatar.com\/avatar\/984baf04fae50a93f41615cda6dee454fdc8be653bcfd6e45a10e9f54e05505b?s=96&d=mm&r=g","caption":"Thomas Ott"},"logo":{"@id":"https:\/\/thomas-ott.net\/home\/#\/schema\/person\/image\/"},"sameAs":["https:\/\/www.facebook.com\/oagis","https:\/\/www.instagram.com\/thomas_ott_66\/","https:\/\/www.linkedin.com\/in\/oagis\/","https:\/\/x.com\/oagis"]}]}},"_links":{"self":[{"href":"https:\/\/thomas-ott.net\/home\/index.php?rest_route=\/wp\/v2\/posts\/289","targetHints":{"allow":["GET"]}}],"collection":[{"href":"https:\/\/thomas-ott.net\/home\/index.php?rest_route=\/wp\/v2\/posts"}],"about":[{"href":"https:\/\/thomas-ott.net\/home\/index.php?rest_route=\/wp\/v2\/types\/post"}],"author":[{"embeddable":true,"href":"https:\/\/thomas-ott.net\/home\/index.php?rest_route=\/wp\/v2\/users\/1"}],"replies":[{"embeddable":true,"href":"https:\/\/thomas-ott.net\/home\/index.php?rest_route=%2Fwp%2Fv2%2Fcomments&post=289"}],"version-history":[{"count":4,"href":"https:\/\/thomas-ott.net\/home\/index.php?rest_route=\/wp\/v2\/posts\/289\/revisions"}],"predecessor-version":[{"id":18502,"href":"https:\/\/thomas-ott.net\/home\/index.php?rest_route=\/wp\/v2\/posts\/289\/revisions\/18502"}],"wp:featuredmedia":[{"embeddable":true,"href":"https:\/\/thomas-ott.net\/home\/index.php?rest_route=\/wp\/v2\/media\/18491"}],"wp:attachment":[{"href":"https:\/\/thomas-ott.net\/home\/index.php?rest_route=%2Fwp%2Fv2%2Fmedia&parent=289"}],"wp:term":[{"taxonomy":"category","embeddable":true,"href":"https:\/\/thomas-ott.net\/home\/index.php?rest_route=%2Fwp%2Fv2%2Fcategories&post=289"},{"taxonomy":"post_tag","embeddable":true,"href":"https:\/\/thomas-ott.net\/home\/index.php?rest_route=%2Fwp%2Fv2%2Ftags&post=289"}],"curies":[{"name":"wp","href":"https:\/\/api.w.org\/{rel}","templated":true}]}}