{"id":285,"date":"2011-03-17T16:24:39","date_gmt":"2011-03-17T15:24:39","guid":{"rendered":"http:\/\/thomas-ott.net\/home\/?p=285"},"modified":"2018-11-24T14:07:24","modified_gmt":"2018-11-24T13:07:24","slug":"neuere-perspektiven-zum-thema-migration-integration-minderheiten-im-spiegel-von-internetquellen","status":"publish","type":"post","link":"https:\/\/thomas-ott.net\/home\/?p=285","title":{"rendered":"Neuere Perspektiven zum Thema Migration &#8211; Integration &#8211; Minderheiten im Spiegel von Internetquellen"},"content":{"rendered":"<p>OTT, Thomas \/ SWIACZNY, Frank (2001): Neuere Perspektiven zum Thema Migration &#8211; Integration &#8211; Minderheiten im Spiegel von Internetquellen. BiB-Mitteilungen\/Informationen aus dem Bundesinstitut f\u00fcr Bev\u00f6lkerungsforschung 22 (2), 20-26<\/p>\n<h3>Kurzfassung<\/h3>\n<p>Das Internet bietet mittlerweile eine kaum mehr \u00fcberschaubare Informationsvielfalt. Gerade zum Themenbereich Migration, Integration und Minderheiten existieren zahlreiche\u00a0interessante Internetdienste, die von internationalen oder staatlichen Institutionen sowie von Nichtregierungsorganisationen und Forschungseinrichtungen bereit gestellt werden. Sie offerieren auf ihren Internetseiten neben allgemeinen Informationen zu Aufgaben und Zielen h\u00e4ufig weitere wertvolle kostenlose inhaltliche Angebote wie Publikationen und Forschungsberichte im Volltext, Literaturdatenbanken, Statistiken, Newsletter-Dienste und vieles andere mehr.<br \/>\nIn den letzten Jahren haben sich die benutzerfreundlichen Internetseiten nach dem html-Standard bei Angeboten f\u00fcr das breite Publikum allgemein durchgesetzt und auch bei der\u00a0Publikation von wissenschaftlichen Inhalten spielen WWW-Seiten aufgrund ihrer preiswerten Verf\u00fcgbarkeit und gro\u00dfen Aktualit\u00e4t heute eine wichtige Rolle. Vor allem im Bereich\u00a0der Forschung behalten aber auch andere, seit l\u00e4ngerem etablierte Internetdienste wie bspw. Newsgroups ihre Berechtigung, die der fachinternen Kommunikation dienen. Daneben\u00a0existieren auch noch E-mail basierte Newsletter-Dienste mit denen beliebige Informationen an spezifische Nutzergruppen verbreitet werden k\u00f6nnen. F\u00fcr die sachliche\u00a0Erschlie\u00dfung der jeweiligen Informationsinhalte kommen, je nach Medium, verschiedene Suchstrategien und Hilfsmittel in Frage, die im Folgenden kurz vorgestellt werden\u00a0sollen, bevor Internetquellen zu Migration, Integration und Minderheiten im Einzelnen kurz vorgestellt werden. Abschlie\u00dfend werden noch zwei interaktive Angebote zum\u00a0Thema erl\u00e4utert, die die Perspektiven k\u00fcnftiger Informationsangebote im WWW aufzeigen.<\/p>\n<h3>Volltext<\/h3>\n<div class=\"issuuembed\" style=\"width: 450px; height: 318px;\" data-configid=\"2641640\/65983722\"><\/div>\n<p><script type=\"text\/javascript\" src=\"\/\/e.issuu.com\/embed.js\" async=\"true\"><\/script><\/p>\n","protected":false},"excerpt":{"rendered":"<p>OTT, Thomas \/ SWIACZNY, Frank (2001): Neuere Perspektiven zum Thema Migration &#8211; Integration &#8211; Minderheiten im Spiegel von Internetquellen. BiB-Mitteilungen\/Informationen aus dem Bundesinstitut f\u00fcr Bev\u00f6lkerungsforschung 22 (2), 20-26 Kurzfassung Das Internet bietet mittlerweile eine kaum mehr \u00fcberschaubare Informationsvielfalt. Gerade zum Themenbereich Migration, Integration und Minderheiten existieren zahlreiche\u00a0interessante Internetdienste, die von internationalen oder staatlichen Institutionen sowie&#8230;<\/p>\n","protected":false},"author":1,"featured_media":18441,"comment_status":"open","ping_status":"open","sticky":false,"template":"","format":"standard","meta":{"_acf_changed":false,"footnotes":""},"categories":[15,247],"tags":[74,72],"class_list":["post-285","post","type-post","status-publish","format-standard","has-post-thumbnail","hentry","category-publikationen","category-zeitschriftenbeitraege","tag-bevolkerungsgeographie","tag-internet"],"acf":[],"yoast_head":"<!-- This site is optimized with the Yoast SEO plugin v27.1.1 - https:\/\/yoast.com\/product\/yoast-seo-wordpress\/ -->\n<title>Neuere Perspektiven zum Thema Migration - Integration - Minderheiten im Spiegel von Internetquellen | The Secret Life of Thomas Ott<\/title>\n<meta name=\"robots\" content=\"index, follow, max-snippet:-1, max-image-preview:large, max-video-preview:-1\" \/>\n<link rel=\"canonical\" href=\"https:\/\/thomas-ott.net\/home\/?p=285\" \/>\n<meta property=\"og:locale\" content=\"de_DE\" \/>\n<meta property=\"og:type\" content=\"article\" \/>\n<meta property=\"og:title\" content=\"Neuere Perspektiven zum Thema Migration - Integration - Minderheiten im Spiegel von Internetquellen | The Secret Life of Thomas Ott\" \/>\n<meta property=\"og:description\" content=\"OTT, Thomas \/ SWIACZNY, Frank (2001): Neuere Perspektiven zum Thema Migration &#8211; Integration &#8211; Minderheiten im Spiegel von Internetquellen. BiB-Mitteilungen\/Informationen aus dem Bundesinstitut f\u00fcr Bev\u00f6lkerungsforschung 22 (2), 20-26 Kurzfassung Das Internet bietet mittlerweile eine kaum mehr \u00fcberschaubare Informationsvielfalt. Gerade zum Themenbereich Migration, Integration und Minderheiten existieren zahlreiche\u00a0interessante Internetdienste, die von internationalen oder staatlichen Institutionen sowie...\" \/>\n<meta property=\"og:url\" content=\"https:\/\/thomas-ott.net\/home\/?p=285\" \/>\n<meta property=\"og:site_name\" content=\"The Secret Life of Thomas Ott\" \/>\n<meta property=\"article:publisher\" content=\"https:\/\/www.facebook.com\/oagis\" \/>\n<meta property=\"article:author\" content=\"https:\/\/www.facebook.com\/oagis\" \/>\n<meta property=\"article:published_time\" content=\"2011-03-17T15:24:39+00:00\" \/>\n<meta property=\"article:modified_time\" content=\"2018-11-24T13:07:24+00:00\" \/>\n<meta property=\"og:image\" content=\"https:\/\/thomas-ott.net\/home\/wp-content\/uploads\/2011\/03\/pub_BIBpreview.jpg\" \/>\n\t<meta property=\"og:image:width\" content=\"740\" \/>\n\t<meta property=\"og:image:height\" content=\"416\" \/>\n\t<meta property=\"og:image:type\" content=\"image\/jpeg\" \/>\n<meta name=\"author\" content=\"Thomas Ott\" \/>\n<meta name=\"twitter:card\" content=\"summary_large_image\" \/>\n<meta name=\"twitter:creator\" content=\"@oagis\" \/>\n<meta name=\"twitter:site\" content=\"@oagis\" \/>\n<meta name=\"twitter:label1\" content=\"Verfasst von\" \/>\n\t<meta name=\"twitter:data1\" content=\"Thomas Ott\" \/>\n\t<meta name=\"twitter:label2\" content=\"Gesch\u00e4tzte Lesezeit\" \/>\n\t<meta name=\"twitter:data2\" content=\"1\u00a0Minute\" \/>\n<script type=\"application\/ld+json\" class=\"yoast-schema-graph\">{\"@context\":\"https:\/\/schema.org\",\"@graph\":[{\"@type\":\"Article\",\"@id\":\"https:\/\/thomas-ott.net\/home\/?p=285#article\",\"isPartOf\":{\"@id\":\"https:\/\/thomas-ott.net\/home\/?p=285\"},\"author\":{\"name\":\"Thomas Ott\",\"@id\":\"https:\/\/thomas-ott.net\/home\/#\/schema\/person\/0a142f0a3d76fa4af0513a832379747b\"},\"headline\":\"Neuere Perspektiven zum Thema Migration &#8211; Integration &#8211; Minderheiten im Spiegel von Internetquellen\",\"datePublished\":\"2011-03-17T15:24:39+00:00\",\"dateModified\":\"2018-11-24T13:07:24+00:00\",\"mainEntityOfPage\":{\"@id\":\"https:\/\/thomas-ott.net\/home\/?p=285\"},\"wordCount\":254,\"commentCount\":0,\"publisher\":{\"@id\":\"https:\/\/thomas-ott.net\/home\/#\/schema\/person\/0a142f0a3d76fa4af0513a832379747b\"},\"image\":{\"@id\":\"https:\/\/thomas-ott.net\/home\/?p=285#primaryimage\"},\"thumbnailUrl\":\"https:\/\/thomas-ott.net\/home\/wp-content\/uploads\/2011\/03\/pub_BIBpreview.jpg\",\"keywords\":[\"Bev\u00f6lkerungsgeographie\",\"Internet\"],\"articleSection\":[\"Publikationen\",\"Zeitschriftenbeitr\u00e4ge\"],\"inLanguage\":\"de\",\"potentialAction\":[{\"@type\":\"CommentAction\",\"name\":\"Comment\",\"target\":[\"https:\/\/thomas-ott.net\/home\/?p=285#respond\"]}]},{\"@type\":\"WebPage\",\"@id\":\"https:\/\/thomas-ott.net\/home\/?p=285\",\"url\":\"https:\/\/thomas-ott.net\/home\/?p=285\",\"name\":\"Neuere Perspektiven zum Thema Migration - Integration - Minderheiten im Spiegel von Internetquellen | The Secret Life of Thomas Ott\",\"isPartOf\":{\"@id\":\"https:\/\/thomas-ott.net\/home\/#website\"},\"primaryImageOfPage\":{\"@id\":\"https:\/\/thomas-ott.net\/home\/?p=285#primaryimage\"},\"image\":{\"@id\":\"https:\/\/thomas-ott.net\/home\/?p=285#primaryimage\"},\"thumbnailUrl\":\"https:\/\/thomas-ott.net\/home\/wp-content\/uploads\/2011\/03\/pub_BIBpreview.jpg\",\"datePublished\":\"2011-03-17T15:24:39+00:00\",\"dateModified\":\"2018-11-24T13:07:24+00:00\",\"breadcrumb\":{\"@id\":\"https:\/\/thomas-ott.net\/home\/?p=285#breadcrumb\"},\"inLanguage\":\"de\",\"potentialAction\":[{\"@type\":\"ReadAction\",\"target\":[\"https:\/\/thomas-ott.net\/home\/?p=285\"]}]},{\"@type\":\"ImageObject\",\"inLanguage\":\"de\",\"@id\":\"https:\/\/thomas-ott.net\/home\/?p=285#primaryimage\",\"url\":\"https:\/\/thomas-ott.net\/home\/wp-content\/uploads\/2011\/03\/pub_BIBpreview.jpg\",\"contentUrl\":\"https:\/\/thomas-ott.net\/home\/wp-content\/uploads\/2011\/03\/pub_BIBpreview.jpg\",\"width\":740,\"height\":416},{\"@type\":\"BreadcrumbList\",\"@id\":\"https:\/\/thomas-ott.net\/home\/?p=285#breadcrumb\",\"itemListElement\":[{\"@type\":\"ListItem\",\"position\":1,\"name\":\"Startseite\",\"item\":\"https:\/\/thomas-ott.net\/home\/\"},{\"@type\":\"ListItem\",\"position\":2,\"name\":\"Neuere Perspektiven zum Thema Migration &#8211; Integration &#8211; Minderheiten im Spiegel von Internetquellen\"}]},{\"@type\":\"WebSite\",\"@id\":\"https:\/\/thomas-ott.net\/home\/#website\",\"url\":\"https:\/\/thomas-ott.net\/home\/\",\"name\":\"The Secret Life of Thomas Ott\",\"description\":\"Website von Dr. Thomas Ott, Weinheim\",\"publisher\":{\"@id\":\"https:\/\/thomas-ott.net\/home\/#\/schema\/person\/0a142f0a3d76fa4af0513a832379747b\"},\"potentialAction\":[{\"@type\":\"SearchAction\",\"target\":{\"@type\":\"EntryPoint\",\"urlTemplate\":\"https:\/\/thomas-ott.net\/home\/?s={search_term_string}\"},\"query-input\":{\"@type\":\"PropertyValueSpecification\",\"valueRequired\":true,\"valueName\":\"search_term_string\"}}],\"inLanguage\":\"de\"},{\"@type\":[\"Person\",\"Organization\"],\"@id\":\"https:\/\/thomas-ott.net\/home\/#\/schema\/person\/0a142f0a3d76fa4af0513a832379747b\",\"name\":\"Thomas Ott\",\"image\":{\"@type\":\"ImageObject\",\"inLanguage\":\"de\",\"@id\":\"https:\/\/thomas-ott.net\/home\/#\/schema\/person\/image\/\",\"url\":\"https:\/\/secure.gravatar.com\/avatar\/984baf04fae50a93f41615cda6dee454fdc8be653bcfd6e45a10e9f54e05505b?s=96&d=mm&r=g\",\"contentUrl\":\"https:\/\/secure.gravatar.com\/avatar\/984baf04fae50a93f41615cda6dee454fdc8be653bcfd6e45a10e9f54e05505b?s=96&d=mm&r=g\",\"caption\":\"Thomas Ott\"},\"logo\":{\"@id\":\"https:\/\/thomas-ott.net\/home\/#\/schema\/person\/image\/\"},\"sameAs\":[\"https:\/\/www.facebook.com\/oagis\",\"https:\/\/www.instagram.com\/thomas_ott_66\/\",\"https:\/\/www.linkedin.com\/in\/oagis\/\",\"https:\/\/x.com\/oagis\"]}]}<\/script>\n<!-- \/ Yoast SEO plugin. -->","yoast_head_json":{"title":"Neuere Perspektiven zum Thema Migration - Integration - Minderheiten im Spiegel von Internetquellen | The Secret Life of Thomas Ott","robots":{"index":"index","follow":"follow","max-snippet":"max-snippet:-1","max-image-preview":"max-image-preview:large","max-video-preview":"max-video-preview:-1"},"canonical":"https:\/\/thomas-ott.net\/home\/?p=285","og_locale":"de_DE","og_type":"article","og_title":"Neuere Perspektiven zum Thema Migration - Integration - Minderheiten im Spiegel von Internetquellen | The Secret Life of Thomas Ott","og_description":"OTT, Thomas \/ SWIACZNY, Frank (2001): Neuere Perspektiven zum Thema Migration &#8211; Integration &#8211; Minderheiten im Spiegel von Internetquellen. BiB-Mitteilungen\/Informationen aus dem Bundesinstitut f\u00fcr Bev\u00f6lkerungsforschung 22 (2), 20-26 Kurzfassung Das Internet bietet mittlerweile eine kaum mehr \u00fcberschaubare Informationsvielfalt. Gerade zum Themenbereich Migration, Integration und Minderheiten existieren zahlreiche\u00a0interessante Internetdienste, die von internationalen oder staatlichen Institutionen sowie...","og_url":"https:\/\/thomas-ott.net\/home\/?p=285","og_site_name":"The Secret Life of Thomas Ott","article_publisher":"https:\/\/www.facebook.com\/oagis","article_author":"https:\/\/www.facebook.com\/oagis","article_published_time":"2011-03-17T15:24:39+00:00","article_modified_time":"2018-11-24T13:07:24+00:00","og_image":[{"width":740,"height":416,"url":"https:\/\/thomas-ott.net\/home\/wp-content\/uploads\/2011\/03\/pub_BIBpreview.jpg","type":"image\/jpeg"}],"author":"Thomas Ott","twitter_card":"summary_large_image","twitter_creator":"@oagis","twitter_site":"@oagis","twitter_misc":{"Verfasst von":"Thomas Ott","Gesch\u00e4tzte Lesezeit":"1\u00a0Minute"},"schema":{"@context":"https:\/\/schema.org","@graph":[{"@type":"Article","@id":"https:\/\/thomas-ott.net\/home\/?p=285#article","isPartOf":{"@id":"https:\/\/thomas-ott.net\/home\/?p=285"},"author":{"name":"Thomas Ott","@id":"https:\/\/thomas-ott.net\/home\/#\/schema\/person\/0a142f0a3d76fa4af0513a832379747b"},"headline":"Neuere Perspektiven zum Thema Migration &#8211; Integration &#8211; Minderheiten im Spiegel von Internetquellen","datePublished":"2011-03-17T15:24:39+00:00","dateModified":"2018-11-24T13:07:24+00:00","mainEntityOfPage":{"@id":"https:\/\/thomas-ott.net\/home\/?p=285"},"wordCount":254,"commentCount":0,"publisher":{"@id":"https:\/\/thomas-ott.net\/home\/#\/schema\/person\/0a142f0a3d76fa4af0513a832379747b"},"image":{"@id":"https:\/\/thomas-ott.net\/home\/?p=285#primaryimage"},"thumbnailUrl":"https:\/\/thomas-ott.net\/home\/wp-content\/uploads\/2011\/03\/pub_BIBpreview.jpg","keywords":["Bev\u00f6lkerungsgeographie","Internet"],"articleSection":["Publikationen","Zeitschriftenbeitr\u00e4ge"],"inLanguage":"de","potentialAction":[{"@type":"CommentAction","name":"Comment","target":["https:\/\/thomas-ott.net\/home\/?p=285#respond"]}]},{"@type":"WebPage","@id":"https:\/\/thomas-ott.net\/home\/?p=285","url":"https:\/\/thomas-ott.net\/home\/?p=285","name":"Neuere Perspektiven zum Thema Migration - Integration - Minderheiten im Spiegel von Internetquellen | The Secret Life of Thomas Ott","isPartOf":{"@id":"https:\/\/thomas-ott.net\/home\/#website"},"primaryImageOfPage":{"@id":"https:\/\/thomas-ott.net\/home\/?p=285#primaryimage"},"image":{"@id":"https:\/\/thomas-ott.net\/home\/?p=285#primaryimage"},"thumbnailUrl":"https:\/\/thomas-ott.net\/home\/wp-content\/uploads\/2011\/03\/pub_BIBpreview.jpg","datePublished":"2011-03-17T15:24:39+00:00","dateModified":"2018-11-24T13:07:24+00:00","breadcrumb":{"@id":"https:\/\/thomas-ott.net\/home\/?p=285#breadcrumb"},"inLanguage":"de","potentialAction":[{"@type":"ReadAction","target":["https:\/\/thomas-ott.net\/home\/?p=285"]}]},{"@type":"ImageObject","inLanguage":"de","@id":"https:\/\/thomas-ott.net\/home\/?p=285#primaryimage","url":"https:\/\/thomas-ott.net\/home\/wp-content\/uploads\/2011\/03\/pub_BIBpreview.jpg","contentUrl":"https:\/\/thomas-ott.net\/home\/wp-content\/uploads\/2011\/03\/pub_BIBpreview.jpg","width":740,"height":416},{"@type":"BreadcrumbList","@id":"https:\/\/thomas-ott.net\/home\/?p=285#breadcrumb","itemListElement":[{"@type":"ListItem","position":1,"name":"Startseite","item":"https:\/\/thomas-ott.net\/home\/"},{"@type":"ListItem","position":2,"name":"Neuere Perspektiven zum Thema Migration &#8211; Integration &#8211; Minderheiten im Spiegel von Internetquellen"}]},{"@type":"WebSite","@id":"https:\/\/thomas-ott.net\/home\/#website","url":"https:\/\/thomas-ott.net\/home\/","name":"The Secret Life of Thomas Ott","description":"Website von Dr. Thomas Ott, Weinheim","publisher":{"@id":"https:\/\/thomas-ott.net\/home\/#\/schema\/person\/0a142f0a3d76fa4af0513a832379747b"},"potentialAction":[{"@type":"SearchAction","target":{"@type":"EntryPoint","urlTemplate":"https:\/\/thomas-ott.net\/home\/?s={search_term_string}"},"query-input":{"@type":"PropertyValueSpecification","valueRequired":true,"valueName":"search_term_string"}}],"inLanguage":"de"},{"@type":["Person","Organization"],"@id":"https:\/\/thomas-ott.net\/home\/#\/schema\/person\/0a142f0a3d76fa4af0513a832379747b","name":"Thomas Ott","image":{"@type":"ImageObject","inLanguage":"de","@id":"https:\/\/thomas-ott.net\/home\/#\/schema\/person\/image\/","url":"https:\/\/secure.gravatar.com\/avatar\/984baf04fae50a93f41615cda6dee454fdc8be653bcfd6e45a10e9f54e05505b?s=96&d=mm&r=g","contentUrl":"https:\/\/secure.gravatar.com\/avatar\/984baf04fae50a93f41615cda6dee454fdc8be653bcfd6e45a10e9f54e05505b?s=96&d=mm&r=g","caption":"Thomas Ott"},"logo":{"@id":"https:\/\/thomas-ott.net\/home\/#\/schema\/person\/image\/"},"sameAs":["https:\/\/www.facebook.com\/oagis","https:\/\/www.instagram.com\/thomas_ott_66\/","https:\/\/www.linkedin.com\/in\/oagis\/","https:\/\/x.com\/oagis"]}]}},"_links":{"self":[{"href":"https:\/\/thomas-ott.net\/home\/index.php?rest_route=\/wp\/v2\/posts\/285","targetHints":{"allow":["GET"]}}],"collection":[{"href":"https:\/\/thomas-ott.net\/home\/index.php?rest_route=\/wp\/v2\/posts"}],"about":[{"href":"https:\/\/thomas-ott.net\/home\/index.php?rest_route=\/wp\/v2\/types\/post"}],"author":[{"embeddable":true,"href":"https:\/\/thomas-ott.net\/home\/index.php?rest_route=\/wp\/v2\/users\/1"}],"replies":[{"embeddable":true,"href":"https:\/\/thomas-ott.net\/home\/index.php?rest_route=%2Fwp%2Fv2%2Fcomments&post=285"}],"version-history":[{"count":3,"href":"https:\/\/thomas-ott.net\/home\/index.php?rest_route=\/wp\/v2\/posts\/285\/revisions"}],"predecessor-version":[{"id":18443,"href":"https:\/\/thomas-ott.net\/home\/index.php?rest_route=\/wp\/v2\/posts\/285\/revisions\/18443"}],"wp:featuredmedia":[{"embeddable":true,"href":"https:\/\/thomas-ott.net\/home\/index.php?rest_route=\/wp\/v2\/media\/18441"}],"wp:attachment":[{"href":"https:\/\/thomas-ott.net\/home\/index.php?rest_route=%2Fwp%2Fv2%2Fmedia&parent=285"}],"wp:term":[{"taxonomy":"category","embeddable":true,"href":"https:\/\/thomas-ott.net\/home\/index.php?rest_route=%2Fwp%2Fv2%2Fcategories&post=285"},{"taxonomy":"post_tag","embeddable":true,"href":"https:\/\/thomas-ott.net\/home\/index.php?rest_route=%2Fwp%2Fv2%2Ftags&post=285"}],"curies":[{"name":"wp","href":"https:\/\/api.w.org\/{rel}","templated":true}]}}