{"id":204,"date":"2011-03-16T19:03:29","date_gmt":"2011-03-16T18:03:29","guid":{"rendered":"http:\/\/thomas-ott.net\/home\/?p=204"},"modified":"2018-12-11T20:12:26","modified_gmt":"2018-12-11T19:12:26","slug":"gis-in-der-anthropogeographie-regionale-disparitaten-und-stadtesystem-in-europa-diplomarbeit","status":"publish","type":"post","link":"https:\/\/thomas-ott.net\/home\/?p=204","title":{"rendered":"GIS in der Anthropogeographie: Regionale Disparit\u00e4ten und St\u00e4dtesystem in Europa (Diplomarbeit)"},"content":{"rendered":"<p>OTT, Thomas (1993): GIS in der Anthropogeographie. Regionale Disparit\u00e4ten und St\u00e4dtesystem in Europa. Materialien zur Geographie 22, Mannheim: Geographisches Institut<\/p>\n<p>&nbsp;<\/p>\n<h3>Kurzfassung<\/h3>\n<p>Mit den Begriffen &#8222;GIS&#8220; und &#8222;regionale Disparit\u00e4ten&#8220; beinhaltet der Titel der vorliegenden Arbeit zwei Reizworte der geographischen Diskussion. W\u00e4hrend Geographische Informationssysteme in Nordamerika und vielen europ\u00e4ischen Staaten l\u00e4ngst als wichtige Methode in die geographische Forschung und Lehre Eingang gefunden haben, ist ihr Einsatz in der deutschen Geographie umstritten. Zugleich distanzieren sich viele &#8222;Nichtgeographen&#8220; von den geographischen Wurzeln der GIS-Technologie, was sich beispielsweise in der verk\u00fcrzten Bezeichnung &#8222;Geo-Informationssysteme&#8220; \u00e4u\u00dfert. Von sehr wenigen Ausnahmen abgesehen liegt das Einsatzfeld Geographischer Informationssysteme bislang im Bereich der Physischen Geographie bzw. der Geo\u00f6kologie.<\/p>\n<p>Mit dem Start des Binnenmarkts am 1. Januar 1993 hat die europ\u00e4ische Integration eine neue Stufe erreicht. Die St\u00e4dte und Regionen innerhalb der Europ\u00e4ischen Gemeinschaft befinden sich dabei in einem intensiven Standortwettbewerb um die Ansiedlung zukunftsorientierter Unternehmen. Gleichzeitig haben die politischen Umw\u00e4lzungen in Osteuropa zum Wiederaufbrechen \u00fcberwunden geglaubter politischer Spannungen gef\u00fchrt. Beide Vorg\u00e4nge haben auf den ersten Blick nichts miteinander zu tun, bei n\u00e4herer Betrachtung zeigt sich jedoch, da\u00df in beiden F\u00e4llen regionale Disparit\u00e4ten eine wesentliche Rolle spielen. Regionalistische Bestrebungen (z.B. Spaltung der CSFR, Wahlerfolge der &#8222;Lega Lombarda&#8220; in Italien) haben meist wirtschaftliche Hintergr\u00fcnde, d.h. sie sind Ausdruck eines regionalen Entwicklungsgef\u00e4lles. Ebenso wird die Wettbewerbsf\u00e4higkeit der europ\u00e4ischen Regionen im Standortwettbewerb im wesentlichen durch die Ressourcenausstattung und Wirtschaftsstruktur bestimmt.<\/p>\n<p>Die vorliegende Arbeit verfolgt daher zwei Ziele:<\/p>\n<ol>\n<li>Die Einsatzm\u00f6glichkeiten Geographischer Informationssysteme zur Bearbeitung anthropogeographischer Fragestellungen sollen exemplarisch aufgezeigt werden.<\/li>\n<li>Die regionalen Disparit\u00e4ten innerhalb Europas bzw. der Europ\u00e4ischen Gemeinschaft sowie die m\u00f6glichen Ursachen und Folgen sollen beschrieben und analysiert werden.<\/li>\n<\/ol>\n<p>Der eigentlichen Arbeit vorangestellt ist ein \u00dcberblick \u00fcber die grundlegenden Prinzipien und Arbeitsweisen Geographischer Informationssysteme (Kapitel 2). Zentrales Thema ist dabei das Spannungsverh\u00e4ltnis von GIS und Geographie. Einerseits liefert die Geographie wichtige theoretische Grundlagen zur GIS-Technologie, andererseits bereichern Geographische Informationssysteme das methodische Spektrum der Geographie.<\/p>\n<p>In Kapitel 3 werden die theoretischen Grundlagen der Analyse regionaler Disparit\u00e4ten dargestellt. Neben einer \u00dcbersicht der wichtigsten regionalen Entwicklungstheorien, nimmt die Frage der Auswahl geeigneter Entwicklungsindikatoren breiten Raum ein. Es folgt eine Beschreibung des Aufbaus des Geographischen Informationssystems EU-REGIS, das als Grundlage der vorliegenden Untersuchung diente. Zudem werden die verwendeten Datenquellen, die r\u00e4umliche Bezugsebene der Daten und die ausgew\u00e4hlten Indikatoren kritisch diskutiert. Die Rahmenbedingungen der r\u00e4umlichen Entwicklung in Europa sind Gegenstand der Betrachtungen im vierten Kapitel. Neben den wichtigsten \u00f6konomischen und gesellschaftlichen Entwicklungstrends, werden die wirtschaftlichen und r\u00e4umlichen Folgen des europ\u00e4ischen Einigungsprozesses er\u00f6rtert. Der f\u00fcnfte Abschnitt besch\u00e4ftigt sich mit bev\u00f6lkerungsgeographischen Fragestellungen. Dabei stehen Fragen der Bev\u00f6lkerungsverteilung bzw. Bev\u00f6lkerungsdichte sowie das europ\u00e4ische St\u00e4dtesystem und die Frage nach der Attraktivit\u00e4t und den Problemen der Verdichtungsr\u00e4ume im Vordergrund. Der Schwerpunkt der Untersuchung liegt in Kapitel 6, das sich mit den wirtschaftlichen Entwicklungsunterschieden und den daf\u00fcr verantwortlichen Prozessen und Strukturen befa\u00dft. Nach einer Analyse der wirtschaftlichen Leistungskraft der Regionen erfolgt eine sektorale Betrachtung, wobei der Versuch unternommen wird, die Regionen der EG nach dem vorherrschenden Wirtschaftssektor zu typisieren. Ein wichtiger Indikator wirtschaftlicher Anpassungs- und Strukturprobleme ist die Arbeitslosigkeit, deren regionale Schwankungen ebenfalls beleuchtet werden sollen. Abschlie\u00dfend werden mit den Themenkomplexen &#8222;Infrastruktur&#8220; und &#8222;Technologiepolitik&#8220; zwei zentrale Engpa\u00dffaktoren der Regionalentwicklung diskutiert. Kapitel 7 besch\u00e4ftigt sich mit den Lebensbedingungen der Bev\u00f6lkerung in den europ\u00e4ischen Regionen. Anhand ausgew\u00e4hlter Indikatoren zum Lebensstandard, zur medizinischen Versorgung und zur Umweltbelastung werden Fragen der Lebensqualit\u00e4t thematisiert. Im achten Kapitel wird der Versuch unternommen, einen m\u00f6glichen Zusammenhang zwischen Naturraumpotential und wirtschaftlichem Entwicklungsstand der Regionen nachzuweisen. Die Kapitel 9 und 10 runden mit einer Betrachtung der europ\u00e4ischen Raumordnungs- und Regionalpolitik bzw. den m\u00f6glichen Folgen zuk\u00fcnftiger EG-Erweiterungen die Arbeit ab. In der Schlu\u00dfbetrachtung (Kapitel 11) werden die gewonnenen Erkenntnisse in einer Synthese zusammengefa\u00dft. In einem Fazit aus methodischer Sicht sollen abschlie\u00dfend die Vor- und Nachteile des GIS-Einsatzes gegen\u00fcbergestellt und bewertet werden. Der Arbeit angef\u00fcgt sind zwei Tabellen mit den wichtigsten Kennziffern der europ\u00e4ischen Regionen und Agglomerationen.<\/p>\n<h3>Volltext<\/h3>\n<div class=\"issuuembed\" style=\"width: 450px; height: 318px;\" data-configid=\"2641640\/65818600\"><\/div>\n<p><script type=\"text\/javascript\" src=\"\/\/e.issuu.com\/embed.js\" async=\"true\"><\/script><\/p>\n","protected":false},"excerpt":{"rendered":"<p>OTT, Thomas (1993): GIS in der Anthropogeographie. Regionale Disparit\u00e4ten und St\u00e4dtesystem in Europa. Materialien zur Geographie 22, Mannheim: Geographisches Institut &nbsp; Kurzfassung Mit den Begriffen &#8222;GIS&#8220; und &#8222;regionale Disparit\u00e4ten&#8220; beinhaltet der Titel der vorliegenden Arbeit zwei Reizworte der geographischen Diskussion. W\u00e4hrend Geographische Informationssysteme in Nordamerika und vielen europ\u00e4ischen Staaten l\u00e4ngst als wichtige Methode in die&#8230;<\/p>\n","protected":false},"author":1,"featured_media":18413,"comment_status":"open","ping_status":"open","sticky":false,"template":"","format":"standard","meta":{"_acf_changed":false,"footnotes":""},"categories":[21,245,15,398],"tags":[60,59,58,53,414,413],"class_list":["post-204","post","type-post","status-publish","format-standard","has-post-thumbnail","hentry","category-biographie","category-buecher","category-publikationen","category-litregdispeu","tag-atlasgis","tag-eu","tag-europa","tag-gis","tag-regionale-disparitaeten","tag-regionalpolitik"],"acf":[],"yoast_head":"<!-- This site is optimized with the Yoast SEO plugin v27.1.1 - https:\/\/yoast.com\/product\/yoast-seo-wordpress\/ -->\n<title>GIS in der Anthropogeographie: Regionale Disparit\u00e4ten und St\u00e4dtesystem in Europa (Diplomarbeit) | The Secret Life of Thomas Ott<\/title>\n<meta name=\"robots\" content=\"index, follow, max-snippet:-1, max-image-preview:large, max-video-preview:-1\" \/>\n<link rel=\"canonical\" href=\"https:\/\/thomas-ott.net\/home\/?p=204\" \/>\n<meta property=\"og:locale\" content=\"de_DE\" \/>\n<meta property=\"og:type\" content=\"article\" \/>\n<meta property=\"og:title\" content=\"GIS in der Anthropogeographie: Regionale Disparit\u00e4ten und St\u00e4dtesystem in Europa (Diplomarbeit) | The Secret Life of Thomas Ott\" \/>\n<meta property=\"og:description\" content=\"OTT, Thomas (1993): GIS in der Anthropogeographie. Regionale Disparit\u00e4ten und St\u00e4dtesystem in Europa. Materialien zur Geographie 22, Mannheim: Geographisches Institut &nbsp; Kurzfassung Mit den Begriffen &#8222;GIS&#8220; und &#8222;regionale Disparit\u00e4ten&#8220; beinhaltet der Titel der vorliegenden Arbeit zwei Reizworte der geographischen Diskussion. W\u00e4hrend Geographische Informationssysteme in Nordamerika und vielen europ\u00e4ischen Staaten l\u00e4ngst als wichtige Methode in die...\" \/>\n<meta property=\"og:url\" content=\"https:\/\/thomas-ott.net\/home\/?p=204\" \/>\n<meta property=\"og:site_name\" content=\"The Secret Life of Thomas Ott\" \/>\n<meta property=\"article:publisher\" content=\"https:\/\/www.facebook.com\/oagis\" \/>\n<meta property=\"article:author\" content=\"https:\/\/www.facebook.com\/oagis\" \/>\n<meta property=\"article:published_time\" content=\"2011-03-16T18:03:29+00:00\" \/>\n<meta property=\"article:modified_time\" content=\"2018-12-11T19:12:26+00:00\" \/>\n<meta property=\"og:image\" content=\"https:\/\/thomas-ott.net\/home\/wp-content\/uploads\/2018\/11\/MZG22.jpg\" \/>\n\t<meta property=\"og:image:width\" content=\"740\" \/>\n\t<meta property=\"og:image:height\" content=\"416\" \/>\n\t<meta property=\"og:image:type\" content=\"image\/jpeg\" \/>\n<meta name=\"author\" content=\"Thomas Ott\" \/>\n<meta name=\"twitter:card\" content=\"summary_large_image\" \/>\n<meta name=\"twitter:creator\" content=\"@oagis\" \/>\n<meta name=\"twitter:site\" content=\"@oagis\" \/>\n<meta name=\"twitter:label1\" content=\"Verfasst von\" \/>\n\t<meta name=\"twitter:data1\" content=\"Thomas Ott\" \/>\n\t<meta name=\"twitter:label2\" content=\"Gesch\u00e4tzte Lesezeit\" \/>\n\t<meta name=\"twitter:data2\" content=\"3\u00a0Minuten\" \/>\n<script type=\"application\/ld+json\" class=\"yoast-schema-graph\">{\"@context\":\"https:\/\/schema.org\",\"@graph\":[{\"@type\":\"Article\",\"@id\":\"https:\/\/thomas-ott.net\/home\/?p=204#article\",\"isPartOf\":{\"@id\":\"https:\/\/thomas-ott.net\/home\/?p=204\"},\"author\":{\"name\":\"Thomas Ott\",\"@id\":\"https:\/\/thomas-ott.net\/home\/#\/schema\/person\/0a142f0a3d76fa4af0513a832379747b\"},\"headline\":\"GIS in der Anthropogeographie: Regionale Disparit\u00e4ten und St\u00e4dtesystem in Europa (Diplomarbeit)\",\"datePublished\":\"2011-03-16T18:03:29+00:00\",\"dateModified\":\"2018-12-11T19:12:26+00:00\",\"mainEntityOfPage\":{\"@id\":\"https:\/\/thomas-ott.net\/home\/?p=204\"},\"wordCount\":699,\"commentCount\":1,\"publisher\":{\"@id\":\"https:\/\/thomas-ott.net\/home\/#\/schema\/person\/0a142f0a3d76fa4af0513a832379747b\"},\"image\":{\"@id\":\"https:\/\/thomas-ott.net\/home\/?p=204#primaryimage\"},\"thumbnailUrl\":\"https:\/\/thomas-ott.net\/home\/wp-content\/uploads\/2018\/11\/MZG22.jpg\",\"keywords\":[\"AtlasGIS\",\"EU\",\"Europa\",\"GIS\",\"Regionale Disparit\u00e4ten\",\"Regionalpolitik\"],\"articleSection\":[\"Biographie\",\"B\u00fccher\",\"Publikationen\",\"RegDispEU\"],\"inLanguage\":\"de\",\"potentialAction\":[{\"@type\":\"CommentAction\",\"name\":\"Comment\",\"target\":[\"https:\/\/thomas-ott.net\/home\/?p=204#respond\"]}]},{\"@type\":\"WebPage\",\"@id\":\"https:\/\/thomas-ott.net\/home\/?p=204\",\"url\":\"https:\/\/thomas-ott.net\/home\/?p=204\",\"name\":\"GIS in der Anthropogeographie: Regionale Disparit\u00e4ten und St\u00e4dtesystem in Europa (Diplomarbeit) | The Secret Life of Thomas Ott\",\"isPartOf\":{\"@id\":\"https:\/\/thomas-ott.net\/home\/#website\"},\"primaryImageOfPage\":{\"@id\":\"https:\/\/thomas-ott.net\/home\/?p=204#primaryimage\"},\"image\":{\"@id\":\"https:\/\/thomas-ott.net\/home\/?p=204#primaryimage\"},\"thumbnailUrl\":\"https:\/\/thomas-ott.net\/home\/wp-content\/uploads\/2018\/11\/MZG22.jpg\",\"datePublished\":\"2011-03-16T18:03:29+00:00\",\"dateModified\":\"2018-12-11T19:12:26+00:00\",\"breadcrumb\":{\"@id\":\"https:\/\/thomas-ott.net\/home\/?p=204#breadcrumb\"},\"inLanguage\":\"de\",\"potentialAction\":[{\"@type\":\"ReadAction\",\"target\":[\"https:\/\/thomas-ott.net\/home\/?p=204\"]}]},{\"@type\":\"ImageObject\",\"inLanguage\":\"de\",\"@id\":\"https:\/\/thomas-ott.net\/home\/?p=204#primaryimage\",\"url\":\"https:\/\/thomas-ott.net\/home\/wp-content\/uploads\/2018\/11\/MZG22.jpg\",\"contentUrl\":\"https:\/\/thomas-ott.net\/home\/wp-content\/uploads\/2018\/11\/MZG22.jpg\",\"width\":740,\"height\":416},{\"@type\":\"BreadcrumbList\",\"@id\":\"https:\/\/thomas-ott.net\/home\/?p=204#breadcrumb\",\"itemListElement\":[{\"@type\":\"ListItem\",\"position\":1,\"name\":\"Startseite\",\"item\":\"https:\/\/thomas-ott.net\/home\/\"},{\"@type\":\"ListItem\",\"position\":2,\"name\":\"GIS in der Anthropogeographie: Regionale Disparit\u00e4ten und St\u00e4dtesystem in Europa (Diplomarbeit)\"}]},{\"@type\":\"WebSite\",\"@id\":\"https:\/\/thomas-ott.net\/home\/#website\",\"url\":\"https:\/\/thomas-ott.net\/home\/\",\"name\":\"The Secret Life of Thomas Ott\",\"description\":\"Website von Dr. Thomas Ott, Weinheim\",\"publisher\":{\"@id\":\"https:\/\/thomas-ott.net\/home\/#\/schema\/person\/0a142f0a3d76fa4af0513a832379747b\"},\"potentialAction\":[{\"@type\":\"SearchAction\",\"target\":{\"@type\":\"EntryPoint\",\"urlTemplate\":\"https:\/\/thomas-ott.net\/home\/?s={search_term_string}\"},\"query-input\":{\"@type\":\"PropertyValueSpecification\",\"valueRequired\":true,\"valueName\":\"search_term_string\"}}],\"inLanguage\":\"de\"},{\"@type\":[\"Person\",\"Organization\"],\"@id\":\"https:\/\/thomas-ott.net\/home\/#\/schema\/person\/0a142f0a3d76fa4af0513a832379747b\",\"name\":\"Thomas Ott\",\"image\":{\"@type\":\"ImageObject\",\"inLanguage\":\"de\",\"@id\":\"https:\/\/thomas-ott.net\/home\/#\/schema\/person\/image\/\",\"url\":\"https:\/\/secure.gravatar.com\/avatar\/984baf04fae50a93f41615cda6dee454fdc8be653bcfd6e45a10e9f54e05505b?s=96&d=mm&r=g\",\"contentUrl\":\"https:\/\/secure.gravatar.com\/avatar\/984baf04fae50a93f41615cda6dee454fdc8be653bcfd6e45a10e9f54e05505b?s=96&d=mm&r=g\",\"caption\":\"Thomas Ott\"},\"logo\":{\"@id\":\"https:\/\/thomas-ott.net\/home\/#\/schema\/person\/image\/\"},\"sameAs\":[\"https:\/\/www.facebook.com\/oagis\",\"https:\/\/www.instagram.com\/thomas_ott_66\/\",\"https:\/\/www.linkedin.com\/in\/oagis\/\",\"https:\/\/x.com\/oagis\"]}]}<\/script>\n<!-- \/ Yoast SEO plugin. -->","yoast_head_json":{"title":"GIS in der Anthropogeographie: Regionale Disparit\u00e4ten und St\u00e4dtesystem in Europa (Diplomarbeit) | The Secret Life of Thomas Ott","robots":{"index":"index","follow":"follow","max-snippet":"max-snippet:-1","max-image-preview":"max-image-preview:large","max-video-preview":"max-video-preview:-1"},"canonical":"https:\/\/thomas-ott.net\/home\/?p=204","og_locale":"de_DE","og_type":"article","og_title":"GIS in der Anthropogeographie: Regionale Disparit\u00e4ten und St\u00e4dtesystem in Europa (Diplomarbeit) | The Secret Life of Thomas Ott","og_description":"OTT, Thomas (1993): GIS in der Anthropogeographie. Regionale Disparit\u00e4ten und St\u00e4dtesystem in Europa. Materialien zur Geographie 22, Mannheim: Geographisches Institut &nbsp; Kurzfassung Mit den Begriffen &#8222;GIS&#8220; und &#8222;regionale Disparit\u00e4ten&#8220; beinhaltet der Titel der vorliegenden Arbeit zwei Reizworte der geographischen Diskussion. W\u00e4hrend Geographische Informationssysteme in Nordamerika und vielen europ\u00e4ischen Staaten l\u00e4ngst als wichtige Methode in die...","og_url":"https:\/\/thomas-ott.net\/home\/?p=204","og_site_name":"The Secret Life of Thomas Ott","article_publisher":"https:\/\/www.facebook.com\/oagis","article_author":"https:\/\/www.facebook.com\/oagis","article_published_time":"2011-03-16T18:03:29+00:00","article_modified_time":"2018-12-11T19:12:26+00:00","og_image":[{"width":740,"height":416,"url":"https:\/\/thomas-ott.net\/home\/wp-content\/uploads\/2018\/11\/MZG22.jpg","type":"image\/jpeg"}],"author":"Thomas Ott","twitter_card":"summary_large_image","twitter_creator":"@oagis","twitter_site":"@oagis","twitter_misc":{"Verfasst von":"Thomas Ott","Gesch\u00e4tzte Lesezeit":"3\u00a0Minuten"},"schema":{"@context":"https:\/\/schema.org","@graph":[{"@type":"Article","@id":"https:\/\/thomas-ott.net\/home\/?p=204#article","isPartOf":{"@id":"https:\/\/thomas-ott.net\/home\/?p=204"},"author":{"name":"Thomas Ott","@id":"https:\/\/thomas-ott.net\/home\/#\/schema\/person\/0a142f0a3d76fa4af0513a832379747b"},"headline":"GIS in der Anthropogeographie: Regionale Disparit\u00e4ten und St\u00e4dtesystem in Europa (Diplomarbeit)","datePublished":"2011-03-16T18:03:29+00:00","dateModified":"2018-12-11T19:12:26+00:00","mainEntityOfPage":{"@id":"https:\/\/thomas-ott.net\/home\/?p=204"},"wordCount":699,"commentCount":1,"publisher":{"@id":"https:\/\/thomas-ott.net\/home\/#\/schema\/person\/0a142f0a3d76fa4af0513a832379747b"},"image":{"@id":"https:\/\/thomas-ott.net\/home\/?p=204#primaryimage"},"thumbnailUrl":"https:\/\/thomas-ott.net\/home\/wp-content\/uploads\/2018\/11\/MZG22.jpg","keywords":["AtlasGIS","EU","Europa","GIS","Regionale Disparit\u00e4ten","Regionalpolitik"],"articleSection":["Biographie","B\u00fccher","Publikationen","RegDispEU"],"inLanguage":"de","potentialAction":[{"@type":"CommentAction","name":"Comment","target":["https:\/\/thomas-ott.net\/home\/?p=204#respond"]}]},{"@type":"WebPage","@id":"https:\/\/thomas-ott.net\/home\/?p=204","url":"https:\/\/thomas-ott.net\/home\/?p=204","name":"GIS in der Anthropogeographie: Regionale Disparit\u00e4ten und St\u00e4dtesystem in Europa (Diplomarbeit) | The Secret Life of Thomas Ott","isPartOf":{"@id":"https:\/\/thomas-ott.net\/home\/#website"},"primaryImageOfPage":{"@id":"https:\/\/thomas-ott.net\/home\/?p=204#primaryimage"},"image":{"@id":"https:\/\/thomas-ott.net\/home\/?p=204#primaryimage"},"thumbnailUrl":"https:\/\/thomas-ott.net\/home\/wp-content\/uploads\/2018\/11\/MZG22.jpg","datePublished":"2011-03-16T18:03:29+00:00","dateModified":"2018-12-11T19:12:26+00:00","breadcrumb":{"@id":"https:\/\/thomas-ott.net\/home\/?p=204#breadcrumb"},"inLanguage":"de","potentialAction":[{"@type":"ReadAction","target":["https:\/\/thomas-ott.net\/home\/?p=204"]}]},{"@type":"ImageObject","inLanguage":"de","@id":"https:\/\/thomas-ott.net\/home\/?p=204#primaryimage","url":"https:\/\/thomas-ott.net\/home\/wp-content\/uploads\/2018\/11\/MZG22.jpg","contentUrl":"https:\/\/thomas-ott.net\/home\/wp-content\/uploads\/2018\/11\/MZG22.jpg","width":740,"height":416},{"@type":"BreadcrumbList","@id":"https:\/\/thomas-ott.net\/home\/?p=204#breadcrumb","itemListElement":[{"@type":"ListItem","position":1,"name":"Startseite","item":"https:\/\/thomas-ott.net\/home\/"},{"@type":"ListItem","position":2,"name":"GIS in der Anthropogeographie: Regionale Disparit\u00e4ten und St\u00e4dtesystem in Europa (Diplomarbeit)"}]},{"@type":"WebSite","@id":"https:\/\/thomas-ott.net\/home\/#website","url":"https:\/\/thomas-ott.net\/home\/","name":"The Secret Life of Thomas Ott","description":"Website von Dr. Thomas Ott, Weinheim","publisher":{"@id":"https:\/\/thomas-ott.net\/home\/#\/schema\/person\/0a142f0a3d76fa4af0513a832379747b"},"potentialAction":[{"@type":"SearchAction","target":{"@type":"EntryPoint","urlTemplate":"https:\/\/thomas-ott.net\/home\/?s={search_term_string}"},"query-input":{"@type":"PropertyValueSpecification","valueRequired":true,"valueName":"search_term_string"}}],"inLanguage":"de"},{"@type":["Person","Organization"],"@id":"https:\/\/thomas-ott.net\/home\/#\/schema\/person\/0a142f0a3d76fa4af0513a832379747b","name":"Thomas Ott","image":{"@type":"ImageObject","inLanguage":"de","@id":"https:\/\/thomas-ott.net\/home\/#\/schema\/person\/image\/","url":"https:\/\/secure.gravatar.com\/avatar\/984baf04fae50a93f41615cda6dee454fdc8be653bcfd6e45a10e9f54e05505b?s=96&d=mm&r=g","contentUrl":"https:\/\/secure.gravatar.com\/avatar\/984baf04fae50a93f41615cda6dee454fdc8be653bcfd6e45a10e9f54e05505b?s=96&d=mm&r=g","caption":"Thomas Ott"},"logo":{"@id":"https:\/\/thomas-ott.net\/home\/#\/schema\/person\/image\/"},"sameAs":["https:\/\/www.facebook.com\/oagis","https:\/\/www.instagram.com\/thomas_ott_66\/","https:\/\/www.linkedin.com\/in\/oagis\/","https:\/\/x.com\/oagis"]}]}},"_links":{"self":[{"href":"https:\/\/thomas-ott.net\/home\/index.php?rest_route=\/wp\/v2\/posts\/204","targetHints":{"allow":["GET"]}}],"collection":[{"href":"https:\/\/thomas-ott.net\/home\/index.php?rest_route=\/wp\/v2\/posts"}],"about":[{"href":"https:\/\/thomas-ott.net\/home\/index.php?rest_route=\/wp\/v2\/types\/post"}],"author":[{"embeddable":true,"href":"https:\/\/thomas-ott.net\/home\/index.php?rest_route=\/wp\/v2\/users\/1"}],"replies":[{"embeddable":true,"href":"https:\/\/thomas-ott.net\/home\/index.php?rest_route=%2Fwp%2Fv2%2Fcomments&post=204"}],"version-history":[{"count":13,"href":"https:\/\/thomas-ott.net\/home\/index.php?rest_route=\/wp\/v2\/posts\/204\/revisions"}],"predecessor-version":[{"id":18633,"href":"https:\/\/thomas-ott.net\/home\/index.php?rest_route=\/wp\/v2\/posts\/204\/revisions\/18633"}],"wp:featuredmedia":[{"embeddable":true,"href":"https:\/\/thomas-ott.net\/home\/index.php?rest_route=\/wp\/v2\/media\/18413"}],"wp:attachment":[{"href":"https:\/\/thomas-ott.net\/home\/index.php?rest_route=%2Fwp%2Fv2%2Fmedia&parent=204"}],"wp:term":[{"taxonomy":"category","embeddable":true,"href":"https:\/\/thomas-ott.net\/home\/index.php?rest_route=%2Fwp%2Fv2%2Fcategories&post=204"},{"taxonomy":"post_tag","embeddable":true,"href":"https:\/\/thomas-ott.net\/home\/index.php?rest_route=%2Fwp%2Fv2%2Ftags&post=204"}],"curies":[{"name":"wp","href":"https:\/\/api.w.org\/{rel}","templated":true}]}}