{"id":20264,"date":"2025-05-15T17:04:04","date_gmt":"2025-05-15T15:04:04","guid":{"rendered":"https:\/\/thomas-ott.net\/home\/?p=20264"},"modified":"2025-05-19T11:40:18","modified_gmt":"2025-05-19T09:40:18","slug":"von-der-pfalzgrafschaft-bei-rhein-zur-metropolregion-rhein-neckar-gedanken-zur-politischen-geographie-der-kurpfalz","status":"publish","type":"post","link":"https:\/\/thomas-ott.net\/home\/?p=20264","title":{"rendered":"Von der Pfalzgrafschaft bei Rhein zur Metropolregion Rhein-Neckar &#8211; Gedanken zur politischen Geographie der Kurpfalz"},"content":{"rendered":"<p>Vortrag im Rahmen der Ringvorlesung \u201eKurpfalz\u201c, Volkshochschule Weinheim, 14. Mai 2025, Weinheim<\/p>\n<h3>Kurzfassung<\/h3>\n<p>Der Vortrag betrachtet den Rhein-Neckar-Raum aus geographischer Sicht und gibt einen kurzen historischen \u00dcberblick \u00fcber die territoriale Entwicklung von der historischen Kurpfalz zur heutigen Metropolregion Rhein-Neckar, die in diesem Jahr ihr 20j\u00e4hriges Jubil\u00e4um feiert. Schwerpunkt ist die Entwicklung seit dem Ende des 2. Weltkriegs. Ausgehend von den verschiedenen Ans\u00e4tzen zur Neugliederung des Bundesgebietes bzw. der Bundesl\u00e4nder wird erl\u00e4utert, welche Zwischenschritte zur heutigen Organisation der Raumplanung und Regionalentwicklung gef\u00fchrt und welche Akteure diese Entwicklung gepr\u00e4gt haben. Weiterhin wird die gegenw\u00e4rtige raum- und regionalplanerische Arbeit des Verbands Metropolregion Rhein-Neckar erl\u00e4utert, die vielen Menschen unbekannt sein d\u00fcrfte, obwohl sie das t\u00e4gliche Leben in unserer Region ma\u00dfgeblich mitbestimmt.<\/p>\n<h3>Vortragsfolien<\/h3>\n<p><iframe loading=\"lazy\" style=\"border: 1px solid #CCC; border-width: 1px; margin-bottom: 5px; max-width: 100%;\" src=\"https:\/\/www.slideshare.net\/slideshow\/embed_code\/key\/108FcQwCz3dDcR?startSlide=1\" width=\"597\" height=\"486\" frameborder=\"0\" marginwidth=\"0\" marginheight=\"0\" scrolling=\"no\" allowfullscreen=\"allowfullscreen\"><\/iframe><\/p>\n<div style=\"margin-bottom: 5px;\"><strong> <a title=\"Von der Pfalzgrafschaft bei Rhein zur Metropolregion Rhein-Neckar\" href=\"https:\/\/de.slideshare.net\/slideshow\/von-der-pfalzgrafschaft-bei-rhein-zur-metropolregion-rhein-neckar\/279155452\" target=\"_blank\" rel=\"noopener\">Von der Pfalzgrafschaft bei Rhein zur Metropolregion Rhein-Neckar<\/a> <\/strong> from <strong> <a href=\"https:\/\/de.slideshare.net\/oagis\" target=\"_blank\" rel=\"noopener\">Dr. Thomas Ott<\/a> <\/strong><\/div>\n<h3>Literatur<\/h3>\n<ul>\n<li>BECKER-MARX, K. (1981): \u00dcberwindung der Landesgrenzen durch interkommunale Kooperation. Die Entstehung des Raumordnungsverbandes Rhein-Neckar. In: D\u00d6RRER, I. (Hg.): Mannheim und der Rhein-Neckar-Raum. Festschrift zum 43. Deutschen Geographentag in Mannheim 1981. Mannheimer Geographische Arbeiten 10, Mannheim, 253-269<\/li>\n<li>BECKER-Marx, K. \/ SCHMITZ, G. \/ FISCHER, K. (1999): Aufbau einer Region &#8211; Raumordnung an Rhein und Neckar, Schwetzungen<\/li>\n<li>HOFFEND, A. (2005): Politik ohne Grenzen. Hermann Heimerich, Motor und Mentor der Metropolregion Rhein-Neckar, Weinheim<\/li>\n<li>Kommunale Arbeitsgemeinschaft\u00a0 Rhein-Neckar (1962): Regionaler Raumordnungsplan Rhein-Neckar, Mannheim<\/li>\n<li>KRAUSS, M. (2011): Wachstum und Verflechtung &#8211; Aspekte der demographischen, wirtschaftlichen und politischen Entwicklung im Rhein-Neckar-Raum (1870-1970). In: KRAUSS, M.\/NIESS, U. (Hg.): Stadt, Land, Heimat. Beitr\u00e4ge zur Geschichte der Metropolregion Rhein-Neckar im Industriezeitalter, Ubstadt-Weiher, 11-24<\/li>\n<li>LESER, H. (1984): Geographisch-landeskundliche Erl\u00e4uterungen der Topographischen Karte 1: 100000 des Raumordnungsverbandes Rhein-Neckar. Forschungen zur Deutschen Landeskunde 221, Trier<\/li>\n<li>MATZ, K.-J. (1997): Der Rhein-Neckar-Raum in der deutschen Neugliederungsdiskussion seit 1919. In: SCHWEIKERT, A. (Hg.): Kurpfalz. Schriften zur politischen Landeskunde Baden-W\u00fcrttembergs 25, Stuttgart, 240-257<\/li>\n<li>Raumordnungsverband Rhein-Neckar (1991): Kurt Becker-Marx &#8211; Themen. Festgabe zum 70. Geburtstag, Mannheim<\/li>\n<li>RESCHKE, H. (1981): Der Rhein-Neckar-Raum und der F\u00f6deralismus. In: D\u00d6RRER, I. (Hg.): Mannheim und der Rhein-Neckar-Raum. Festschrift zum 43. Deutschen Geographentag in Mannheim 1981. Mannheimer Geographische Arbeiten 10, Mannheim, 245-251<\/li>\n<li>SAILER-FLIEGE, U. (1997): Natur- und Wirtschaftsraum. In: SCHWEIKERT, A. (Hg.): Kurpfalz. Schriften zur politischen Landeskunde Baden-W\u00fcrttembergs 25, Stuttgart, 120-140<\/li>\n<li>SCHAAB, M. (1972): Die territoriale Entwicklung der Kurpfalz von 1156 bis 1792. Historischer Atlas von Baden-W\u00fcrttemberg. Stuttgart, Lfg. 1, Kt. 6.3<\/li>\n<li>SCH\u00c4CHTER, T. (2010): Die Metropolregion Rhein-Neckar. Modellregion f\u00fcr kooperativen F\u00f6deralismus. Von der Utopie zur Realit\u00e4t, Weinheim<\/li>\n<li>SCHMITZ, G. (1981): Planungs- und Entwicklungsziele f\u00fcr den Rhein-Neckar-Raum. In: D\u00d6RRER, I. (Hg.): Mannheim und der Rhein-Neckar-Raum. Festschrift zum 43. Deutschen Geographentag in Mannheim 1981. Mannheimer Geographische Arbeiten 10, Mannheim, 271-286<\/li>\n<li>Verkehrsverbund Rhein-Neckar (Hg.) (2004): An einem Strang. Eisenbahngeschichte im Rhein-Neckar-Dreieck, Mannheim<\/li>\n<\/ul>\n<p>&nbsp;<\/p>\n","protected":false},"excerpt":{"rendered":"<p>Vortrag im Rahmen der Ringvorlesung \u201eKurpfalz\u201c, Volkshochschule Weinheim, 14. Mai 2025, Weinheim Kurzfassung Der Vortrag betrachtet den Rhein-Neckar-Raum aus geographischer Sicht und gibt einen kurzen historischen \u00dcberblick \u00fcber die territoriale Entwicklung von der historischen Kurpfalz zur heutigen Metropolregion Rhein-Neckar, die in diesem Jahr ihr 20j\u00e4hriges Jubil\u00e4um feiert. Schwerpunkt ist die Entwicklung seit dem Ende des&#8230;<\/p>\n","protected":false},"author":1,"featured_media":20266,"comment_status":"open","ping_status":"open","sticky":false,"template":"","format":"standard","meta":{"_acf_changed":false,"footnotes":""},"categories":[408],"tags":[485,47,26],"class_list":["post-20264","post","type-post","status-publish","format-standard","has-post-thumbnail","hentry","category-vortraege","tag-kurpfalz","tag-metropolregion-rhein-neckar","tag-rhein-neckar"],"acf":[],"yoast_head":"<!-- This site is optimized with the Yoast SEO plugin v27.1.1 - https:\/\/yoast.com\/product\/yoast-seo-wordpress\/ -->\n<title>Von der Pfalzgrafschaft bei Rhein zur Metropolregion Rhein-Neckar - Gedanken zur politischen Geographie der Kurpfalz | The Secret Life of Thomas Ott<\/title>\n<meta name=\"robots\" content=\"index, follow, max-snippet:-1, max-image-preview:large, max-video-preview:-1\" \/>\n<link rel=\"canonical\" href=\"https:\/\/thomas-ott.net\/home\/?p=20264\" \/>\n<meta property=\"og:locale\" content=\"de_DE\" \/>\n<meta property=\"og:type\" content=\"article\" \/>\n<meta property=\"og:title\" content=\"Von der Pfalzgrafschaft bei Rhein zur Metropolregion Rhein-Neckar - Gedanken zur politischen Geographie der Kurpfalz | The Secret Life of Thomas Ott\" \/>\n<meta property=\"og:description\" content=\"Vortrag im Rahmen der Ringvorlesung \u201eKurpfalz\u201c, Volkshochschule Weinheim, 14. Mai 2025, Weinheim Kurzfassung Der Vortrag betrachtet den Rhein-Neckar-Raum aus geographischer Sicht und gibt einen kurzen historischen \u00dcberblick \u00fcber die territoriale Entwicklung von der historischen Kurpfalz zur heutigen Metropolregion Rhein-Neckar, die in diesem Jahr ihr 20j\u00e4hriges Jubil\u00e4um feiert. Schwerpunkt ist die Entwicklung seit dem Ende des...\" \/>\n<meta property=\"og:url\" content=\"https:\/\/thomas-ott.net\/home\/?p=20264\" \/>\n<meta property=\"og:site_name\" content=\"The Secret Life of Thomas Ott\" \/>\n<meta property=\"article:publisher\" content=\"https:\/\/www.facebook.com\/oagis\" \/>\n<meta property=\"article:author\" content=\"https:\/\/www.facebook.com\/oagis\" \/>\n<meta property=\"article:published_time\" content=\"2025-05-15T15:04:04+00:00\" \/>\n<meta property=\"article:modified_time\" content=\"2025-05-19T09:40:18+00:00\" \/>\n<meta property=\"og:image\" content=\"https:\/\/thomas-ott.net\/home\/wp-content\/uploads\/2025\/05\/30557442260-1.jpg\" \/>\n\t<meta property=\"og:image:width\" content=\"785\" \/>\n\t<meta property=\"og:image:height\" content=\"1154\" \/>\n\t<meta property=\"og:image:type\" content=\"image\/jpeg\" \/>\n<meta name=\"author\" content=\"Thomas Ott\" \/>\n<meta name=\"twitter:card\" content=\"summary_large_image\" \/>\n<meta name=\"twitter:creator\" content=\"@oagis\" \/>\n<meta name=\"twitter:site\" content=\"@oagis\" \/>\n<meta name=\"twitter:label1\" content=\"Verfasst von\" \/>\n\t<meta name=\"twitter:data1\" content=\"Thomas Ott\" \/>\n\t<meta name=\"twitter:label2\" content=\"Gesch\u00e4tzte Lesezeit\" \/>\n\t<meta name=\"twitter:data2\" content=\"3\u00a0Minuten\" \/>\n<script type=\"application\/ld+json\" class=\"yoast-schema-graph\">{\"@context\":\"https:\/\/schema.org\",\"@graph\":[{\"@type\":\"Article\",\"@id\":\"https:\/\/thomas-ott.net\/home\/?p=20264#article\",\"isPartOf\":{\"@id\":\"https:\/\/thomas-ott.net\/home\/?p=20264\"},\"author\":{\"name\":\"Thomas Ott\",\"@id\":\"https:\/\/thomas-ott.net\/home\/#\/schema\/person\/0a142f0a3d76fa4af0513a832379747b\"},\"headline\":\"Von der Pfalzgrafschaft bei Rhein zur Metropolregion Rhein-Neckar &#8211; Gedanken zur politischen Geographie der Kurpfalz\",\"datePublished\":\"2025-05-15T15:04:04+00:00\",\"dateModified\":\"2025-05-19T09:40:18+00:00\",\"mainEntityOfPage\":{\"@id\":\"https:\/\/thomas-ott.net\/home\/?p=20264\"},\"wordCount\":432,\"commentCount\":0,\"publisher\":{\"@id\":\"https:\/\/thomas-ott.net\/home\/#\/schema\/person\/0a142f0a3d76fa4af0513a832379747b\"},\"image\":{\"@id\":\"https:\/\/thomas-ott.net\/home\/?p=20264#primaryimage\"},\"thumbnailUrl\":\"https:\/\/thomas-ott.net\/home\/wp-content\/uploads\/2025\/05\/30557442260-1.jpg\",\"keywords\":[\"Kurpfalz\",\"Metropolregion Rhein-Neckar\",\"Rhein-Neckar\"],\"articleSection\":[\"Vortr\u00e4ge\"],\"inLanguage\":\"de\",\"potentialAction\":[{\"@type\":\"CommentAction\",\"name\":\"Comment\",\"target\":[\"https:\/\/thomas-ott.net\/home\/?p=20264#respond\"]}]},{\"@type\":\"WebPage\",\"@id\":\"https:\/\/thomas-ott.net\/home\/?p=20264\",\"url\":\"https:\/\/thomas-ott.net\/home\/?p=20264\",\"name\":\"Von der Pfalzgrafschaft bei Rhein zur Metropolregion Rhein-Neckar - Gedanken zur politischen Geographie der Kurpfalz | The Secret Life of Thomas Ott\",\"isPartOf\":{\"@id\":\"https:\/\/thomas-ott.net\/home\/#website\"},\"primaryImageOfPage\":{\"@id\":\"https:\/\/thomas-ott.net\/home\/?p=20264#primaryimage\"},\"image\":{\"@id\":\"https:\/\/thomas-ott.net\/home\/?p=20264#primaryimage\"},\"thumbnailUrl\":\"https:\/\/thomas-ott.net\/home\/wp-content\/uploads\/2025\/05\/30557442260-1.jpg\",\"datePublished\":\"2025-05-15T15:04:04+00:00\",\"dateModified\":\"2025-05-19T09:40:18+00:00\",\"breadcrumb\":{\"@id\":\"https:\/\/thomas-ott.net\/home\/?p=20264#breadcrumb\"},\"inLanguage\":\"de\",\"potentialAction\":[{\"@type\":\"ReadAction\",\"target\":[\"https:\/\/thomas-ott.net\/home\/?p=20264\"]}]},{\"@type\":\"ImageObject\",\"inLanguage\":\"de\",\"@id\":\"https:\/\/thomas-ott.net\/home\/?p=20264#primaryimage\",\"url\":\"https:\/\/thomas-ott.net\/home\/wp-content\/uploads\/2025\/05\/30557442260-1.jpg\",\"contentUrl\":\"https:\/\/thomas-ott.net\/home\/wp-content\/uploads\/2025\/05\/30557442260-1.jpg\",\"width\":785,\"height\":1154},{\"@type\":\"BreadcrumbList\",\"@id\":\"https:\/\/thomas-ott.net\/home\/?p=20264#breadcrumb\",\"itemListElement\":[{\"@type\":\"ListItem\",\"position\":1,\"name\":\"Startseite\",\"item\":\"https:\/\/thomas-ott.net\/home\/\"},{\"@type\":\"ListItem\",\"position\":2,\"name\":\"Von der Pfalzgrafschaft bei Rhein zur Metropolregion Rhein-Neckar &#8211; Gedanken zur politischen Geographie der Kurpfalz\"}]},{\"@type\":\"WebSite\",\"@id\":\"https:\/\/thomas-ott.net\/home\/#website\",\"url\":\"https:\/\/thomas-ott.net\/home\/\",\"name\":\"The Secret Life of Thomas Ott\",\"description\":\"Website von Dr. Thomas Ott, Weinheim\",\"publisher\":{\"@id\":\"https:\/\/thomas-ott.net\/home\/#\/schema\/person\/0a142f0a3d76fa4af0513a832379747b\"},\"potentialAction\":[{\"@type\":\"SearchAction\",\"target\":{\"@type\":\"EntryPoint\",\"urlTemplate\":\"https:\/\/thomas-ott.net\/home\/?s={search_term_string}\"},\"query-input\":{\"@type\":\"PropertyValueSpecification\",\"valueRequired\":true,\"valueName\":\"search_term_string\"}}],\"inLanguage\":\"de\"},{\"@type\":[\"Person\",\"Organization\"],\"@id\":\"https:\/\/thomas-ott.net\/home\/#\/schema\/person\/0a142f0a3d76fa4af0513a832379747b\",\"name\":\"Thomas Ott\",\"image\":{\"@type\":\"ImageObject\",\"inLanguage\":\"de\",\"@id\":\"https:\/\/thomas-ott.net\/home\/#\/schema\/person\/image\/\",\"url\":\"https:\/\/secure.gravatar.com\/avatar\/984baf04fae50a93f41615cda6dee454fdc8be653bcfd6e45a10e9f54e05505b?s=96&d=mm&r=g\",\"contentUrl\":\"https:\/\/secure.gravatar.com\/avatar\/984baf04fae50a93f41615cda6dee454fdc8be653bcfd6e45a10e9f54e05505b?s=96&d=mm&r=g\",\"caption\":\"Thomas Ott\"},\"logo\":{\"@id\":\"https:\/\/thomas-ott.net\/home\/#\/schema\/person\/image\/\"},\"sameAs\":[\"https:\/\/www.facebook.com\/oagis\",\"https:\/\/www.instagram.com\/thomas_ott_66\/\",\"https:\/\/www.linkedin.com\/in\/oagis\/\",\"https:\/\/x.com\/oagis\"]}]}<\/script>\n<!-- \/ Yoast SEO plugin. -->","yoast_head_json":{"title":"Von der Pfalzgrafschaft bei Rhein zur Metropolregion Rhein-Neckar - Gedanken zur politischen Geographie der Kurpfalz | The Secret Life of Thomas Ott","robots":{"index":"index","follow":"follow","max-snippet":"max-snippet:-1","max-image-preview":"max-image-preview:large","max-video-preview":"max-video-preview:-1"},"canonical":"https:\/\/thomas-ott.net\/home\/?p=20264","og_locale":"de_DE","og_type":"article","og_title":"Von der Pfalzgrafschaft bei Rhein zur Metropolregion Rhein-Neckar - Gedanken zur politischen Geographie der Kurpfalz | The Secret Life of Thomas Ott","og_description":"Vortrag im Rahmen der Ringvorlesung \u201eKurpfalz\u201c, Volkshochschule Weinheim, 14. Mai 2025, Weinheim Kurzfassung Der Vortrag betrachtet den Rhein-Neckar-Raum aus geographischer Sicht und gibt einen kurzen historischen \u00dcberblick \u00fcber die territoriale Entwicklung von der historischen Kurpfalz zur heutigen Metropolregion Rhein-Neckar, die in diesem Jahr ihr 20j\u00e4hriges Jubil\u00e4um feiert. Schwerpunkt ist die Entwicklung seit dem Ende des...","og_url":"https:\/\/thomas-ott.net\/home\/?p=20264","og_site_name":"The Secret Life of Thomas Ott","article_publisher":"https:\/\/www.facebook.com\/oagis","article_author":"https:\/\/www.facebook.com\/oagis","article_published_time":"2025-05-15T15:04:04+00:00","article_modified_time":"2025-05-19T09:40:18+00:00","og_image":[{"width":785,"height":1154,"url":"https:\/\/thomas-ott.net\/home\/wp-content\/uploads\/2025\/05\/30557442260-1.jpg","type":"image\/jpeg"}],"author":"Thomas Ott","twitter_card":"summary_large_image","twitter_creator":"@oagis","twitter_site":"@oagis","twitter_misc":{"Verfasst von":"Thomas Ott","Gesch\u00e4tzte Lesezeit":"3\u00a0Minuten"},"schema":{"@context":"https:\/\/schema.org","@graph":[{"@type":"Article","@id":"https:\/\/thomas-ott.net\/home\/?p=20264#article","isPartOf":{"@id":"https:\/\/thomas-ott.net\/home\/?p=20264"},"author":{"name":"Thomas Ott","@id":"https:\/\/thomas-ott.net\/home\/#\/schema\/person\/0a142f0a3d76fa4af0513a832379747b"},"headline":"Von der Pfalzgrafschaft bei Rhein zur Metropolregion Rhein-Neckar &#8211; Gedanken zur politischen Geographie der Kurpfalz","datePublished":"2025-05-15T15:04:04+00:00","dateModified":"2025-05-19T09:40:18+00:00","mainEntityOfPage":{"@id":"https:\/\/thomas-ott.net\/home\/?p=20264"},"wordCount":432,"commentCount":0,"publisher":{"@id":"https:\/\/thomas-ott.net\/home\/#\/schema\/person\/0a142f0a3d76fa4af0513a832379747b"},"image":{"@id":"https:\/\/thomas-ott.net\/home\/?p=20264#primaryimage"},"thumbnailUrl":"https:\/\/thomas-ott.net\/home\/wp-content\/uploads\/2025\/05\/30557442260-1.jpg","keywords":["Kurpfalz","Metropolregion Rhein-Neckar","Rhein-Neckar"],"articleSection":["Vortr\u00e4ge"],"inLanguage":"de","potentialAction":[{"@type":"CommentAction","name":"Comment","target":["https:\/\/thomas-ott.net\/home\/?p=20264#respond"]}]},{"@type":"WebPage","@id":"https:\/\/thomas-ott.net\/home\/?p=20264","url":"https:\/\/thomas-ott.net\/home\/?p=20264","name":"Von der Pfalzgrafschaft bei Rhein zur Metropolregion Rhein-Neckar - Gedanken zur politischen Geographie der Kurpfalz | The Secret Life of Thomas Ott","isPartOf":{"@id":"https:\/\/thomas-ott.net\/home\/#website"},"primaryImageOfPage":{"@id":"https:\/\/thomas-ott.net\/home\/?p=20264#primaryimage"},"image":{"@id":"https:\/\/thomas-ott.net\/home\/?p=20264#primaryimage"},"thumbnailUrl":"https:\/\/thomas-ott.net\/home\/wp-content\/uploads\/2025\/05\/30557442260-1.jpg","datePublished":"2025-05-15T15:04:04+00:00","dateModified":"2025-05-19T09:40:18+00:00","breadcrumb":{"@id":"https:\/\/thomas-ott.net\/home\/?p=20264#breadcrumb"},"inLanguage":"de","potentialAction":[{"@type":"ReadAction","target":["https:\/\/thomas-ott.net\/home\/?p=20264"]}]},{"@type":"ImageObject","inLanguage":"de","@id":"https:\/\/thomas-ott.net\/home\/?p=20264#primaryimage","url":"https:\/\/thomas-ott.net\/home\/wp-content\/uploads\/2025\/05\/30557442260-1.jpg","contentUrl":"https:\/\/thomas-ott.net\/home\/wp-content\/uploads\/2025\/05\/30557442260-1.jpg","width":785,"height":1154},{"@type":"BreadcrumbList","@id":"https:\/\/thomas-ott.net\/home\/?p=20264#breadcrumb","itemListElement":[{"@type":"ListItem","position":1,"name":"Startseite","item":"https:\/\/thomas-ott.net\/home\/"},{"@type":"ListItem","position":2,"name":"Von der Pfalzgrafschaft bei Rhein zur Metropolregion Rhein-Neckar &#8211; Gedanken zur politischen Geographie der Kurpfalz"}]},{"@type":"WebSite","@id":"https:\/\/thomas-ott.net\/home\/#website","url":"https:\/\/thomas-ott.net\/home\/","name":"The Secret Life of Thomas Ott","description":"Website von Dr. Thomas Ott, Weinheim","publisher":{"@id":"https:\/\/thomas-ott.net\/home\/#\/schema\/person\/0a142f0a3d76fa4af0513a832379747b"},"potentialAction":[{"@type":"SearchAction","target":{"@type":"EntryPoint","urlTemplate":"https:\/\/thomas-ott.net\/home\/?s={search_term_string}"},"query-input":{"@type":"PropertyValueSpecification","valueRequired":true,"valueName":"search_term_string"}}],"inLanguage":"de"},{"@type":["Person","Organization"],"@id":"https:\/\/thomas-ott.net\/home\/#\/schema\/person\/0a142f0a3d76fa4af0513a832379747b","name":"Thomas Ott","image":{"@type":"ImageObject","inLanguage":"de","@id":"https:\/\/thomas-ott.net\/home\/#\/schema\/person\/image\/","url":"https:\/\/secure.gravatar.com\/avatar\/984baf04fae50a93f41615cda6dee454fdc8be653bcfd6e45a10e9f54e05505b?s=96&d=mm&r=g","contentUrl":"https:\/\/secure.gravatar.com\/avatar\/984baf04fae50a93f41615cda6dee454fdc8be653bcfd6e45a10e9f54e05505b?s=96&d=mm&r=g","caption":"Thomas Ott"},"logo":{"@id":"https:\/\/thomas-ott.net\/home\/#\/schema\/person\/image\/"},"sameAs":["https:\/\/www.facebook.com\/oagis","https:\/\/www.instagram.com\/thomas_ott_66\/","https:\/\/www.linkedin.com\/in\/oagis\/","https:\/\/x.com\/oagis"]}]}},"_links":{"self":[{"href":"https:\/\/thomas-ott.net\/home\/index.php?rest_route=\/wp\/v2\/posts\/20264","targetHints":{"allow":["GET"]}}],"collection":[{"href":"https:\/\/thomas-ott.net\/home\/index.php?rest_route=\/wp\/v2\/posts"}],"about":[{"href":"https:\/\/thomas-ott.net\/home\/index.php?rest_route=\/wp\/v2\/types\/post"}],"author":[{"embeddable":true,"href":"https:\/\/thomas-ott.net\/home\/index.php?rest_route=\/wp\/v2\/users\/1"}],"replies":[{"embeddable":true,"href":"https:\/\/thomas-ott.net\/home\/index.php?rest_route=%2Fwp%2Fv2%2Fcomments&post=20264"}],"version-history":[{"count":7,"href":"https:\/\/thomas-ott.net\/home\/index.php?rest_route=\/wp\/v2\/posts\/20264\/revisions"}],"predecessor-version":[{"id":20272,"href":"https:\/\/thomas-ott.net\/home\/index.php?rest_route=\/wp\/v2\/posts\/20264\/revisions\/20272"}],"wp:featuredmedia":[{"embeddable":true,"href":"https:\/\/thomas-ott.net\/home\/index.php?rest_route=\/wp\/v2\/media\/20266"}],"wp:attachment":[{"href":"https:\/\/thomas-ott.net\/home\/index.php?rest_route=%2Fwp%2Fv2%2Fmedia&parent=20264"}],"wp:term":[{"taxonomy":"category","embeddable":true,"href":"https:\/\/thomas-ott.net\/home\/index.php?rest_route=%2Fwp%2Fv2%2Fcategories&post=20264"},{"taxonomy":"post_tag","embeddable":true,"href":"https:\/\/thomas-ott.net\/home\/index.php?rest_route=%2Fwp%2Fv2%2Ftags&post=20264"}],"curies":[{"name":"wp","href":"https:\/\/api.w.org\/{rel}","templated":true}]}}