{"id":20239,"date":"2024-11-09T21:44:29","date_gmt":"2024-11-09T20:44:29","guid":{"rendered":"https:\/\/thomas-ott.net\/home\/?p=20239"},"modified":"2024-11-11T18:53:58","modified_gmt":"2024-11-11T17:53:58","slug":"camp-de-gurs","status":"publish","type":"post","link":"https:\/\/thomas-ott.net\/home\/?p=20239","title":{"rendered":"Camp de Gurs"},"content":{"rendered":"<p>Im Oktober 2024 durfte ich als Teil einer Delegation der Stadt Weinheim an der Gedenkveranstaltung auf dem Friedhof des Lagers Gurs in S\u00fcdwestfrankreich teilnehmen. F\u00fcr die Pressestelle der Stadt erstellte ich den nachfolgenden Text<\/p>\n<h3>Bewegende Gedenkveranstaltung in Gurs: Die Erinnerung an die Deportierten lebt fort<\/h3>\n<p><strong>Eine Gedenkveranstaltung auf dem Deportiertenfriedhof in Gurs erinnert allj\u00e4hrlich an die J\u00fcdinnen und Juden, die 1940 in das Dorf im S\u00fcdwesten Frankreichs verschleppt wurden. Auch dieses Jahr nahm wieder eine rund 70-k\u00f6pfige Delegation aus Deutschland an der Veranstaltung am 27. Oktober teil. Die Stadt Weinheim wurde vertreten durch Stadtrat Klaus Hafner, Dr. Thomas Ott, die Sch\u00fclerin Henriette Heeb und die Auszubildende Emma Horn.<\/strong><\/p>\n<p><strong>Mehr als 6.500 J\u00fcdinnen und Juden aus Baden, der Pfalz und dem Saarland wurden im Oktober 1940 nach Gurs deportiert, davon mindesten 65 aus Weinheim und den damals noch selbst\u00e4ndigen Ortsteilen. Vor allem \u00c4ltere und Kinder \u00fcberlebten die unmenschlichen Zust\u00e4nde im Lager nicht. Viele der Deportierten wurden zwischen 1942 und 1944 aus Gurs in die Vernichtungslager im Osten gebracht. Die Arbeitsgemeinschaft Gurs, ein Zusammenschluss von 20 Kommunen, organisiert aus diesem Grund jedes Jahr gemeinsam mit der Israelitischen Religionsgemeinschaft Baden eine Gedenkreise. Auf dem Friedhof wird der Opfer und der unmenschlichen Bedingungen erinnert, denen die Deportierten ausgesetzt waren.<\/strong><\/p>\n<div class=\"thumb-gallery gallery ts-mfp-gallery ts-gallery-shortcode\"><ul class=\"thumbs clearfix clearfix\" ><li class=\"hover-zoom ts-boxed-one-fifth\"><span><a href=\"https:\/\/thomas-ott.net\/home\/wp-content\/uploads\/2024\/11\/gly_gurs_-13.jpg\" class=\"ts-image-link\"  title=\"\"><img decoding=\"async\" src=\"https:\/\/thomas-ott.net\/home\/wp-content\/uploads\/2024\/11\/gly_gurs_-13-300x300.jpg\" data-attachment-id=\"194\" alt=\"\"\/><\/a><\/span><\/li><li class=\"hover-zoom ts-boxed-one-fifth ts-boxed-one-fifth\"><span><a href=\"https:\/\/thomas-ott.net\/home\/wp-content\/uploads\/2024\/11\/gly_gurs_-1.jpg\" class=\"ts-image-link\"  title=\"\"><img decoding=\"async\" src=\"https:\/\/thomas-ott.net\/home\/wp-content\/uploads\/2024\/11\/gly_gurs_-1-300x300.jpg\" data-attachment-id=\"670\" alt=\"\"\/><\/a><\/span><\/li><li class=\"hover-zoom ts-boxed-one-fifth ts-boxed-one-fifth ts-boxed-one-fifth\"><span><a href=\"https:\/\/thomas-ott.net\/home\/wp-content\/uploads\/2024\/11\/gly_gurs_-2.jpg\" class=\"ts-image-link\"  title=\"\"><img decoding=\"async\" src=\"https:\/\/thomas-ott.net\/home\/wp-content\/uploads\/2024\/11\/gly_gurs_-2-300x300.jpg\" data-attachment-id=\"82\" alt=\"\"\/><\/a><\/span><\/li><li class=\"hover-zoom ts-boxed-one-fifth ts-boxed-one-fifth ts-boxed-one-fifth ts-boxed-one-fifth\"><span><a href=\"https:\/\/thomas-ott.net\/home\/wp-content\/uploads\/2024\/11\/gly_gurs_-3.jpg\" class=\"ts-image-link\"  title=\"\"><img decoding=\"async\" src=\"https:\/\/thomas-ott.net\/home\/wp-content\/uploads\/2024\/11\/gly_gurs_-3-300x300.jpg\" data-attachment-id=\"583\" alt=\"\"\/><\/a><\/span><\/li><\/ul><\/div><div class=\"clear\"><\/div>\n<p>In Gurs begr\u00fc\u00dfte der B\u00fcrgermeister der Gemeinde, Christian Puharr\u00e9, die deutschen und franz\u00f6sischen G\u00e4ste vor dem Friedhof. Nach einer Gedenkminute am Mahnmal des franz\u00f6sischen Staates f\u00fcr alle Internierten und Verstorbenen des Lagers folgte der gemeinsame Gang zum Friedhof. Dort stehen mehr als 1000 Grabsteine mit den Namen und den aus unserer badischen bzw. kurpf\u00e4lzischen Heimat bestens vertrauten Herkunftsorten der im Lager Gestorbenen.<\/p>\n<p>An das Lager selbst erinnert heute nur noch wenig. An seiner Stelle steht heute ein Wald, der Frieden und Ruhe ausstrahlt. Die Oktobersonne schien an diesem Sonntagnachmittag durch die herbstlich gef\u00e4rbten Bl\u00e4tter und am Horizont leuchteten die schneebedeckten Gipfel der Pyren\u00e4en. Und doch ist dieser idyllische Ort exakt der Platz, wo Menschen unter unw\u00fcrdigsten Bedingungen in 382 fensterlosen Holzbaracken, auf engstem Raum zusammengepfercht leben mussten und in gro\u00dfer Zahl den katastrophalen hygienischen Bedingungen und der Mangelern\u00e4hrung zum Opfer fielen.<\/p>\n<p>Die Reden auf dem Friedhof standen im Zeichen des Gedenkens und der pers\u00f6nlichen Schicksale der Deportierten. Aber auch die gegenw\u00e4rtige Situation und der Schutz j\u00fcdischen Lebens kamen zur Sprache. Alle Redner wandten sich direkt an die anwesenden jungen Menschen und betonten die Bedeutung, neue und zeitgem\u00e4\u00dfe Zugangswege f\u00fcr eine weiterentwickelte Erinnerungskultur zu schaffen.<\/p>\n<p>Daniel Hager-Mann, Ministerialdirektor im Kultusministerium, widmete sich in seiner Rede dem jungen Karlsruher Hans-J\u00fcrgen Maier. Er kam im Alter von nur elf Jahren nach Gurs und wurde sp\u00e4ter nach Auschwitz deportiert und ermordet. \u201eDas ist nur ein Fall von Tausenden, ja von Millionen. Das ist und bleibt unbegreiflich\u201c, so Hager-Mann.<\/p>\n<p>Auch Dietmar Sp\u00e4th, der Oberb\u00fcrgermeister der Stadt Baden-Baden, die in diesem Jahr die inhaltliche und organisatorische Ausgestaltung der Reise \u00fcbernahm, erinnerte an die Situation im Lager Gurs: \u201eIch stehe hier, um zu Ihnen zu sprechen und dennoch fehlen mir angesichts des unermesslichen Leids die Worte. Nicht alle Einzelschicksale sind uns bekannt. Bei einigen Personen kennen wir die detaillierten Lebenswege, bei anderen wenig mehr als den Namen. Aber eines ist gewiss: Alle mussten unendliches Leid ertragen.\u201c In seiner Rede ging er auch auf die gegenw\u00e4rtige Situation des j\u00fcdischen Lebens ein. \u201eIsrael und j\u00fcdische Menschen sind auch rund 80 Jahre nach dem Holocaust Zielscheibe unerbittlichen und unvers\u00f6hnlichen Hasses. Dass wir hier gemeinsam stehen und gedenken, macht mir jedoch auch Mut, dass wir es als Gesellschaft schaffen, den antisemitischen Str\u00f6mungen entgegenzustehen\u201c, so Sp\u00e4th.<\/p>\n<p>Professor Doron Kiesel, Wissenschaftlicher Direktor des Zentralrats der Juden in Deutschland, redete \u00fcber die Bedeutung des Erinnerns: \u201esolange Gedenken aufrechterhalten und gepflegt wird, lebt auch die kollektive oder individuelle historische Erinnerung weiter.\u201c<\/p>\n<p>Abschlie\u00dfend sprach Max Brisson, Senator des Departments Pyr\u00e9n\u00e9es-Atlantiques. Er erinnerte an die Verantwortung des Vichy-Regimes und somit des franz\u00f6sischen Staates f\u00fcr die \u201eMitt\u00e4terschaft an diesem Ort,\u201c die das Lager Gurs zu einem \u201eVorzimmer von Auschwitz\u201c habe werden lassen. Er schlug einen Bogen zu den Terrorakten des 7. Oktobers 2023 und dem neuerlichen Erstarken des Antisemitismus in Europa. Aber er dankte auch f\u00fcr die deutsch-franz\u00f6sische Freundschaft und die Zusammenarbeit in Gurs: \u201eVielen Dank f\u00fcr diese Arbeit, f\u00fcr diese Kooperation und daf\u00fcr, dass Sie die Erinnerung an die Deportierten von Gurs fortleben lassen.\u201c<\/p>\n<div class=\"thumb-gallery gallery ts-mfp-gallery ts-gallery-shortcode\"><ul class=\"thumbs clearfix clearfix\" ><li class=\"hover-zoom ts-boxed-one-fifth\"><span><a href=\"https:\/\/thomas-ott.net\/home\/wp-content\/uploads\/2024\/11\/gly_gurs_-5.jpg\" class=\"ts-image-link\"  title=\"\"><img decoding=\"async\" src=\"https:\/\/thomas-ott.net\/home\/wp-content\/uploads\/2024\/11\/gly_gurs_-5-300x300.jpg\" data-attachment-id=\"753\" alt=\"\"\/><\/a><\/span><\/li><li class=\"hover-zoom ts-boxed-one-fifth ts-boxed-one-fifth\"><span><a href=\"https:\/\/thomas-ott.net\/home\/wp-content\/uploads\/2024\/11\/gly_gurs_-9.jpg\" class=\"ts-image-link\"  title=\"\"><img decoding=\"async\" src=\"https:\/\/thomas-ott.net\/home\/wp-content\/uploads\/2024\/11\/gly_gurs_-9-300x300.jpg\" data-attachment-id=\"840\" alt=\"\"\/><\/a><\/span><\/li><li class=\"hover-zoom ts-boxed-one-fifth ts-boxed-one-fifth ts-boxed-one-fifth\"><span><a href=\"https:\/\/thomas-ott.net\/home\/wp-content\/uploads\/2024\/11\/gly_gurs_-10.jpg\" class=\"ts-image-link\"  title=\"\"><img decoding=\"async\" src=\"https:\/\/thomas-ott.net\/home\/wp-content\/uploads\/2024\/11\/gly_gurs_-10-300x300.jpg\" data-attachment-id=\"967\" alt=\"\"\/><\/a><\/span><\/li><li class=\"hover-zoom ts-boxed-one-fifth ts-boxed-one-fifth ts-boxed-one-fifth ts-boxed-one-fifth\"><span><a href=\"https:\/\/thomas-ott.net\/home\/wp-content\/uploads\/2024\/11\/gly_gurs_-8.jpg\" class=\"ts-image-link\"  title=\"\"><img decoding=\"async\" src=\"https:\/\/thomas-ott.net\/home\/wp-content\/uploads\/2024\/11\/gly_gurs_-8-300x300.jpg\" data-attachment-id=\"996\" alt=\"\"\/><\/a><\/span><\/li><\/ul><\/div><div class=\"clear\"><\/div>\n<p>Im Anschluss an die Gedenkveranstaltung trafen sich deutsche und franz\u00f6sische G\u00e4ste zu einem Empfang im Gemeindezentrum von Gurs und auf Einladung der deutschen Delegation zu einem gemeinsamen Abendessen. Ehreng\u00e4ste an diesem Abend waren der Sohn und die Enkelin des Operetten- und Filmkomponisten Leonhard M\u00e4rker. Dieser hatte das Lager von Gurs \u00fcberlebt und konnte 1943 in die USA emigrieren. Im Lager hatte er das Lied \u201eWird es Nacht im Camp de Gurs\u201c komponiert, dessen Melodie lange als verschollen galt. Zur \u00dcberraschung aller Anwesenden brachte ein eigens engagierter Tenor das Lied zum Vortrag, was nicht nur den Sohn des Komponisten zu Tr\u00e4nen r\u00fchrte.<\/p>\n<p>Ein wesentlicher Bestandteil der Gedenkreise nach Gurs ist die aktive Beteiligung junger Menschen. Deshalb nehmen jedes Jahr auch Jugendliche aus den Mitgliedst\u00e4dten teil. Am zweiten Tag stellten Sch\u00fclerinnen und Sch\u00fcler des Gymnasiums Hohenbaden ihr Erinnerungsprojekt vor. Die Jugendlichen zeichneten minuti\u00f6s den Lebens- und Leidensweg der Baden-Badener Familien Lieblich und Rosenthal nach, die am 22. Oktober 1940 nach Gurs deportiert wurden. Teil der Pr\u00e4sentation war ein Beitrag von Aryeh Brett Levi, dem Ur-Urenkel von Philipp Lieblich. Levi meldete sich aus seiner heutigen Heimat New York City mit einer Videobotschaft. Darin bedankte er sich f\u00fcr das Engagement der Sch\u00fclergruppe und der Arbeitsgemeinschaft und richtete einen Appell an die Jugendlichen, die Erinnerung an die Schicksale der Deportierten weiterzutragen.<\/p>\n<p>Am Nachmittag besuchte die Delegation nochmals das Lagergel\u00e4nde. Dort schilderte Rita Althausen, Vorstandsmitglied der Israelitischen Religionsgemeinschaft Baden und ehemalige Vorsitzende der J\u00fcdischen Gemeinde Mannheim als \u201eZ(w)eitzeugin\u201c die Erlebnisse ihres Vaters Oskar Althausen (1919-2001). Er war zusammen mit seinen Eltern verschleppt worden, jedoch gelang ihm als einem der wenigen die Flucht \u00fcber die winterlichen Pyren\u00e4en nach Spanien und in das britische Mandatsgebiet in Pal\u00e4stina bzw. nach Israel, von wo aus er 1951 nach Mannheim zur\u00fcckkehrte und sein Leben dem Wiederaufbau der j\u00fcdischen Gemeinde und der Erinnerung an das Lager Gurs widmete. Rita Althausens bildhafte Erz\u00e4hlungen an einer rekonstruierten Baracke halfen den Nachgeborenen, die ganze unbegreifliche Grausamkeit des Lagers Gurs besser nachempfinden zu k\u00f6nnen.<\/p>\n<p>Allen Zuh\u00f6rerinnen und Zuh\u00f6rern wurde klar, dass sich aus dem Grauen von Gurs ein Auftrag ableitet. In den Worten von Senator Brisson: \u201eHeute wollen wir uns an die Geschichte der Deportierten von Gurs erinnern. Lassen Sie uns ihr Andenken w\u00fcrdigen und ihr Erbe weitertragen. Damit unsere Kinder und Enkelkinder sich dieses Erbes bewusst werden, dass sie es verstehen und dieses Erbe auch in Zukunft w\u00fcrdigen. Lassen Sie uns den Weg des Teilens und des einander Zuh\u00f6rens gehen und uns abwenden von Unwissenheit, Verachtung und Egoismus, die unweigerlich zu Hass und Gewalt f\u00fchren!\u201c<\/p>\n<div class=\"thumb-gallery gallery ts-mfp-gallery ts-gallery-shortcode\"><ul class=\"thumbs clearfix clearfix\" ><li class=\"hover-zoom ts-boxed-one-fifth\"><span><a href=\"https:\/\/thomas-ott.net\/home\/wp-content\/uploads\/2024\/11\/gly_gurs_-6.jpg\" class=\"ts-image-link\"  title=\"\"><img decoding=\"async\" src=\"https:\/\/thomas-ott.net\/home\/wp-content\/uploads\/2024\/11\/gly_gurs_-6-300x300.jpg\" data-attachment-id=\"688\" alt=\"\"\/><\/a><\/span><\/li><li class=\"hover-zoom ts-boxed-one-fifth ts-boxed-one-fifth\"><span><a href=\"https:\/\/thomas-ott.net\/home\/wp-content\/uploads\/2024\/11\/gly_gurs_-15.jpg\" class=\"ts-image-link\"  title=\"\"><img decoding=\"async\" src=\"https:\/\/thomas-ott.net\/home\/wp-content\/uploads\/2024\/11\/gly_gurs_-15-300x300.jpg\" data-attachment-id=\"257\" alt=\"\"\/><\/a><\/span><\/li><li class=\"hover-zoom ts-boxed-one-fifth ts-boxed-one-fifth ts-boxed-one-fifth\"><span><a href=\"https:\/\/thomas-ott.net\/home\/wp-content\/uploads\/2024\/11\/gly_gurs_-4.jpg\" class=\"ts-image-link\"  title=\"\"><img decoding=\"async\" src=\"https:\/\/thomas-ott.net\/home\/wp-content\/uploads\/2024\/11\/gly_gurs_-4-300x300.jpg\" data-attachment-id=\"266\" alt=\"\"\/><\/a><\/span><\/li><li class=\"hover-zoom ts-boxed-one-fifth ts-boxed-one-fifth ts-boxed-one-fifth ts-boxed-one-fifth\"><span><a href=\"https:\/\/thomas-ott.net\/home\/wp-content\/uploads\/2024\/11\/gly_gurs_-14.jpg\" class=\"ts-image-link\"  title=\"\"><img decoding=\"async\" src=\"https:\/\/thomas-ott.net\/home\/wp-content\/uploads\/2024\/11\/gly_gurs_-14-300x300.jpg\" data-attachment-id=\"224\" alt=\"\"\/><\/a><\/span><\/li><\/ul><\/div><div class=\"clear\"><\/div>\n<p>&nbsp;<\/p>\n<p><em><strong>Das Lied von Gurs<\/strong><\/em><\/p>\n<p><em>Sch\u00f6n ist die Welt f\u00fcr viele,<\/em><br \/>\n<em>bei ihnen geht alles glatt,<\/em><br \/>\n<em>Doch daneben gibt es auch and\u2019re,<\/em><br \/>\n<em>die haben ihr Leben satt.<\/em><\/p>\n<p><em>Alle machten sie einst Pl\u00e4ne,<\/em><br \/>\n<em>und sie hielten sich dran fest.<\/em><br \/>\n<em>Aus Pl\u00e4nen wurden Tr\u00e4nen,<\/em><br \/>\n<em>weil sich das Leben nicht zwingen l\u00e4\u00dft.<\/em><\/p>\n<p><em>In den Basses-Pyr\u00e9n\u00e9en gibt es einen Ort,<\/em><br \/>\n<em>wo Baracken nur stehen, kein Baum steht dort.<\/em><br \/>\n<em>Dort kommt nur der hinein,<\/em><br \/>\n<em>der kein Recht hat auf der Welt zu sein.<\/em><\/p>\n<p><em>Und wer den Ort betrat,<\/em><br \/>\n<em>den trennt von der Welt ein Stacheldraht.<\/em><br \/>\n<em>In den Basses Pyr\u00e9n\u00e9en h\u00e4lt Frankreich Wacht<\/em><br \/>\n<em>\u00fcber jenen der \u00c4rmsten, der nichts verbrach.<\/em><\/p>\n<p><em>Und w\u00e4rst du heut ein Fremder,<\/em><br \/>\n<em>dann scheint auch Dir\u2019s<\/em><br \/>\n<em>es gibt Verdammte nur<\/em><br \/>\n<em>im Camp de Gurs.<\/em><\/p>\n","protected":false},"excerpt":{"rendered":"<p>Im Oktober 2024 durfte ich als Teil einer Delegation der Stadt Weinheim an der Gedenkveranstaltung auf dem Friedhof des Lagers Gurs in S\u00fcdwestfrankreich teilnehmen. F\u00fcr die Pressestelle der Stadt erstellte ich den nachfolgenden Text Bewegende Gedenkveranstaltung in Gurs: Die Erinnerung an die Deportierten lebt fort Eine Gedenkveranstaltung auf dem Deportiertenfriedhof in Gurs erinnert allj\u00e4hrlich an&#8230;<\/p>\n","protected":false},"author":1,"featured_media":0,"comment_status":"open","ping_status":"open","sticky":false,"template":"","format":"standard","meta":{"_acf_changed":false,"footnotes":""},"categories":[22,18,431],"tags":[480,479,481,56],"class_list":["post-20239","post","type-post","status-publish","format-standard","hentry","category-politik","category-reisen","category-weltbilder","tag-frankreich","tag-gurs","tag-holocaust","tag-weinheim"],"acf":[],"yoast_head":"<!-- This site is optimized with the Yoast SEO plugin v27.1.1 - https:\/\/yoast.com\/product\/yoast-seo-wordpress\/ -->\n<title>Camp de Gurs | The Secret Life of Thomas Ott<\/title>\n<meta name=\"robots\" content=\"index, follow, max-snippet:-1, max-image-preview:large, max-video-preview:-1\" \/>\n<link rel=\"canonical\" href=\"https:\/\/thomas-ott.net\/home\/?p=20239\" \/>\n<meta property=\"og:locale\" content=\"de_DE\" \/>\n<meta property=\"og:type\" content=\"article\" \/>\n<meta property=\"og:title\" content=\"Camp de Gurs | The Secret Life of Thomas Ott\" \/>\n<meta property=\"og:description\" content=\"Im Oktober 2024 durfte ich als Teil einer Delegation der Stadt Weinheim an der Gedenkveranstaltung auf dem Friedhof des Lagers Gurs in S\u00fcdwestfrankreich teilnehmen. F\u00fcr die Pressestelle der Stadt erstellte ich den nachfolgenden Text Bewegende Gedenkveranstaltung in Gurs: Die Erinnerung an die Deportierten lebt fort Eine Gedenkveranstaltung auf dem Deportiertenfriedhof in Gurs erinnert allj\u00e4hrlich an...\" \/>\n<meta property=\"og:url\" content=\"https:\/\/thomas-ott.net\/home\/?p=20239\" \/>\n<meta property=\"og:site_name\" content=\"The Secret Life of Thomas Ott\" \/>\n<meta property=\"article:publisher\" content=\"https:\/\/www.facebook.com\/oagis\" \/>\n<meta property=\"article:author\" content=\"https:\/\/www.facebook.com\/oagis\" \/>\n<meta property=\"article:published_time\" content=\"2024-11-09T20:44:29+00:00\" \/>\n<meta property=\"article:modified_time\" content=\"2024-11-11T17:53:58+00:00\" \/>\n<meta name=\"author\" content=\"Thomas Ott\" \/>\n<meta name=\"twitter:card\" content=\"summary_large_image\" \/>\n<meta name=\"twitter:creator\" content=\"@oagis\" \/>\n<meta name=\"twitter:site\" content=\"@oagis\" \/>\n<meta name=\"twitter:label1\" content=\"Verfasst von\" \/>\n\t<meta name=\"twitter:data1\" content=\"Thomas Ott\" \/>\n\t<meta name=\"twitter:label2\" content=\"Gesch\u00e4tzte Lesezeit\" \/>\n\t<meta name=\"twitter:data2\" content=\"8\u00a0Minuten\" \/>\n<script type=\"application\/ld+json\" class=\"yoast-schema-graph\">{\"@context\":\"https:\/\/schema.org\",\"@graph\":[{\"@type\":\"Article\",\"@id\":\"https:\/\/thomas-ott.net\/home\/?p=20239#article\",\"isPartOf\":{\"@id\":\"https:\/\/thomas-ott.net\/home\/?p=20239\"},\"author\":{\"name\":\"Thomas Ott\",\"@id\":\"https:\/\/thomas-ott.net\/home\/#\/schema\/person\/0a142f0a3d76fa4af0513a832379747b\"},\"headline\":\"Camp de Gurs\",\"datePublished\":\"2024-11-09T20:44:29+00:00\",\"dateModified\":\"2024-11-11T17:53:58+00:00\",\"mainEntityOfPage\":{\"@id\":\"https:\/\/thomas-ott.net\/home\/?p=20239\"},\"wordCount\":1504,\"commentCount\":0,\"publisher\":{\"@id\":\"https:\/\/thomas-ott.net\/home\/#\/schema\/person\/0a142f0a3d76fa4af0513a832379747b\"},\"keywords\":[\"Frankreich\",\"Gurs\",\"Holocaust\",\"Weinheim\"],\"articleSection\":[\"Politik\",\"Reisen\",\"Weltbilder\"],\"inLanguage\":\"de\",\"potentialAction\":[{\"@type\":\"CommentAction\",\"name\":\"Comment\",\"target\":[\"https:\/\/thomas-ott.net\/home\/?p=20239#respond\"]}]},{\"@type\":\"WebPage\",\"@id\":\"https:\/\/thomas-ott.net\/home\/?p=20239\",\"url\":\"https:\/\/thomas-ott.net\/home\/?p=20239\",\"name\":\"Camp de Gurs | The Secret Life of Thomas Ott\",\"isPartOf\":{\"@id\":\"https:\/\/thomas-ott.net\/home\/#website\"},\"datePublished\":\"2024-11-09T20:44:29+00:00\",\"dateModified\":\"2024-11-11T17:53:58+00:00\",\"breadcrumb\":{\"@id\":\"https:\/\/thomas-ott.net\/home\/?p=20239#breadcrumb\"},\"inLanguage\":\"de\",\"potentialAction\":[{\"@type\":\"ReadAction\",\"target\":[\"https:\/\/thomas-ott.net\/home\/?p=20239\"]}]},{\"@type\":\"BreadcrumbList\",\"@id\":\"https:\/\/thomas-ott.net\/home\/?p=20239#breadcrumb\",\"itemListElement\":[{\"@type\":\"ListItem\",\"position\":1,\"name\":\"Startseite\",\"item\":\"https:\/\/thomas-ott.net\/home\/\"},{\"@type\":\"ListItem\",\"position\":2,\"name\":\"Camp de Gurs\"}]},{\"@type\":\"WebSite\",\"@id\":\"https:\/\/thomas-ott.net\/home\/#website\",\"url\":\"https:\/\/thomas-ott.net\/home\/\",\"name\":\"The Secret Life of Thomas Ott\",\"description\":\"Website von Dr. Thomas Ott, Weinheim\",\"publisher\":{\"@id\":\"https:\/\/thomas-ott.net\/home\/#\/schema\/person\/0a142f0a3d76fa4af0513a832379747b\"},\"potentialAction\":[{\"@type\":\"SearchAction\",\"target\":{\"@type\":\"EntryPoint\",\"urlTemplate\":\"https:\/\/thomas-ott.net\/home\/?s={search_term_string}\"},\"query-input\":{\"@type\":\"PropertyValueSpecification\",\"valueRequired\":true,\"valueName\":\"search_term_string\"}}],\"inLanguage\":\"de\"},{\"@type\":[\"Person\",\"Organization\"],\"@id\":\"https:\/\/thomas-ott.net\/home\/#\/schema\/person\/0a142f0a3d76fa4af0513a832379747b\",\"name\":\"Thomas Ott\",\"image\":{\"@type\":\"ImageObject\",\"inLanguage\":\"de\",\"@id\":\"https:\/\/thomas-ott.net\/home\/#\/schema\/person\/image\/\",\"url\":\"https:\/\/secure.gravatar.com\/avatar\/984baf04fae50a93f41615cda6dee454fdc8be653bcfd6e45a10e9f54e05505b?s=96&d=mm&r=g\",\"contentUrl\":\"https:\/\/secure.gravatar.com\/avatar\/984baf04fae50a93f41615cda6dee454fdc8be653bcfd6e45a10e9f54e05505b?s=96&d=mm&r=g\",\"caption\":\"Thomas Ott\"},\"logo\":{\"@id\":\"https:\/\/thomas-ott.net\/home\/#\/schema\/person\/image\/\"},\"sameAs\":[\"https:\/\/www.facebook.com\/oagis\",\"https:\/\/www.instagram.com\/thomas_ott_66\/\",\"https:\/\/www.linkedin.com\/in\/oagis\/\",\"https:\/\/x.com\/oagis\"]}]}<\/script>\n<!-- \/ Yoast SEO plugin. -->","yoast_head_json":{"title":"Camp de Gurs | The Secret Life of Thomas Ott","robots":{"index":"index","follow":"follow","max-snippet":"max-snippet:-1","max-image-preview":"max-image-preview:large","max-video-preview":"max-video-preview:-1"},"canonical":"https:\/\/thomas-ott.net\/home\/?p=20239","og_locale":"de_DE","og_type":"article","og_title":"Camp de Gurs | The Secret Life of Thomas Ott","og_description":"Im Oktober 2024 durfte ich als Teil einer Delegation der Stadt Weinheim an der Gedenkveranstaltung auf dem Friedhof des Lagers Gurs in S\u00fcdwestfrankreich teilnehmen. F\u00fcr die Pressestelle der Stadt erstellte ich den nachfolgenden Text Bewegende Gedenkveranstaltung in Gurs: Die Erinnerung an die Deportierten lebt fort Eine Gedenkveranstaltung auf dem Deportiertenfriedhof in Gurs erinnert allj\u00e4hrlich an...","og_url":"https:\/\/thomas-ott.net\/home\/?p=20239","og_site_name":"The Secret Life of Thomas Ott","article_publisher":"https:\/\/www.facebook.com\/oagis","article_author":"https:\/\/www.facebook.com\/oagis","article_published_time":"2024-11-09T20:44:29+00:00","article_modified_time":"2024-11-11T17:53:58+00:00","author":"Thomas Ott","twitter_card":"summary_large_image","twitter_creator":"@oagis","twitter_site":"@oagis","twitter_misc":{"Verfasst von":"Thomas Ott","Gesch\u00e4tzte Lesezeit":"8\u00a0Minuten"},"schema":{"@context":"https:\/\/schema.org","@graph":[{"@type":"Article","@id":"https:\/\/thomas-ott.net\/home\/?p=20239#article","isPartOf":{"@id":"https:\/\/thomas-ott.net\/home\/?p=20239"},"author":{"name":"Thomas Ott","@id":"https:\/\/thomas-ott.net\/home\/#\/schema\/person\/0a142f0a3d76fa4af0513a832379747b"},"headline":"Camp de Gurs","datePublished":"2024-11-09T20:44:29+00:00","dateModified":"2024-11-11T17:53:58+00:00","mainEntityOfPage":{"@id":"https:\/\/thomas-ott.net\/home\/?p=20239"},"wordCount":1504,"commentCount":0,"publisher":{"@id":"https:\/\/thomas-ott.net\/home\/#\/schema\/person\/0a142f0a3d76fa4af0513a832379747b"},"keywords":["Frankreich","Gurs","Holocaust","Weinheim"],"articleSection":["Politik","Reisen","Weltbilder"],"inLanguage":"de","potentialAction":[{"@type":"CommentAction","name":"Comment","target":["https:\/\/thomas-ott.net\/home\/?p=20239#respond"]}]},{"@type":"WebPage","@id":"https:\/\/thomas-ott.net\/home\/?p=20239","url":"https:\/\/thomas-ott.net\/home\/?p=20239","name":"Camp de Gurs | The Secret Life of Thomas Ott","isPartOf":{"@id":"https:\/\/thomas-ott.net\/home\/#website"},"datePublished":"2024-11-09T20:44:29+00:00","dateModified":"2024-11-11T17:53:58+00:00","breadcrumb":{"@id":"https:\/\/thomas-ott.net\/home\/?p=20239#breadcrumb"},"inLanguage":"de","potentialAction":[{"@type":"ReadAction","target":["https:\/\/thomas-ott.net\/home\/?p=20239"]}]},{"@type":"BreadcrumbList","@id":"https:\/\/thomas-ott.net\/home\/?p=20239#breadcrumb","itemListElement":[{"@type":"ListItem","position":1,"name":"Startseite","item":"https:\/\/thomas-ott.net\/home\/"},{"@type":"ListItem","position":2,"name":"Camp de Gurs"}]},{"@type":"WebSite","@id":"https:\/\/thomas-ott.net\/home\/#website","url":"https:\/\/thomas-ott.net\/home\/","name":"The Secret Life of Thomas Ott","description":"Website von Dr. Thomas Ott, Weinheim","publisher":{"@id":"https:\/\/thomas-ott.net\/home\/#\/schema\/person\/0a142f0a3d76fa4af0513a832379747b"},"potentialAction":[{"@type":"SearchAction","target":{"@type":"EntryPoint","urlTemplate":"https:\/\/thomas-ott.net\/home\/?s={search_term_string}"},"query-input":{"@type":"PropertyValueSpecification","valueRequired":true,"valueName":"search_term_string"}}],"inLanguage":"de"},{"@type":["Person","Organization"],"@id":"https:\/\/thomas-ott.net\/home\/#\/schema\/person\/0a142f0a3d76fa4af0513a832379747b","name":"Thomas Ott","image":{"@type":"ImageObject","inLanguage":"de","@id":"https:\/\/thomas-ott.net\/home\/#\/schema\/person\/image\/","url":"https:\/\/secure.gravatar.com\/avatar\/984baf04fae50a93f41615cda6dee454fdc8be653bcfd6e45a10e9f54e05505b?s=96&d=mm&r=g","contentUrl":"https:\/\/secure.gravatar.com\/avatar\/984baf04fae50a93f41615cda6dee454fdc8be653bcfd6e45a10e9f54e05505b?s=96&d=mm&r=g","caption":"Thomas Ott"},"logo":{"@id":"https:\/\/thomas-ott.net\/home\/#\/schema\/person\/image\/"},"sameAs":["https:\/\/www.facebook.com\/oagis","https:\/\/www.instagram.com\/thomas_ott_66\/","https:\/\/www.linkedin.com\/in\/oagis\/","https:\/\/x.com\/oagis"]}]}},"_links":{"self":[{"href":"https:\/\/thomas-ott.net\/home\/index.php?rest_route=\/wp\/v2\/posts\/20239","targetHints":{"allow":["GET"]}}],"collection":[{"href":"https:\/\/thomas-ott.net\/home\/index.php?rest_route=\/wp\/v2\/posts"}],"about":[{"href":"https:\/\/thomas-ott.net\/home\/index.php?rest_route=\/wp\/v2\/types\/post"}],"author":[{"embeddable":true,"href":"https:\/\/thomas-ott.net\/home\/index.php?rest_route=\/wp\/v2\/users\/1"}],"replies":[{"embeddable":true,"href":"https:\/\/thomas-ott.net\/home\/index.php?rest_route=%2Fwp%2Fv2%2Fcomments&post=20239"}],"version-history":[{"count":4,"href":"https:\/\/thomas-ott.net\/home\/index.php?rest_route=\/wp\/v2\/posts\/20239\/revisions"}],"predecessor-version":[{"id":20258,"href":"https:\/\/thomas-ott.net\/home\/index.php?rest_route=\/wp\/v2\/posts\/20239\/revisions\/20258"}],"wp:attachment":[{"href":"https:\/\/thomas-ott.net\/home\/index.php?rest_route=%2Fwp%2Fv2%2Fmedia&parent=20239"}],"wp:term":[{"taxonomy":"category","embeddable":true,"href":"https:\/\/thomas-ott.net\/home\/index.php?rest_route=%2Fwp%2Fv2%2Fcategories&post=20239"},{"taxonomy":"post_tag","embeddable":true,"href":"https:\/\/thomas-ott.net\/home\/index.php?rest_route=%2Fwp%2Fv2%2Ftags&post=20239"}],"curies":[{"name":"wp","href":"https:\/\/api.w.org\/{rel}","templated":true}]}}