{"id":20028,"date":"2024-02-06T20:56:26","date_gmt":"2024-02-06T19:56:26","guid":{"rendered":"https:\/\/thomas-ott.net\/home\/?p=20028"},"modified":"2024-02-06T21:09:33","modified_gmt":"2024-02-06T20:09:33","slug":"die-grenzen-europas","status":"publish","type":"post","link":"https:\/\/thomas-ott.net\/home\/?p=20028","title":{"rendered":"Die Grenzen Europas"},"content":{"rendered":"<p>Vortrag im Rahmen der Initiative \u201eDoch Europa!\u201c, Volkshochschule Weinheim, 25. Januar 2024, Weinheim<\/p>\n<h3>Kurzfassung<\/h3>\n<p>W\u00e4hrend sich Europa im Westen, Norden und S\u00fcden relativ eindeutig abgrenzen l\u00e4sst, haben sich Geographen und Historiker \u00fcber Jahrhunderte an einer Definition der europ\u00e4ischen Ostgrenze versucht. Ausgehend von einer allgemeinen Betrachtung des Grenzbegriffes, gibt der Vortrag einen \u00dcberblick \u00fcber diese Grenzziehungen und die jeweils zugrundeliegenden \u00dcberlegungen.<br \/>\nAuch in engerer Perspektive auf die Europ\u00e4ische Union stellen sich vielf\u00e4ltige Fragen nach den Grenzen: Welche Staaten k\u00f6nnen oder sollten noch aufgenommen werden? Welche Auswirkungen hat die fortschreitende politische und \u00f6konomische Integration auf die Binnengrenzen bzw. deren \u00dcberwindung? Ist die Abschottung der Au\u00dfengrenzen (&#8222;Festung Europa&#8220;) der Preis f\u00fcr die Freiz\u00fcgigkeit im Schengen-Raum?<\/p>\n<h3>Vortragsfolien<\/h3>\n<p><iframe loading=\"lazy\" src=\"https:\/\/www.slideshare.net\/slideshow\/embed_code\/key\/SZ6n7YsVD9ZUo?startSlide=1\" width=\"597\" height=\"387\" frameborder=\"0\" marginwidth=\"0\" marginheight=\"0\" scrolling=\"no\" style=\"border:1px solid #CCC; border-width:1px; margin-bottom:5px;max-width: 100%;\" allowfullscreen><\/iframe><\/p>\n<div style=\"margin-bottom:5px\"><strong><a href=\"https:\/\/de.slideshare.net\/slideshows\/die-grenzen-europas\/266182367\" title=\"Die Grenzen Europas\" target=\"_blank\" rel=\"noopener\">Die Grenzen Europas<\/a><\/strong> from <strong><a href=\"https:\/\/de.slideshare.net\/oagis\" target=\"_blank\" rel=\"noopener\">Dr. Thomas Ott<\/a><\/strong><\/div>\n<h3>Literatur<\/h3>\n<ul>\n<li>FASSMANN, H. (2002): Wo endet Europa? Anmerkungen zur Territorialit\u00e4t Europas und der EU. Mitteilungen der \u00d6sterreichischen Geographischen Gesellschaft 144, 27-36<\/li>\n<li>FRANK, F. (1991): Grenzen Europas. Ein Versuch, Europa zu definieren. In: geographie heute 12 (89), 4-7\n<li>GEBHARDT, Hans \/ GLASER, R\u00fcdiger \/ LENTZ, Sebastian (Hg.) (2013):\u00a0<a href=\"https:\/\/www.springer.com\/de\/book\/9783827420053\" target=\"_blank\" rel=\"noopener\"><strong>Europa &#8211; eine Geographie<\/strong><\/a>. Berlin, Heidelberg: Springer<\/li>\n<li>GEIGER, M. (1997): Europas Grenzen \u2013 grenzenloses Europa. Praxis Geographie 27 (10), 4-11<\/li>\n<li>SCHULTZ, Hans-Dietrich (2003): Welches Europa soll es denn sein? Anregungen f\u00fcr den Geographieunterricht. Internationale Schulbuchforschung 25 (3), 223-256<\/li>\n<\/ul>\n<p>&nbsp;<\/p>\n","protected":false},"excerpt":{"rendered":"<p>Vortrag im Rahmen der Initiative \u201eDoch Europa!\u201c, Volkshochschule Weinheim, 25. Januar 2024, Weinheim Kurzfassung W\u00e4hrend sich Europa im Westen, Norden und S\u00fcden relativ eindeutig abgrenzen l\u00e4sst, haben sich Geographen und Historiker \u00fcber Jahrhunderte an einer Definition der europ\u00e4ischen Ostgrenze versucht. Ausgehend von einer allgemeinen Betrachtung des Grenzbegriffes, gibt der Vortrag einen \u00dcberblick \u00fcber diese Grenzziehungen&#8230;<\/p>\n","protected":false},"author":1,"featured_media":20029,"comment_status":"open","ping_status":"open","sticky":false,"template":"","format":"standard","meta":{"_acf_changed":false,"footnotes":""},"categories":[398,408],"tags":[59,58],"class_list":["post-20028","post","type-post","status-publish","format-standard","has-post-thumbnail","hentry","category-litregdispeu","category-vortraege","tag-eu","tag-europa"],"acf":[],"yoast_head":"<!-- This site is optimized with the Yoast SEO plugin v27.1.1 - https:\/\/yoast.com\/product\/yoast-seo-wordpress\/ -->\n<title>Die Grenzen Europas | The Secret Life of Thomas Ott<\/title>\n<meta name=\"robots\" content=\"index, follow, max-snippet:-1, max-image-preview:large, max-video-preview:-1\" \/>\n<link rel=\"canonical\" href=\"https:\/\/thomas-ott.net\/home\/?p=20028\" \/>\n<meta property=\"og:locale\" content=\"de_DE\" \/>\n<meta property=\"og:type\" content=\"article\" \/>\n<meta property=\"og:title\" content=\"Die Grenzen Europas | The Secret Life of Thomas Ott\" \/>\n<meta property=\"og:description\" content=\"Vortrag im Rahmen der Initiative \u201eDoch Europa!\u201c, Volkshochschule Weinheim, 25. Januar 2024, Weinheim Kurzfassung W\u00e4hrend sich Europa im Westen, Norden und S\u00fcden relativ eindeutig abgrenzen l\u00e4sst, haben sich Geographen und Historiker \u00fcber Jahrhunderte an einer Definition der europ\u00e4ischen Ostgrenze versucht. Ausgehend von einer allgemeinen Betrachtung des Grenzbegriffes, gibt der Vortrag einen \u00dcberblick \u00fcber diese Grenzziehungen...\" \/>\n<meta property=\"og:url\" content=\"https:\/\/thomas-ott.net\/home\/?p=20028\" \/>\n<meta property=\"og:site_name\" content=\"The Secret Life of Thomas Ott\" \/>\n<meta property=\"article:publisher\" content=\"https:\/\/www.facebook.com\/oagis\" \/>\n<meta property=\"article:author\" content=\"https:\/\/www.facebook.com\/oagis\" \/>\n<meta property=\"article:published_time\" content=\"2024-02-06T19:56:26+00:00\" \/>\n<meta property=\"article:modified_time\" content=\"2024-02-06T20:09:33+00:00\" \/>\n<meta property=\"og:image\" content=\"https:\/\/thomas-ott.net\/home\/wp-content\/uploads\/2024\/02\/taz_140508_Europagrenzen_01_web.jpg\" \/>\n\t<meta property=\"og:image:width\" content=\"948\" \/>\n\t<meta property=\"og:image:height\" content=\"702\" \/>\n\t<meta property=\"og:image:type\" content=\"image\/jpeg\" \/>\n<meta name=\"author\" content=\"Thomas Ott\" \/>\n<meta name=\"twitter:card\" content=\"summary_large_image\" \/>\n<meta name=\"twitter:creator\" content=\"@oagis\" \/>\n<meta name=\"twitter:site\" content=\"@oagis\" \/>\n<meta name=\"twitter:label1\" content=\"Verfasst von\" \/>\n\t<meta name=\"twitter:data1\" content=\"Thomas Ott\" \/>\n\t<meta name=\"twitter:label2\" content=\"Gesch\u00e4tzte Lesezeit\" \/>\n\t<meta name=\"twitter:data2\" content=\"1\u00a0Minute\" \/>\n<script type=\"application\/ld+json\" class=\"yoast-schema-graph\">{\"@context\":\"https:\/\/schema.org\",\"@graph\":[{\"@type\":\"Article\",\"@id\":\"https:\/\/thomas-ott.net\/home\/?p=20028#article\",\"isPartOf\":{\"@id\":\"https:\/\/thomas-ott.net\/home\/?p=20028\"},\"author\":{\"name\":\"Thomas Ott\",\"@id\":\"https:\/\/thomas-ott.net\/home\/#\/schema\/person\/0a142f0a3d76fa4af0513a832379747b\"},\"headline\":\"Die Grenzen Europas\",\"datePublished\":\"2024-02-06T19:56:26+00:00\",\"dateModified\":\"2024-02-06T20:09:33+00:00\",\"mainEntityOfPage\":{\"@id\":\"https:\/\/thomas-ott.net\/home\/?p=20028\"},\"wordCount\":205,\"commentCount\":0,\"publisher\":{\"@id\":\"https:\/\/thomas-ott.net\/home\/#\/schema\/person\/0a142f0a3d76fa4af0513a832379747b\"},\"image\":{\"@id\":\"https:\/\/thomas-ott.net\/home\/?p=20028#primaryimage\"},\"thumbnailUrl\":\"https:\/\/thomas-ott.net\/home\/wp-content\/uploads\/2024\/02\/taz_140508_Europagrenzen_01_web.jpg\",\"keywords\":[\"EU\",\"Europa\"],\"articleSection\":[\"RegDispEU\",\"Vortr\u00e4ge\"],\"inLanguage\":\"de\",\"potentialAction\":[{\"@type\":\"CommentAction\",\"name\":\"Comment\",\"target\":[\"https:\/\/thomas-ott.net\/home\/?p=20028#respond\"]}]},{\"@type\":\"WebPage\",\"@id\":\"https:\/\/thomas-ott.net\/home\/?p=20028\",\"url\":\"https:\/\/thomas-ott.net\/home\/?p=20028\",\"name\":\"Die Grenzen Europas | The Secret Life of Thomas Ott\",\"isPartOf\":{\"@id\":\"https:\/\/thomas-ott.net\/home\/#website\"},\"primaryImageOfPage\":{\"@id\":\"https:\/\/thomas-ott.net\/home\/?p=20028#primaryimage\"},\"image\":{\"@id\":\"https:\/\/thomas-ott.net\/home\/?p=20028#primaryimage\"},\"thumbnailUrl\":\"https:\/\/thomas-ott.net\/home\/wp-content\/uploads\/2024\/02\/taz_140508_Europagrenzen_01_web.jpg\",\"datePublished\":\"2024-02-06T19:56:26+00:00\",\"dateModified\":\"2024-02-06T20:09:33+00:00\",\"breadcrumb\":{\"@id\":\"https:\/\/thomas-ott.net\/home\/?p=20028#breadcrumb\"},\"inLanguage\":\"de\",\"potentialAction\":[{\"@type\":\"ReadAction\",\"target\":[\"https:\/\/thomas-ott.net\/home\/?p=20028\"]}]},{\"@type\":\"ImageObject\",\"inLanguage\":\"de\",\"@id\":\"https:\/\/thomas-ott.net\/home\/?p=20028#primaryimage\",\"url\":\"https:\/\/thomas-ott.net\/home\/wp-content\/uploads\/2024\/02\/taz_140508_Europagrenzen_01_web.jpg\",\"contentUrl\":\"https:\/\/thomas-ott.net\/home\/wp-content\/uploads\/2024\/02\/taz_140508_Europagrenzen_01_web.jpg\",\"width\":948,\"height\":702},{\"@type\":\"BreadcrumbList\",\"@id\":\"https:\/\/thomas-ott.net\/home\/?p=20028#breadcrumb\",\"itemListElement\":[{\"@type\":\"ListItem\",\"position\":1,\"name\":\"Startseite\",\"item\":\"https:\/\/thomas-ott.net\/home\/\"},{\"@type\":\"ListItem\",\"position\":2,\"name\":\"Die Grenzen Europas\"}]},{\"@type\":\"WebSite\",\"@id\":\"https:\/\/thomas-ott.net\/home\/#website\",\"url\":\"https:\/\/thomas-ott.net\/home\/\",\"name\":\"The Secret Life of Thomas Ott\",\"description\":\"Website von Dr. Thomas Ott, Weinheim\",\"publisher\":{\"@id\":\"https:\/\/thomas-ott.net\/home\/#\/schema\/person\/0a142f0a3d76fa4af0513a832379747b\"},\"potentialAction\":[{\"@type\":\"SearchAction\",\"target\":{\"@type\":\"EntryPoint\",\"urlTemplate\":\"https:\/\/thomas-ott.net\/home\/?s={search_term_string}\"},\"query-input\":{\"@type\":\"PropertyValueSpecification\",\"valueRequired\":true,\"valueName\":\"search_term_string\"}}],\"inLanguage\":\"de\"},{\"@type\":[\"Person\",\"Organization\"],\"@id\":\"https:\/\/thomas-ott.net\/home\/#\/schema\/person\/0a142f0a3d76fa4af0513a832379747b\",\"name\":\"Thomas Ott\",\"image\":{\"@type\":\"ImageObject\",\"inLanguage\":\"de\",\"@id\":\"https:\/\/thomas-ott.net\/home\/#\/schema\/person\/image\/\",\"url\":\"https:\/\/secure.gravatar.com\/avatar\/984baf04fae50a93f41615cda6dee454fdc8be653bcfd6e45a10e9f54e05505b?s=96&d=mm&r=g\",\"contentUrl\":\"https:\/\/secure.gravatar.com\/avatar\/984baf04fae50a93f41615cda6dee454fdc8be653bcfd6e45a10e9f54e05505b?s=96&d=mm&r=g\",\"caption\":\"Thomas Ott\"},\"logo\":{\"@id\":\"https:\/\/thomas-ott.net\/home\/#\/schema\/person\/image\/\"},\"sameAs\":[\"https:\/\/www.facebook.com\/oagis\",\"https:\/\/www.instagram.com\/thomas_ott_66\/\",\"https:\/\/www.linkedin.com\/in\/oagis\/\",\"https:\/\/x.com\/oagis\"]}]}<\/script>\n<!-- \/ Yoast SEO plugin. -->","yoast_head_json":{"title":"Die Grenzen Europas | The Secret Life of Thomas Ott","robots":{"index":"index","follow":"follow","max-snippet":"max-snippet:-1","max-image-preview":"max-image-preview:large","max-video-preview":"max-video-preview:-1"},"canonical":"https:\/\/thomas-ott.net\/home\/?p=20028","og_locale":"de_DE","og_type":"article","og_title":"Die Grenzen Europas | The Secret Life of Thomas Ott","og_description":"Vortrag im Rahmen der Initiative \u201eDoch Europa!\u201c, Volkshochschule Weinheim, 25. Januar 2024, Weinheim Kurzfassung W\u00e4hrend sich Europa im Westen, Norden und S\u00fcden relativ eindeutig abgrenzen l\u00e4sst, haben sich Geographen und Historiker \u00fcber Jahrhunderte an einer Definition der europ\u00e4ischen Ostgrenze versucht. Ausgehend von einer allgemeinen Betrachtung des Grenzbegriffes, gibt der Vortrag einen \u00dcberblick \u00fcber diese Grenzziehungen...","og_url":"https:\/\/thomas-ott.net\/home\/?p=20028","og_site_name":"The Secret Life of Thomas Ott","article_publisher":"https:\/\/www.facebook.com\/oagis","article_author":"https:\/\/www.facebook.com\/oagis","article_published_time":"2024-02-06T19:56:26+00:00","article_modified_time":"2024-02-06T20:09:33+00:00","og_image":[{"width":948,"height":702,"url":"https:\/\/thomas-ott.net\/home\/wp-content\/uploads\/2024\/02\/taz_140508_Europagrenzen_01_web.jpg","type":"image\/jpeg"}],"author":"Thomas Ott","twitter_card":"summary_large_image","twitter_creator":"@oagis","twitter_site":"@oagis","twitter_misc":{"Verfasst von":"Thomas Ott","Gesch\u00e4tzte Lesezeit":"1\u00a0Minute"},"schema":{"@context":"https:\/\/schema.org","@graph":[{"@type":"Article","@id":"https:\/\/thomas-ott.net\/home\/?p=20028#article","isPartOf":{"@id":"https:\/\/thomas-ott.net\/home\/?p=20028"},"author":{"name":"Thomas Ott","@id":"https:\/\/thomas-ott.net\/home\/#\/schema\/person\/0a142f0a3d76fa4af0513a832379747b"},"headline":"Die Grenzen Europas","datePublished":"2024-02-06T19:56:26+00:00","dateModified":"2024-02-06T20:09:33+00:00","mainEntityOfPage":{"@id":"https:\/\/thomas-ott.net\/home\/?p=20028"},"wordCount":205,"commentCount":0,"publisher":{"@id":"https:\/\/thomas-ott.net\/home\/#\/schema\/person\/0a142f0a3d76fa4af0513a832379747b"},"image":{"@id":"https:\/\/thomas-ott.net\/home\/?p=20028#primaryimage"},"thumbnailUrl":"https:\/\/thomas-ott.net\/home\/wp-content\/uploads\/2024\/02\/taz_140508_Europagrenzen_01_web.jpg","keywords":["EU","Europa"],"articleSection":["RegDispEU","Vortr\u00e4ge"],"inLanguage":"de","potentialAction":[{"@type":"CommentAction","name":"Comment","target":["https:\/\/thomas-ott.net\/home\/?p=20028#respond"]}]},{"@type":"WebPage","@id":"https:\/\/thomas-ott.net\/home\/?p=20028","url":"https:\/\/thomas-ott.net\/home\/?p=20028","name":"Die Grenzen Europas | The Secret Life of Thomas Ott","isPartOf":{"@id":"https:\/\/thomas-ott.net\/home\/#website"},"primaryImageOfPage":{"@id":"https:\/\/thomas-ott.net\/home\/?p=20028#primaryimage"},"image":{"@id":"https:\/\/thomas-ott.net\/home\/?p=20028#primaryimage"},"thumbnailUrl":"https:\/\/thomas-ott.net\/home\/wp-content\/uploads\/2024\/02\/taz_140508_Europagrenzen_01_web.jpg","datePublished":"2024-02-06T19:56:26+00:00","dateModified":"2024-02-06T20:09:33+00:00","breadcrumb":{"@id":"https:\/\/thomas-ott.net\/home\/?p=20028#breadcrumb"},"inLanguage":"de","potentialAction":[{"@type":"ReadAction","target":["https:\/\/thomas-ott.net\/home\/?p=20028"]}]},{"@type":"ImageObject","inLanguage":"de","@id":"https:\/\/thomas-ott.net\/home\/?p=20028#primaryimage","url":"https:\/\/thomas-ott.net\/home\/wp-content\/uploads\/2024\/02\/taz_140508_Europagrenzen_01_web.jpg","contentUrl":"https:\/\/thomas-ott.net\/home\/wp-content\/uploads\/2024\/02\/taz_140508_Europagrenzen_01_web.jpg","width":948,"height":702},{"@type":"BreadcrumbList","@id":"https:\/\/thomas-ott.net\/home\/?p=20028#breadcrumb","itemListElement":[{"@type":"ListItem","position":1,"name":"Startseite","item":"https:\/\/thomas-ott.net\/home\/"},{"@type":"ListItem","position":2,"name":"Die Grenzen Europas"}]},{"@type":"WebSite","@id":"https:\/\/thomas-ott.net\/home\/#website","url":"https:\/\/thomas-ott.net\/home\/","name":"The Secret Life of Thomas Ott","description":"Website von Dr. Thomas Ott, Weinheim","publisher":{"@id":"https:\/\/thomas-ott.net\/home\/#\/schema\/person\/0a142f0a3d76fa4af0513a832379747b"},"potentialAction":[{"@type":"SearchAction","target":{"@type":"EntryPoint","urlTemplate":"https:\/\/thomas-ott.net\/home\/?s={search_term_string}"},"query-input":{"@type":"PropertyValueSpecification","valueRequired":true,"valueName":"search_term_string"}}],"inLanguage":"de"},{"@type":["Person","Organization"],"@id":"https:\/\/thomas-ott.net\/home\/#\/schema\/person\/0a142f0a3d76fa4af0513a832379747b","name":"Thomas Ott","image":{"@type":"ImageObject","inLanguage":"de","@id":"https:\/\/thomas-ott.net\/home\/#\/schema\/person\/image\/","url":"https:\/\/secure.gravatar.com\/avatar\/984baf04fae50a93f41615cda6dee454fdc8be653bcfd6e45a10e9f54e05505b?s=96&d=mm&r=g","contentUrl":"https:\/\/secure.gravatar.com\/avatar\/984baf04fae50a93f41615cda6dee454fdc8be653bcfd6e45a10e9f54e05505b?s=96&d=mm&r=g","caption":"Thomas Ott"},"logo":{"@id":"https:\/\/thomas-ott.net\/home\/#\/schema\/person\/image\/"},"sameAs":["https:\/\/www.facebook.com\/oagis","https:\/\/www.instagram.com\/thomas_ott_66\/","https:\/\/www.linkedin.com\/in\/oagis\/","https:\/\/x.com\/oagis"]}]}},"_links":{"self":[{"href":"https:\/\/thomas-ott.net\/home\/index.php?rest_route=\/wp\/v2\/posts\/20028","targetHints":{"allow":["GET"]}}],"collection":[{"href":"https:\/\/thomas-ott.net\/home\/index.php?rest_route=\/wp\/v2\/posts"}],"about":[{"href":"https:\/\/thomas-ott.net\/home\/index.php?rest_route=\/wp\/v2\/types\/post"}],"author":[{"embeddable":true,"href":"https:\/\/thomas-ott.net\/home\/index.php?rest_route=\/wp\/v2\/users\/1"}],"replies":[{"embeddable":true,"href":"https:\/\/thomas-ott.net\/home\/index.php?rest_route=%2Fwp%2Fv2%2Fcomments&post=20028"}],"version-history":[{"count":12,"href":"https:\/\/thomas-ott.net\/home\/index.php?rest_route=\/wp\/v2\/posts\/20028\/revisions"}],"predecessor-version":[{"id":20041,"href":"https:\/\/thomas-ott.net\/home\/index.php?rest_route=\/wp\/v2\/posts\/20028\/revisions\/20041"}],"wp:featuredmedia":[{"embeddable":true,"href":"https:\/\/thomas-ott.net\/home\/index.php?rest_route=\/wp\/v2\/media\/20029"}],"wp:attachment":[{"href":"https:\/\/thomas-ott.net\/home\/index.php?rest_route=%2Fwp%2Fv2%2Fmedia&parent=20028"}],"wp:term":[{"taxonomy":"category","embeddable":true,"href":"https:\/\/thomas-ott.net\/home\/index.php?rest_route=%2Fwp%2Fv2%2Fcategories&post=20028"},{"taxonomy":"post_tag","embeddable":true,"href":"https:\/\/thomas-ott.net\/home\/index.php?rest_route=%2Fwp%2Fv2%2Ftags&post=20028"}],"curies":[{"name":"wp","href":"https:\/\/api.w.org\/{rel}","templated":true}]}}