{"id":19827,"date":"2022-08-24T17:58:36","date_gmt":"2022-08-24T15:58:36","guid":{"rendered":"https:\/\/thomas-ott.net\/home\/?p=19827"},"modified":"2022-12-29T19:57:03","modified_gmt":"2022-12-29T18:57:03","slug":"alpenquerung-giro-delle-alpi-in-bicicletta","status":"publish","type":"post","link":"https:\/\/thomas-ott.net\/home\/?p=19827","title":{"rendered":"Alpenquerung 2022"},"content":{"rendered":"<p>Dieses Jahr haben wir uns einen lange gehegten Traum erf\u00fcllt und die Alpen mit dem Fahrrad \u00fcberquert (nur mit Muskelkraft). Wir haben die Reise in 17 Etappen unterteilt, die auch genug Zeit f\u00fcr Besichtigungen und (kulinarische) Gen\u00fcsse entlang der Strecke lie\u00dfen und das Vorhaben nicht zur Qu\u00e4lerei machten. Schlie\u00dflich bin ich nicht Jan Ulrich, und Udo Boelts kam auch nicht mit. Da wir nicht One-Way fahren wollten und das Zeitbudget begrenzt war, mussten wir die Abstecher nach Venedig und an den Gardasee leider aus der Route streichen. Insgesamt haben wir 1.008 Kilometer auf dem Fahrrad zur\u00fcckgelegt und 8.510 H\u00f6henmeter \u00fcberwunden.<\/p>\n<h3>01 (Weinheim -) Holzkirchen &#8211; Wildbad Kreuth<\/h3>\n<p>Distanz: 45,6 km<br \/>\nH\u00f6henmeter: +430 \/ \u2013220<br \/>\nFahrzeit: 03:24 h<\/p>\n<p>Der Tag begann mit einem Schreckmoment: der Zug, in dem wir schon vor Monaten die Pl\u00e4tze f\u00fcr unsere R\u00e4der gebucht hatten, wurde kurzfristig gestrichen. Gl\u00fccklicherweise erreichten wir noch eine fr\u00fchere S-Bahn nach Mannheim, wo wir in den ICE steigen konnten, den wir eigentlich erst ab Stuttgart gebucht hatten. Nachdem wir uns auch aus dem \u00fcbervollen Regionalzug herausgek\u00e4mpft hatten, machten wir uns von Holzkirchen auf der Fernradroute M\u00fcnchen &#8211; Venezia auf den Weg Richtung Tegernsee.<\/p>\n<p>Ziel der ersten Etappe war Wildbad Kreuth. Die \u00c4lteren werden sich an die Bilder aus tiefverschneiten Wintern erinnern, wenn sich die Landesgruppe der CSU hier zur Klausur traf, um die Bonner Politik mit Forderungen zu konfrontieren. Legend\u00e4r ist das Treffen von 1976, bei dem die Fraktionsgemeinschaft mit der CDU im Deutschen Bundestag aufgek\u00fcndigt wurde.\u00a0Das Geb\u00e4udeensemble wurde vor einigen Jahren von den Nachkommen der Wittelsbacher an einen Hotelier aus Rottach-Egern verkauft, der es zu einem Luxusresort umbauen m\u00f6chte. Bis es soweit ist, werden die R\u00e4umlichkeiten als &#8222;Pop-Up-Lodge&#8220; vermarktet. Das Hotel hat einen eigent\u00fcmlichen Charme, irgendwo zwischen &#8222;lost place&#8220; und (sehr nobler) Jugendherberge.<\/p>\n<p>Komoot: <a href=\"https:\/\/www.komoot.de\/tour\/902316823\" target=\"_blank\" rel=\"noopener\">https:\/\/www.komoot.de\/tour\/902316823<\/a><br \/>\nStrava: <a href=\"https:\/\/www.strava.com\/activities\/7698307110\" target=\"_blank\" rel=\"noopener\">https:\/\/www.strava.com\/activities\/7698307110<\/a><\/p>\n<div class=\"thumb-gallery gallery ts-mfp-gallery ts-gallery-shortcode\"><ul class=\"thumbs clearfix clearfix\" ><li class=\"hover-zoom ts-boxed-one-sixth\"><span><a href=\"https:\/\/thomas-ott.net\/home\/wp-content\/uploads\/2022\/12\/gly_alpquer_01_-1.jpg\" class=\"ts-image-link\"  title=\"\"><img decoding=\"async\" src=\"https:\/\/thomas-ott.net\/home\/wp-content\/uploads\/2022\/12\/gly_alpquer_01_-1-300x300.jpg\" data-attachment-id=\"72\" alt=\"\"\/><\/a><\/span><\/li><li class=\"hover-zoom ts-boxed-one-sixth ts-boxed-one-sixth\"><span><a href=\"https:\/\/thomas-ott.net\/home\/wp-content\/uploads\/2022\/12\/gly_alpquer_01_-2.jpg\" class=\"ts-image-link\"  title=\"\"><img decoding=\"async\" src=\"https:\/\/thomas-ott.net\/home\/wp-content\/uploads\/2022\/12\/gly_alpquer_01_-2-300x300.jpg\" data-attachment-id=\"893\" alt=\"\"\/><\/a><\/span><\/li><li class=\"hover-zoom ts-boxed-one-sixth ts-boxed-one-sixth ts-boxed-one-sixth\"><span><a href=\"https:\/\/thomas-ott.net\/home\/wp-content\/uploads\/2022\/12\/gly_alpquer_01_-3.jpg\" class=\"ts-image-link\"  title=\"\"><img decoding=\"async\" src=\"https:\/\/thomas-ott.net\/home\/wp-content\/uploads\/2022\/12\/gly_alpquer_01_-3-300x300.jpg\" data-attachment-id=\"705\" alt=\"\"\/><\/a><\/span><\/li><li class=\"hover-zoom ts-boxed-one-sixth ts-boxed-one-sixth ts-boxed-one-sixth ts-boxed-one-sixth\"><span><a href=\"https:\/\/thomas-ott.net\/home\/wp-content\/uploads\/2022\/12\/gly_alpquer_01_-4.jpg\" class=\"ts-image-link\"  title=\"\"><img decoding=\"async\" src=\"https:\/\/thomas-ott.net\/home\/wp-content\/uploads\/2022\/12\/gly_alpquer_01_-4-300x300.jpg\" data-attachment-id=\"470\" alt=\"\"\/><\/a><\/span><\/li><li class=\"hover-zoom ts-boxed-one-sixth ts-boxed-one-sixth ts-boxed-one-sixth ts-boxed-one-sixth ts-boxed-one-sixth\"><span><a href=\"https:\/\/thomas-ott.net\/home\/wp-content\/uploads\/2022\/12\/gly_alpquer_01_-5.jpg\" class=\"ts-image-link\"  title=\"\"><img decoding=\"async\" src=\"https:\/\/thomas-ott.net\/home\/wp-content\/uploads\/2022\/12\/gly_alpquer_01_-5-300x300.jpg\" data-attachment-id=\"9\" alt=\"\"\/><\/a><\/span><\/li><li class=\"hover-zoom ts-boxed-one-sixth ts-boxed-one-sixth ts-boxed-one-sixth ts-boxed-one-sixth ts-boxed-one-sixth ts-boxed-one-sixth last\"><span><a href=\"https:\/\/thomas-ott.net\/home\/wp-content\/uploads\/2022\/12\/gly_alpquer_01_-6.jpg\" class=\"ts-image-link\"  title=\"\"><img decoding=\"async\" src=\"https:\/\/thomas-ott.net\/home\/wp-content\/uploads\/2022\/12\/gly_alpquer_01_-6-300x300.jpg\" data-attachment-id=\"717\" alt=\"\"\/><\/a><\/span><\/li><\/ul><\/div><div class=\"clear\"><\/div>\n<div class=\"divider-shortcode line\" style=\"padding-top:10px;padding-bottom:20px;\"><div class=\"divider border-grey\" >&nbsp;<\/div><\/div>\n<h3>02 Wildbad Kreuth &#8211; Achensee &#8211; Pill im Inntal<\/h3>\n<p>Distanz: 61,5 km<br \/>\nH\u00f6henmeter: +530 \/ \u2013770<br \/>\nFahrzeit: 4:11 h<\/p>\n<p>Der erste von f\u00fcnf P\u00e4ssen liegt hinter uns, auch wenn es nur der Achenpass (941m) war. Die Strecke entlang des Achensees sind wir schon einige Male mit dem Auto gefahren. Mit dem Rad nimmt man die Sch\u00f6nheit des Sees und des Karwendelgebirges sehr viel intensiver wahr.<\/p>\n<p>Vom Achensee f\u00fchrt die Radroute steil hinab ins Inntal, u. a. \u00fcber eine kurvenreiche Naturrodelbahn. Der Inntal Radweg ist unspektakul\u00e4r, eingezw\u00e4ngt zwischen Flu\u00df, Autobahn und Bahngleisen. Architektonisches Highlight war die Kirche in Schwaz, die als \u201eHallenkirche\u201c vierschiffig gebaut ist.<\/p>\n<p>Komoot: <a href=\"https:\/\/www.komoot.de\/tour\/903560026\" target=\"_blank\" rel=\"noopener\">https:\/\/www.komoot.de\/tour\/903560026<\/a><br \/>\nStrava: <a href=\"https:\/\/strava.app.link\/UvX1eriwOsb\" target=\"_blank\" rel=\"noopener\">https:\/\/strava.app.link\/UvX1eriwOsb<\/a><\/p>\n<div class=\"thumb-gallery gallery ts-mfp-gallery ts-gallery-shortcode\"><ul class=\"thumbs clearfix clearfix\" ><li class=\"hover-zoom ts-boxed-one-sixth\"><span><a href=\"https:\/\/thomas-ott.net\/home\/wp-content\/uploads\/2022\/12\/gly_alpquer_02_-1.jpg\" class=\"ts-image-link\"  title=\"\"><img decoding=\"async\" src=\"https:\/\/thomas-ott.net\/home\/wp-content\/uploads\/2022\/12\/gly_alpquer_02_-1-300x300.jpg\" data-attachment-id=\"254\" alt=\"Test\"\/><\/a><\/span><\/li><li class=\"hover-zoom ts-boxed-one-sixth ts-boxed-one-sixth\"><span><a href=\"https:\/\/thomas-ott.net\/home\/wp-content\/uploads\/2022\/12\/gly_alpquer_02_-2.jpg\" class=\"ts-image-link\"  title=\"\"><img decoding=\"async\" src=\"https:\/\/thomas-ott.net\/home\/wp-content\/uploads\/2022\/12\/gly_alpquer_02_-2-300x300.jpg\" data-attachment-id=\"384\" alt=\"\"\/><\/a><\/span><\/li><li class=\"hover-zoom ts-boxed-one-sixth ts-boxed-one-sixth ts-boxed-one-sixth\"><span><a href=\"https:\/\/thomas-ott.net\/home\/wp-content\/uploads\/2022\/12\/gly_alpquer_02_-3.jpg\" class=\"ts-image-link\"  title=\"\"><img decoding=\"async\" src=\"https:\/\/thomas-ott.net\/home\/wp-content\/uploads\/2022\/12\/gly_alpquer_02_-3-300x300.jpg\" data-attachment-id=\"440\" alt=\"\"\/><\/a><\/span><\/li><li class=\"hover-zoom ts-boxed-one-sixth ts-boxed-one-sixth ts-boxed-one-sixth ts-boxed-one-sixth\"><span><a href=\"https:\/\/thomas-ott.net\/home\/wp-content\/uploads\/2022\/12\/gly_alpquer_02_-4.jpg\" class=\"ts-image-link\"  title=\"\"><img decoding=\"async\" src=\"https:\/\/thomas-ott.net\/home\/wp-content\/uploads\/2022\/12\/gly_alpquer_02_-4-300x300.jpg\" data-attachment-id=\"450\" alt=\"\"\/><\/a><\/span><\/li><li class=\"hover-zoom ts-boxed-one-sixth ts-boxed-one-sixth ts-boxed-one-sixth ts-boxed-one-sixth ts-boxed-one-sixth\"><span><a href=\"https:\/\/thomas-ott.net\/home\/wp-content\/uploads\/2022\/12\/gly_alpquer_02_-5.jpg\" class=\"ts-image-link\"  title=\"\"><img decoding=\"async\" src=\"https:\/\/thomas-ott.net\/home\/wp-content\/uploads\/2022\/12\/gly_alpquer_02_-5-300x300.jpg\" data-attachment-id=\"102\" alt=\"\"\/><\/a><\/span><\/li><li class=\"hover-zoom ts-boxed-one-sixth ts-boxed-one-sixth ts-boxed-one-sixth ts-boxed-one-sixth ts-boxed-one-sixth ts-boxed-one-sixth last\"><span><a href=\"https:\/\/thomas-ott.net\/home\/wp-content\/uploads\/2022\/12\/gly_alpquer_02_-6.jpg\" class=\"ts-image-link\"  title=\"\"><img decoding=\"async\" src=\"https:\/\/thomas-ott.net\/home\/wp-content\/uploads\/2022\/12\/gly_alpquer_02_-6-300x300.jpg\" data-attachment-id=\"942\" alt=\"\"\/><\/a><\/span><\/li><\/ul><\/div><div class=\"clear\"><\/div>\n<div class=\"divider-shortcode line\" style=\"padding-top:10px;padding-bottom:20px;\"><div class=\"divider border-grey\" >&nbsp;<\/div><\/div>\n<h3>03 Pill &#8211; Innsbruck &#8211; Patsch<\/h3>\n<p>Distanz: 49,2 km<br \/>\nH\u00f6henmeter: +530 \/ \u201390<br \/>\nFahrzeit: 03:54 h<\/p>\n<p>Erste Zwischenstation heute waren die &#8222;Swarovski Kristallwelten&#8220; in Wattens, wo der Schmucksteinhersteller seinen Hauptsitz um einen Landschaftspark mit Museum und Flagship Store erweitert hat. Danach ging es weiter nach Hall mit seiner sehr sehenswerten Altstadt. Und in Innsbruck kommt man selbstverst\u00e4ndlich nicht um einen Fotostop am Goldenen Dachl herum. \u00dcber Schloss Ambras f\u00fchrte unsere Route steil hinauf nach Igls und zum heutigen Ziel in Patsch, hoch \u00fcber der Europabr\u00fccke und mit Blick ins Stubaital.<\/p>\n<p>Komoot: <a href=\"https:\/\/www.komoot.de\/tour\/904785581\" target=\"_blank\" rel=\"noopener\">https:\/\/www.komoot.de\/tour\/904785581<\/a><br \/>\nStrava: <a href=\"https:\/\/strava.app.link\/YEotZDOZPsb\" target=\"_blank\" rel=\"noopener\">https:\/\/strava.app.link\/YEotZDOZPsb<\/a><\/p>\n<div class=\"thumb-gallery gallery ts-mfp-gallery ts-gallery-shortcode\"><ul class=\"thumbs clearfix clearfix\" ><li class=\"hover-zoom ts-boxed-one-sixth\"><span><a href=\"https:\/\/thomas-ott.net\/home\/wp-content\/uploads\/2022\/12\/gly_alpquer_03_-1.jpg\" class=\"ts-image-link\"  title=\"\"><img decoding=\"async\" src=\"https:\/\/thomas-ott.net\/home\/wp-content\/uploads\/2022\/12\/gly_alpquer_03_-1-300x300.jpg\" data-attachment-id=\"613\" alt=\"\"\/><\/a><\/span><\/li><li class=\"hover-zoom ts-boxed-one-sixth ts-boxed-one-sixth\"><span><a href=\"https:\/\/thomas-ott.net\/home\/wp-content\/uploads\/2022\/12\/gly_alpquer_03_-2.jpg\" class=\"ts-image-link\"  title=\"\"><img decoding=\"async\" src=\"https:\/\/thomas-ott.net\/home\/wp-content\/uploads\/2022\/12\/gly_alpquer_03_-2-300x300.jpg\" data-attachment-id=\"458\" alt=\"\"\/><\/a><\/span><\/li><li class=\"hover-zoom ts-boxed-one-sixth ts-boxed-one-sixth ts-boxed-one-sixth\"><span><a href=\"https:\/\/thomas-ott.net\/home\/wp-content\/uploads\/2022\/12\/gly_alpquer_03_-3.jpg\" class=\"ts-image-link\"  title=\"\"><img decoding=\"async\" src=\"https:\/\/thomas-ott.net\/home\/wp-content\/uploads\/2022\/12\/gly_alpquer_03_-3-300x300.jpg\" data-attachment-id=\"730\" alt=\"\"\/><\/a><\/span><\/li><li class=\"hover-zoom ts-boxed-one-sixth ts-boxed-one-sixth ts-boxed-one-sixth ts-boxed-one-sixth\"><span><a href=\"https:\/\/thomas-ott.net\/home\/wp-content\/uploads\/2022\/12\/gly_alpquer_03_-4.jpg\" class=\"ts-image-link\"  title=\"\"><img decoding=\"async\" src=\"https:\/\/thomas-ott.net\/home\/wp-content\/uploads\/2022\/12\/gly_alpquer_03_-4-300x300.jpg\" data-attachment-id=\"14\" alt=\"\"\/><\/a><\/span><\/li><li class=\"hover-zoom ts-boxed-one-sixth ts-boxed-one-sixth ts-boxed-one-sixth ts-boxed-one-sixth ts-boxed-one-sixth\"><span><a href=\"https:\/\/thomas-ott.net\/home\/wp-content\/uploads\/2022\/12\/gly_alpquer_03_-5.jpg\" class=\"ts-image-link\"  title=\"\"><img decoding=\"async\" src=\"https:\/\/thomas-ott.net\/home\/wp-content\/uploads\/2022\/12\/gly_alpquer_03_-5-300x300.jpg\" data-attachment-id=\"569\" alt=\"\"\/><\/a><\/span><\/li><li class=\"hover-zoom ts-boxed-one-sixth ts-boxed-one-sixth ts-boxed-one-sixth ts-boxed-one-sixth ts-boxed-one-sixth ts-boxed-one-sixth last\"><span><a href=\"https:\/\/thomas-ott.net\/home\/wp-content\/uploads\/2022\/12\/gly_alpquer_03_-6.jpg\" class=\"ts-image-link\"  title=\"\"><img decoding=\"async\" src=\"https:\/\/thomas-ott.net\/home\/wp-content\/uploads\/2022\/12\/gly_alpquer_03_-6-300x300.jpg\" data-attachment-id=\"292\" alt=\"\"\/><\/a><\/span><\/li><\/ul><\/div><div class=\"clear\"><\/div>\n<div class=\"divider-shortcode line\" style=\"padding-top:10px;padding-bottom:20px;\"><div class=\"divider border-grey\" >&nbsp;<\/div><\/div>\n<h3>04 Patsch &#8211; Brennerpass &#8211; Sterzing<\/h3>\n<p>Distanz: 53,2 km<br \/>\nH\u00f6henmeter: +630 \/ \u2013690<br \/>\nFahrzeit: 03:28 h<\/p>\n<p>Heute also die zweite H\u00e4lfte der Auffahrt zum Brenner. Zun\u00e4chst ging es im wellenf\u00f6rmigen Auf und Ab entlang des Wipptals. In Matrei trafen wir auf die Brenner Bundesstra\u00dfe, wo heute der \u00d6tztalradmarathon ausgetragen wurde. Von Steinach nach Gries fuhren wir zusammen mit den Nachz\u00fcglern des Rennens und konnten etwas Tour de France-Feeling mitnehmen, Hubschrauberl\u00e4rm inklusive.<\/p>\n<p>Nachdem uns der Besenwagen \u00fcberholt hatte, gerieten wir in die Karawane der Autos, die ungeduldig hinter dem Rennen auf freie Fahrt warteten. Das war vor allem auf den steileren Rampen sehr unangenehm. Endlich oben auf dem Pass, war ich ein bisschen stolz, es geschafft zu haben. Meine S\u00f6hne werden lachen, sie haben schon viel weitere Strecken mit tausenden H\u00f6henmetern bew\u00e4ltigt. <\/p>\n<p>Die Abfahrt nach Sterzing war sehr sch\u00f6n. Auf einer alten Bahntrasse rollt man ins Tal, ohne Bremsen zu m\u00fcssen. Der Radweg ist perfekt beschildert und alle Gefahrenstellen sind deutlich markiert.<\/p>\n<p>Komoot: <a href=\"https:\/\/www.komoot.de\/tour\/906320973\" target=\"_blank\" rel=\"noopener\">https:\/\/www.komoot.de\/tour\/906320973<\/a><br \/>\nStrava: <a href=\"https:\/\/strava.app.link\/gYmaBToBRsb\" target=\"_blank\" rel=\"noopener\">https:\/\/strava.app.link\/gYmaBToBRsb<\/a><\/p>\n<div class=\"thumb-gallery gallery ts-mfp-gallery ts-gallery-shortcode\"><ul class=\"thumbs clearfix clearfix\" ><li class=\"hover-zoom ts-boxed-one-sixth\"><span><a href=\"https:\/\/thomas-ott.net\/home\/wp-content\/uploads\/2022\/12\/gly_alpquer_04_-1.jpg\" class=\"ts-image-link\"  title=\"\"><img decoding=\"async\" src=\"https:\/\/thomas-ott.net\/home\/wp-content\/uploads\/2022\/12\/gly_alpquer_04_-1-300x300.jpg\" data-attachment-id=\"941\" alt=\"\"\/><\/a><\/span><\/li><li class=\"hover-zoom ts-boxed-one-sixth ts-boxed-one-sixth\"><span><a href=\"https:\/\/thomas-ott.net\/home\/wp-content\/uploads\/2022\/12\/gly_alpquer_04_-2.jpg\" class=\"ts-image-link\"  title=\"\"><img decoding=\"async\" src=\"https:\/\/thomas-ott.net\/home\/wp-content\/uploads\/2022\/12\/gly_alpquer_04_-2-300x300.jpg\" data-attachment-id=\"491\" alt=\"\"\/><\/a><\/span><\/li><li class=\"hover-zoom ts-boxed-one-sixth ts-boxed-one-sixth ts-boxed-one-sixth\"><span><a href=\"https:\/\/thomas-ott.net\/home\/wp-content\/uploads\/2022\/12\/gly_alpquer_04_-3.jpg\" class=\"ts-image-link\"  title=\"\"><img decoding=\"async\" src=\"https:\/\/thomas-ott.net\/home\/wp-content\/uploads\/2022\/12\/gly_alpquer_04_-3-300x300.jpg\" data-attachment-id=\"611\" alt=\"\"\/><\/a><\/span><\/li><li class=\"hover-zoom ts-boxed-one-sixth ts-boxed-one-sixth ts-boxed-one-sixth ts-boxed-one-sixth\"><span><a href=\"https:\/\/thomas-ott.net\/home\/wp-content\/uploads\/2022\/12\/gly_alpquer_04_-4.jpg\" class=\"ts-image-link\"  title=\"\"><img decoding=\"async\" src=\"https:\/\/thomas-ott.net\/home\/wp-content\/uploads\/2022\/12\/gly_alpquer_04_-4-300x300.jpg\" data-attachment-id=\"242\" alt=\"\"\/><\/a><\/span><\/li><li class=\"hover-zoom ts-boxed-one-sixth ts-boxed-one-sixth ts-boxed-one-sixth ts-boxed-one-sixth ts-boxed-one-sixth\"><span><a href=\"https:\/\/thomas-ott.net\/home\/wp-content\/uploads\/2022\/12\/gly_alpquer_04_-5.jpg\" class=\"ts-image-link\"  title=\"\"><img decoding=\"async\" src=\"https:\/\/thomas-ott.net\/home\/wp-content\/uploads\/2022\/12\/gly_alpquer_04_-5-300x300.jpg\" data-attachment-id=\"311\" alt=\"\"\/><\/a><\/span><\/li><li class=\"hover-zoom ts-boxed-one-sixth ts-boxed-one-sixth ts-boxed-one-sixth ts-boxed-one-sixth ts-boxed-one-sixth ts-boxed-one-sixth last\"><span><a href=\"https:\/\/thomas-ott.net\/home\/wp-content\/uploads\/2022\/12\/gly_alpquer_04_-6.jpg\" class=\"ts-image-link\"  title=\"\"><img decoding=\"async\" src=\"https:\/\/thomas-ott.net\/home\/wp-content\/uploads\/2022\/12\/gly_alpquer_04_-6-300x300.jpg\" data-attachment-id=\"371\" alt=\"\"\/><\/a><\/span><\/li><\/ul><\/div><div class=\"clear\"><\/div>\n<div class=\"divider-shortcode line\" style=\"padding-top:10px;padding-bottom:20px;\"><div class=\"divider border-grey\" >&nbsp;<\/div><\/div>\n<h3>05 Sterzing &#8211; Franzensfeste &#8211; Bruneck &#8211; Niederrasen<\/h3>\n<p>Distanz: 71,9 km<br \/>\nH\u00f6henmeter: +680 \/ \u2013560<br \/>\nFahrzeit: 04:38 h<\/p>\n<p>Die Abfahrt durch das Eisacktal zur Franzensfeste war anstrengender als gedacht, da mehrfach kurze, giftige Anstiege zu bew\u00e4ltigen waren. Die strategische, talblockierende Lage der Festung hat dazu gef\u00fchrt, dass die modernen Verkehrswege mitten durch das Bauwerk trassiert wurden. Der Radweg liegt teilweise direkt unter der Autobahn.<\/p>\n<p>Nachdem der knackige Anstieg nach M\u00fchlbach bew\u00e4ltigt war, verlief der Radweg sanft ansteigend im Talgrund des Pustertals bis nach Bruneck. Von dort aus nimmt die Steigung wieder zu, aber wir wurden mit dem Anblick der silbrig leuchtenden Dolomitengipfel belohnt.<br \/>\nDas heutige Quartier befindet sich in einem burg\u00e4hnlichen Gutshof (&#8222;Ansitz&#8220;) aus dem 16. Jahrhundert.<\/p>\n<p>Komoot: <a href=\"https:\/\/www.komoot.de\/tour\/907780556\" target=\"_blank\" rel=\"noopener\">https:\/\/www.komoot.de\/tour\/907780556<\/a><br \/>\nStrava: <a href=\"https:\/\/strava.app.link\/dBaLU7reUsb\" target=\"_blank\" rel=\"noopener\">https:\/\/strava.app.link\/dBaLU7reUsb<\/a><\/p>\n<div class=\"thumb-gallery gallery ts-mfp-gallery ts-gallery-shortcode\"><ul class=\"thumbs clearfix clearfix\" ><li class=\"hover-zoom ts-boxed-one-sixth\"><span><a href=\"https:\/\/thomas-ott.net\/home\/wp-content\/uploads\/2022\/12\/gly_alpquer_05_-1.jpg\" class=\"ts-image-link\"  title=\"\"><img decoding=\"async\" src=\"https:\/\/thomas-ott.net\/home\/wp-content\/uploads\/2022\/12\/gly_alpquer_05_-1-300x300.jpg\" data-attachment-id=\"261\" alt=\"\"\/><\/a><\/span><\/li><li class=\"hover-zoom ts-boxed-one-sixth ts-boxed-one-sixth\"><span><a href=\"https:\/\/thomas-ott.net\/home\/wp-content\/uploads\/2022\/12\/gly_alpquer_05_-2.jpg\" class=\"ts-image-link\"  title=\"\"><img decoding=\"async\" src=\"https:\/\/thomas-ott.net\/home\/wp-content\/uploads\/2022\/12\/gly_alpquer_05_-2-300x300.jpg\" data-attachment-id=\"992\" alt=\"\"\/><\/a><\/span><\/li><li class=\"hover-zoom ts-boxed-one-sixth ts-boxed-one-sixth ts-boxed-one-sixth\"><span><a href=\"https:\/\/thomas-ott.net\/home\/wp-content\/uploads\/2022\/12\/gly_alpquer_05_-3.jpg\" class=\"ts-image-link\"  title=\"\"><img decoding=\"async\" src=\"https:\/\/thomas-ott.net\/home\/wp-content\/uploads\/2022\/12\/gly_alpquer_05_-3-300x300.jpg\" data-attachment-id=\"470\" alt=\"\"\/><\/a><\/span><\/li><li class=\"hover-zoom ts-boxed-one-sixth ts-boxed-one-sixth ts-boxed-one-sixth ts-boxed-one-sixth\"><span><a href=\"https:\/\/thomas-ott.net\/home\/wp-content\/uploads\/2022\/12\/gly_alpquer_05_-4.jpg\" class=\"ts-image-link\"  title=\"\"><img decoding=\"async\" src=\"https:\/\/thomas-ott.net\/home\/wp-content\/uploads\/2022\/12\/gly_alpquer_05_-4-300x300.jpg\" data-attachment-id=\"946\" alt=\"\"\/><\/a><\/span><\/li><li class=\"hover-zoom ts-boxed-one-sixth ts-boxed-one-sixth ts-boxed-one-sixth ts-boxed-one-sixth ts-boxed-one-sixth\"><span><a href=\"https:\/\/thomas-ott.net\/home\/wp-content\/uploads\/2022\/12\/gly_alpquer_05_-5.jpg\" class=\"ts-image-link\"  title=\"\"><img decoding=\"async\" src=\"https:\/\/thomas-ott.net\/home\/wp-content\/uploads\/2022\/12\/gly_alpquer_05_-5-300x300.jpg\" data-attachment-id=\"291\" alt=\"\"\/><\/a><\/span><\/li><\/ul><\/div><div class=\"clear\"><\/div>\n<div class=\"divider-shortcode line\" style=\"padding-top:10px;padding-bottom:20px;\"><div class=\"divider border-grey\" >&nbsp;<\/div><\/div>\n<h3>06 Niederrasen &#8211; Toblach &#8211; Passo Cimabanche &#8211; Cortina d&#8217;Ampezzo<\/h3>\n<p>Distanz: 52,6 km<br \/>\nH\u00f6henmeter: +620 \/ \u2013420<br \/>\nFahrzeit: 04:02 h<\/p>\n<p>Der heutige Tag l\u00e4sst sich kaum in Worte fassen. Zun\u00e4chst fuhren wir weiter auf dem Pustertalradweg nach Toblach. Dort beginnt mit dem Dolomitenradweg eine Radroute, die hinter jeder Kurve ein neues, atemberaubendes Panorama anbietet. Erster H\u00f6hepunkt ist der Toblacher See, in dem sich die steilen Felsw\u00e4nde spiegeln. Nur wenige hundert Meter weiter, erinnert ein gro\u00dfer Soldatenfriedhof an das Grauen der Isonzofront. Auf teilweise grobem Schotter gelangt man auf eine Hochebene, von der sich ein grandioser Blick auf die Nordseite der Drei Zinnen \u00f6ffnet. Wie im Kino sitzt man da und beobachtet den Zug der Wolken \u00fcber und zwischen den Gipfeln. Kurz vor der Passh\u00f6he (Im Gem\u00e4rk \/ Passo Cimabanche, 1530m) ein weiterer t\u00fcrkisblauer See vor imposanten Felsw\u00e4nden. Jetzt beginnt die Abfahrt ins Veneto, die auf einer alten Bahntrasse durch Tunnels und \u00fcber Br\u00fccken einer tiefen Schlucht bis an den Stadtrand von Cortina folgt.<\/p>\n<p>Komoot: <a href=\"https:\/\/www.komoot.de\/tour\/908836596\" target=\"_blank\" rel=\"noopener\">https:\/\/www.komoot.de\/tour\/908836596<\/a><br \/>\nStrava: <a href=\"https:\/\/strava.app.link\/kebarifbVsb\" target=\"_blank\" rel=\"noopener\">https:\/\/strava.app.link\/kebarifbVsb<\/a><\/p>\n<div class=\"thumb-gallery gallery ts-mfp-gallery ts-gallery-shortcode\"><ul class=\"thumbs clearfix clearfix\" ><li class=\"hover-zoom ts-boxed-one-sixth\"><span><a href=\"https:\/\/thomas-ott.net\/home\/wp-content\/uploads\/2022\/12\/gly_alpquer_06_-1.jpg\" class=\"ts-image-link\"  title=\"\"><img decoding=\"async\" src=\"https:\/\/thomas-ott.net\/home\/wp-content\/uploads\/2022\/12\/gly_alpquer_06_-1-300x300.jpg\" data-attachment-id=\"965\" alt=\"\"\/><\/a><\/span><\/li><li class=\"hover-zoom ts-boxed-one-sixth ts-boxed-one-sixth\"><span><a href=\"https:\/\/thomas-ott.net\/home\/wp-content\/uploads\/2022\/12\/gly_alpquer_06_-2.jpg\" class=\"ts-image-link\"  title=\"\"><img decoding=\"async\" src=\"https:\/\/thomas-ott.net\/home\/wp-content\/uploads\/2022\/12\/gly_alpquer_06_-2-300x300.jpg\" data-attachment-id=\"899\" alt=\"\"\/><\/a><\/span><\/li><li class=\"hover-zoom ts-boxed-one-sixth ts-boxed-one-sixth ts-boxed-one-sixth\"><span><a href=\"https:\/\/thomas-ott.net\/home\/wp-content\/uploads\/2022\/12\/gly_alpquer_06_-3.jpg\" class=\"ts-image-link\"  title=\"\"><img decoding=\"async\" src=\"https:\/\/thomas-ott.net\/home\/wp-content\/uploads\/2022\/12\/gly_alpquer_06_-3-300x300.jpg\" data-attachment-id=\"386\" alt=\"\"\/><\/a><\/span><\/li><li class=\"hover-zoom ts-boxed-one-sixth ts-boxed-one-sixth ts-boxed-one-sixth ts-boxed-one-sixth\"><span><a href=\"https:\/\/thomas-ott.net\/home\/wp-content\/uploads\/2022\/12\/gly_alpquer_06_-4.jpg\" class=\"ts-image-link\"  title=\"\"><img decoding=\"async\" src=\"https:\/\/thomas-ott.net\/home\/wp-content\/uploads\/2022\/12\/gly_alpquer_06_-4-300x300.jpg\" data-attachment-id=\"508\" alt=\"\"\/><\/a><\/span><\/li><li class=\"hover-zoom ts-boxed-one-sixth ts-boxed-one-sixth ts-boxed-one-sixth ts-boxed-one-sixth ts-boxed-one-sixth\"><span><a href=\"https:\/\/thomas-ott.net\/home\/wp-content\/uploads\/2022\/12\/gly_alpquer_06_-5.jpg\" class=\"ts-image-link\"  title=\"\"><img decoding=\"async\" src=\"https:\/\/thomas-ott.net\/home\/wp-content\/uploads\/2022\/12\/gly_alpquer_06_-5-300x300.jpg\" data-attachment-id=\"544\" alt=\"\"\/><\/a><\/span><\/li><li class=\"hover-zoom ts-boxed-one-sixth ts-boxed-one-sixth ts-boxed-one-sixth ts-boxed-one-sixth ts-boxed-one-sixth ts-boxed-one-sixth last\"><span><a href=\"https:\/\/thomas-ott.net\/home\/wp-content\/uploads\/2022\/12\/gly_alpquer_06_-6.jpg\" class=\"ts-image-link\"  title=\"\"><img decoding=\"async\" src=\"https:\/\/thomas-ott.net\/home\/wp-content\/uploads\/2022\/12\/gly_alpquer_06_-6-300x300.jpg\" data-attachment-id=\"479\" alt=\"\"\/><\/a><\/span><\/li><li class=\"hover-zoom ts-boxed-one-sixth ts-boxed-one-sixth ts-boxed-one-sixth ts-boxed-one-sixth ts-boxed-one-sixth ts-boxed-one-sixth last ts-boxed-one-sixth\"><span><a href=\"https:\/\/thomas-ott.net\/home\/wp-content\/uploads\/2022\/12\/gly_alpquer_06_-7.jpg\" class=\"ts-image-link\"  title=\"\"><img decoding=\"async\" src=\"https:\/\/thomas-ott.net\/home\/wp-content\/uploads\/2022\/12\/gly_alpquer_06_-7-300x300.jpg\" data-attachment-id=\"579\" alt=\"\"\/><\/a><\/span><\/li><li class=\"hover-zoom ts-boxed-one-sixth ts-boxed-one-sixth ts-boxed-one-sixth ts-boxed-one-sixth ts-boxed-one-sixth ts-boxed-one-sixth last ts-boxed-one-sixth ts-boxed-one-sixth\"><span><a href=\"https:\/\/thomas-ott.net\/home\/wp-content\/uploads\/2022\/12\/gly_alpquer_06_-8.jpg\" class=\"ts-image-link\"  title=\"\"><img decoding=\"async\" src=\"https:\/\/thomas-ott.net\/home\/wp-content\/uploads\/2022\/12\/gly_alpquer_06_-8-300x300.jpg\" data-attachment-id=\"675\" alt=\"\"\/><\/a><\/span><\/li><li class=\"hover-zoom ts-boxed-one-sixth ts-boxed-one-sixth ts-boxed-one-sixth ts-boxed-one-sixth ts-boxed-one-sixth ts-boxed-one-sixth last ts-boxed-one-sixth ts-boxed-one-sixth ts-boxed-one-sixth\"><span><a href=\"https:\/\/thomas-ott.net\/home\/wp-content\/uploads\/2022\/12\/gly_alpquer_06_-9.jpg\" class=\"ts-image-link\"  title=\"\"><img decoding=\"async\" src=\"https:\/\/thomas-ott.net\/home\/wp-content\/uploads\/2022\/12\/gly_alpquer_06_-9-300x300.jpg\" data-attachment-id=\"427\" alt=\"\"\/><\/a><\/span><\/li><li class=\"hover-zoom ts-boxed-one-sixth ts-boxed-one-sixth ts-boxed-one-sixth ts-boxed-one-sixth ts-boxed-one-sixth ts-boxed-one-sixth last ts-boxed-one-sixth ts-boxed-one-sixth ts-boxed-one-sixth ts-boxed-one-sixth\"><span><a href=\"https:\/\/thomas-ott.net\/home\/wp-content\/uploads\/2022\/12\/gly_alpquer_06_-10.jpg\" class=\"ts-image-link\"  title=\"\"><img decoding=\"async\" src=\"https:\/\/thomas-ott.net\/home\/wp-content\/uploads\/2022\/12\/gly_alpquer_06_-10-300x300.jpg\" data-attachment-id=\"492\" alt=\"\"\/><\/a><\/span><\/li><li class=\"hover-zoom ts-boxed-one-sixth ts-boxed-one-sixth ts-boxed-one-sixth ts-boxed-one-sixth ts-boxed-one-sixth ts-boxed-one-sixth last ts-boxed-one-sixth ts-boxed-one-sixth ts-boxed-one-sixth ts-boxed-one-sixth ts-boxed-one-sixth\"><span><a href=\"https:\/\/thomas-ott.net\/home\/wp-content\/uploads\/2022\/12\/gly_alpquer_06_-11.jpg\" class=\"ts-image-link\"  title=\"\"><img decoding=\"async\" src=\"https:\/\/thomas-ott.net\/home\/wp-content\/uploads\/2022\/12\/gly_alpquer_06_-11-300x300.jpg\" data-attachment-id=\"457\" alt=\"\"\/><\/a><\/span><\/li><li class=\"hover-zoom ts-boxed-one-sixth ts-boxed-one-sixth ts-boxed-one-sixth ts-boxed-one-sixth ts-boxed-one-sixth ts-boxed-one-sixth last ts-boxed-one-sixth ts-boxed-one-sixth ts-boxed-one-sixth ts-boxed-one-sixth ts-boxed-one-sixth ts-boxed-one-sixth last\"><span><a href=\"https:\/\/thomas-ott.net\/home\/wp-content\/uploads\/2022\/12\/gly_alpquer_06_-12.jpg\" class=\"ts-image-link\"  title=\"\"><img decoding=\"async\" src=\"https:\/\/thomas-ott.net\/home\/wp-content\/uploads\/2022\/12\/gly_alpquer_06_-12-300x300.jpg\" data-attachment-id=\"482\" alt=\"\"\/><\/a><\/span><\/li><li class=\"hover-zoom ts-boxed-one-sixth ts-boxed-one-sixth ts-boxed-one-sixth ts-boxed-one-sixth ts-boxed-one-sixth ts-boxed-one-sixth last ts-boxed-one-sixth ts-boxed-one-sixth ts-boxed-one-sixth ts-boxed-one-sixth ts-boxed-one-sixth ts-boxed-one-sixth last ts-boxed-one-sixth\"><span><a href=\"https:\/\/thomas-ott.net\/home\/wp-content\/uploads\/2022\/12\/gly_alpquer_06_-13.jpg\" class=\"ts-image-link\"  title=\"\"><img decoding=\"async\" src=\"https:\/\/thomas-ott.net\/home\/wp-content\/uploads\/2022\/12\/gly_alpquer_06_-13-300x300.jpg\" data-attachment-id=\"870\" alt=\"\"\/><\/a><\/span><\/li><li class=\"hover-zoom ts-boxed-one-sixth ts-boxed-one-sixth ts-boxed-one-sixth ts-boxed-one-sixth ts-boxed-one-sixth ts-boxed-one-sixth last ts-boxed-one-sixth ts-boxed-one-sixth ts-boxed-one-sixth ts-boxed-one-sixth ts-boxed-one-sixth ts-boxed-one-sixth last ts-boxed-one-sixth ts-boxed-one-sixth\"><span><a href=\"https:\/\/thomas-ott.net\/home\/wp-content\/uploads\/2022\/12\/gly_alpquer_06_-14.jpg\" class=\"ts-image-link\"  title=\"\"><img decoding=\"async\" src=\"https:\/\/thomas-ott.net\/home\/wp-content\/uploads\/2022\/12\/gly_alpquer_06_-14-300x300.jpg\" data-attachment-id=\"283\" alt=\"\"\/><\/a><\/span><\/li><li class=\"hover-zoom ts-boxed-one-sixth ts-boxed-one-sixth ts-boxed-one-sixth ts-boxed-one-sixth ts-boxed-one-sixth ts-boxed-one-sixth last ts-boxed-one-sixth ts-boxed-one-sixth ts-boxed-one-sixth ts-boxed-one-sixth ts-boxed-one-sixth ts-boxed-one-sixth last ts-boxed-one-sixth ts-boxed-one-sixth ts-boxed-one-sixth\"><span><a href=\"https:\/\/thomas-ott.net\/home\/wp-content\/uploads\/2022\/12\/gly_alpquer_06_-15.jpg\" class=\"ts-image-link\"  title=\"\"><img decoding=\"async\" src=\"https:\/\/thomas-ott.net\/home\/wp-content\/uploads\/2022\/12\/gly_alpquer_06_-15-300x300.jpg\" data-attachment-id=\"552\" alt=\"\"\/><\/a><\/span><\/li><li class=\"hover-zoom ts-boxed-one-sixth ts-boxed-one-sixth ts-boxed-one-sixth ts-boxed-one-sixth ts-boxed-one-sixth ts-boxed-one-sixth last ts-boxed-one-sixth ts-boxed-one-sixth ts-boxed-one-sixth ts-boxed-one-sixth ts-boxed-one-sixth ts-boxed-one-sixth last ts-boxed-one-sixth ts-boxed-one-sixth ts-boxed-one-sixth ts-boxed-one-sixth\"><span><a href=\"https:\/\/thomas-ott.net\/home\/wp-content\/uploads\/2022\/12\/gly_alpquer_06_-16.jpg\" class=\"ts-image-link\"  title=\"\"><img decoding=\"async\" src=\"https:\/\/thomas-ott.net\/home\/wp-content\/uploads\/2022\/12\/gly_alpquer_06_-16-300x300.jpg\" data-attachment-id=\"985\" alt=\"\"\/><\/a><\/span><\/li><li class=\"hover-zoom ts-boxed-one-sixth ts-boxed-one-sixth ts-boxed-one-sixth ts-boxed-one-sixth ts-boxed-one-sixth ts-boxed-one-sixth last ts-boxed-one-sixth ts-boxed-one-sixth ts-boxed-one-sixth ts-boxed-one-sixth ts-boxed-one-sixth ts-boxed-one-sixth last ts-boxed-one-sixth ts-boxed-one-sixth ts-boxed-one-sixth ts-boxed-one-sixth ts-boxed-one-sixth\"><span><a href=\"https:\/\/thomas-ott.net\/home\/wp-content\/uploads\/2022\/12\/gly_alpquer_06_-17.jpg\" class=\"ts-image-link\"  title=\"\"><img decoding=\"async\" src=\"https:\/\/thomas-ott.net\/home\/wp-content\/uploads\/2022\/12\/gly_alpquer_06_-17-300x300.jpg\" data-attachment-id=\"769\" alt=\"\"\/><\/a><\/span><\/li><li class=\"hover-zoom ts-boxed-one-sixth ts-boxed-one-sixth ts-boxed-one-sixth ts-boxed-one-sixth ts-boxed-one-sixth ts-boxed-one-sixth last ts-boxed-one-sixth ts-boxed-one-sixth ts-boxed-one-sixth ts-boxed-one-sixth ts-boxed-one-sixth ts-boxed-one-sixth last ts-boxed-one-sixth ts-boxed-one-sixth ts-boxed-one-sixth ts-boxed-one-sixth ts-boxed-one-sixth ts-boxed-one-sixth last\"><span><a href=\"https:\/\/thomas-ott.net\/home\/wp-content\/uploads\/2022\/12\/gly_alpquer_06_-18.jpg\" class=\"ts-image-link\"  title=\"\"><img decoding=\"async\" src=\"https:\/\/thomas-ott.net\/home\/wp-content\/uploads\/2022\/12\/gly_alpquer_06_-18-300x300.jpg\" data-attachment-id=\"139\" alt=\"\"\/><\/a><\/span><\/li><\/ul><\/div><div class=\"clear\"><\/div>\n<div class=\"divider-shortcode line\" style=\"padding-top:10px;padding-bottom:20px;\"><div class=\"divider border-grey\" >&nbsp;<\/div><\/div>\n<h3>07 Cortina d&#8217;Ampezzo<\/h3>\n<p>Obwohl die Wettervorhersage ziemlich bescheiden war, machten wir uns am Morgen auf den Weg zum Busbahnhof. F\u00fcr nur 6,40 \u20ac f\u00e4hrt ein Bus bis hinauf ins Rifugio Auronzo (2333 m), direkt am Fu\u00df der Drei Zinnen. Schon die Anfahrt \u00fcber den Passo Tre Croci und den Misurina See ist jeden Cent wert. Vom Rifugio startet ein allwettertauglicher Rundweg um die drei Gipfel. Zu Beginn unserer Wanderung waren die Felst\u00fcrme nur zu erahnen, aber bald lichteten sich die Wolken zumindest soweit, dass immer wieder andere Teile des Massivs sichtbar waren. Auch ohne Postkartenwetter hatte der Ausflug einen besonderen Reiz.<\/p>\n<p>Komoot: <a href=\"https:\/\/www.komoot.de\/tour\/909781340\" target=\"_blank\" rel=\"noopener\">https:\/\/www.komoot.de\/tour\/909781340<\/a><\/p>\n<div class=\"thumb-gallery gallery ts-mfp-gallery ts-gallery-shortcode\"><ul class=\"thumbs clearfix clearfix\" ><li class=\"hover-zoom ts-boxed-one-sixth\"><span><a href=\"https:\/\/thomas-ott.net\/home\/wp-content\/uploads\/2022\/12\/gly_alpquer_07_-1.jpg\" class=\"ts-image-link\"  title=\"\"><img decoding=\"async\" src=\"https:\/\/thomas-ott.net\/home\/wp-content\/uploads\/2022\/12\/gly_alpquer_07_-1-300x300.jpg\" data-attachment-id=\"314\" alt=\"\"\/><\/a><\/span><\/li><li class=\"hover-zoom ts-boxed-one-sixth ts-boxed-one-sixth\"><span><a href=\"https:\/\/thomas-ott.net\/home\/wp-content\/uploads\/2022\/12\/gly_alpquer_07_-2.jpg\" class=\"ts-image-link\"  title=\"\"><img decoding=\"async\" src=\"https:\/\/thomas-ott.net\/home\/wp-content\/uploads\/2022\/12\/gly_alpquer_07_-2-300x300.jpg\" data-attachment-id=\"318\" alt=\"\"\/><\/a><\/span><\/li><li class=\"hover-zoom ts-boxed-one-sixth ts-boxed-one-sixth ts-boxed-one-sixth\"><span><a href=\"https:\/\/thomas-ott.net\/home\/wp-content\/uploads\/2022\/12\/gly_alpquer_07_-3.jpg\" class=\"ts-image-link\"  title=\"\"><img decoding=\"async\" src=\"https:\/\/thomas-ott.net\/home\/wp-content\/uploads\/2022\/12\/gly_alpquer_07_-3-300x300.jpg\" data-attachment-id=\"910\" alt=\"\"\/><\/a><\/span><\/li><li class=\"hover-zoom ts-boxed-one-sixth ts-boxed-one-sixth ts-boxed-one-sixth ts-boxed-one-sixth\"><span><a href=\"https:\/\/thomas-ott.net\/home\/wp-content\/uploads\/2022\/12\/gly_alpquer_07_-4.jpg\" class=\"ts-image-link\"  title=\"\"><img decoding=\"async\" src=\"https:\/\/thomas-ott.net\/home\/wp-content\/uploads\/2022\/12\/gly_alpquer_07_-4-300x300.jpg\" data-attachment-id=\"663\" alt=\"\"\/><\/a><\/span><\/li><li class=\"hover-zoom ts-boxed-one-sixth ts-boxed-one-sixth ts-boxed-one-sixth ts-boxed-one-sixth ts-boxed-one-sixth\"><span><a href=\"https:\/\/thomas-ott.net\/home\/wp-content\/uploads\/2022\/12\/gly_alpquer_07_-5.jpg\" class=\"ts-image-link\"  title=\"\"><img decoding=\"async\" src=\"https:\/\/thomas-ott.net\/home\/wp-content\/uploads\/2022\/12\/gly_alpquer_07_-5-300x300.jpg\" data-attachment-id=\"634\" alt=\"\"\/><\/a><\/span><\/li><li class=\"hover-zoom ts-boxed-one-sixth ts-boxed-one-sixth ts-boxed-one-sixth ts-boxed-one-sixth ts-boxed-one-sixth ts-boxed-one-sixth last\"><span><a href=\"https:\/\/thomas-ott.net\/home\/wp-content\/uploads\/2022\/12\/gly_alpquer_07_-6.jpg\" class=\"ts-image-link\"  title=\"\"><img decoding=\"async\" src=\"https:\/\/thomas-ott.net\/home\/wp-content\/uploads\/2022\/12\/gly_alpquer_07_-6-300x300.jpg\" data-attachment-id=\"782\" alt=\"\"\/><\/a><\/span><\/li><\/ul><\/div><div class=\"clear\"><\/div>\n<div class=\"divider-shortcode line\" style=\"padding-top:10px;padding-bottom:20px;\"><div class=\"divider border-grey\" >&nbsp;<\/div><\/div>\n<h3>08 Cortina d&#8217;Ampezzo &#8211; Ponte nell&#8217;Alpi<\/h3>\n<p>Distanz: 68,7 km<br \/>\nH\u00f6henmeter: +340 \/ \u20131.120<br \/>\nFahrzeit: 04:30 h<\/p>\n<p>Nachdem sich die &#8222;K\u00f6nigin der Dolomiten&#8220; gestern noch im grauen Kleid zeigte, konnten wir zum Abschied das volle Panorama in der Morgensonne genie\u00dfen. Vorbei an der Olympiaschanze von 1956 ging es wieder auf der alten Bahnstrecke mehr als 1000 H\u00f6henmeter abw\u00e4rts durch das Cadore.<\/p>\n<p>Das Val di Cadore ist auch als \u201eTal der Gelatieri\u201c bekannt. Von hier stammt ein Gro\u00dfteil der italienischen Eisdielen-Besitzer in Deutschland und \u00d6sterreich. Seit den 1920er Jahren wanderten sie aus, um im Sommer Eis zu verkaufen und den Winter in ihrer Heimat zu verbringen. Bei einer Gewitterpause am Nachmittag kamen wir mit einem Handwerker ins Gespr\u00e4ch, der einige Sommer in verschieden deutschen St\u00e4dten (u.a. Heidelberg) als Eisverk\u00e4ufer gearbeitet hat.<\/p>\n<p>Ab dem mittleren Teil des Tals f\u00e4hrt die Eisenbahn noch. Seit eine Schnellstra\u00dfe mit gro\u00dfen Talbr\u00fccken und Tunnels gebaut wurde, sind die D\u00f6rfer in einen Dornr\u00f6schenschlaf gefallen. Wir hatten \u00fcber mehr als 20 km die alte Staatsstra\u00dfe ganz f\u00fcr uns allein.<\/p>\n<p>Komoot: <a href=\"https:\/\/www.komoot.de\/tour\/911113767\" target=\"_blank\" rel=\"noopener\">https:\/\/www.komoot.de\/tour\/911113767<\/a><br \/>\nStrava: <a href=\"https:\/\/strava.app.link\/Ddsy7agoYsb\" target=\"_blank\" rel=\"noopener\">https:\/\/strava.app.link\/Ddsy7agoYsb<\/a><\/p>\n<div class=\"thumb-gallery gallery ts-mfp-gallery ts-gallery-shortcode\"><ul class=\"thumbs clearfix clearfix\" ><li class=\"hover-zoom ts-boxed-one-sixth\"><span><a href=\"https:\/\/thomas-ott.net\/home\/wp-content\/uploads\/2022\/12\/gly_alpquer_08_-1.jpg\" class=\"ts-image-link\"  title=\"\"><img decoding=\"async\" src=\"https:\/\/thomas-ott.net\/home\/wp-content\/uploads\/2022\/12\/gly_alpquer_08_-1-300x300.jpg\" data-attachment-id=\"223\" alt=\"\"\/><\/a><\/span><\/li><li class=\"hover-zoom ts-boxed-one-sixth ts-boxed-one-sixth\"><span><a href=\"https:\/\/thomas-ott.net\/home\/wp-content\/uploads\/2022\/12\/gly_alpquer_08_-2.jpg\" class=\"ts-image-link\"  title=\"\"><img decoding=\"async\" src=\"https:\/\/thomas-ott.net\/home\/wp-content\/uploads\/2022\/12\/gly_alpquer_08_-2-300x300.jpg\" data-attachment-id=\"88\" alt=\"\"\/><\/a><\/span><\/li><li class=\"hover-zoom ts-boxed-one-sixth ts-boxed-one-sixth ts-boxed-one-sixth\"><span><a href=\"https:\/\/thomas-ott.net\/home\/wp-content\/uploads\/2022\/12\/gly_alpquer_08_-3.jpg\" class=\"ts-image-link\"  title=\"\"><img decoding=\"async\" src=\"https:\/\/thomas-ott.net\/home\/wp-content\/uploads\/2022\/12\/gly_alpquer_08_-3-300x300.jpg\" data-attachment-id=\"254\" alt=\"\"\/><\/a><\/span><\/li><li class=\"hover-zoom ts-boxed-one-sixth ts-boxed-one-sixth ts-boxed-one-sixth ts-boxed-one-sixth\"><span><a href=\"https:\/\/thomas-ott.net\/home\/wp-content\/uploads\/2022\/12\/gly_alpquer_08_-4.jpg\" class=\"ts-image-link\"  title=\"\"><img decoding=\"async\" src=\"https:\/\/thomas-ott.net\/home\/wp-content\/uploads\/2022\/12\/gly_alpquer_08_-4-300x300.jpg\" data-attachment-id=\"158\" alt=\"\"\/><\/a><\/span><\/li><li class=\"hover-zoom ts-boxed-one-sixth ts-boxed-one-sixth ts-boxed-one-sixth ts-boxed-one-sixth ts-boxed-one-sixth\"><span><a href=\"https:\/\/thomas-ott.net\/home\/wp-content\/uploads\/2022\/12\/gly_alpquer_08_-5.jpg\" class=\"ts-image-link\"  title=\"\"><img decoding=\"async\" src=\"https:\/\/thomas-ott.net\/home\/wp-content\/uploads\/2022\/12\/gly_alpquer_08_-5-300x300.jpg\" data-attachment-id=\"332\" alt=\"\"\/><\/a><\/span><\/li><li class=\"hover-zoom ts-boxed-one-sixth ts-boxed-one-sixth ts-boxed-one-sixth ts-boxed-one-sixth ts-boxed-one-sixth ts-boxed-one-sixth last\"><span><a href=\"https:\/\/thomas-ott.net\/home\/wp-content\/uploads\/2022\/12\/gly_alpquer_08_-6.jpg\" class=\"ts-image-link\"  title=\"\"><img decoding=\"async\" src=\"https:\/\/thomas-ott.net\/home\/wp-content\/uploads\/2022\/12\/gly_alpquer_08_-6-300x300.jpg\" data-attachment-id=\"389\" alt=\"\"\/><\/a><\/span><\/li><li class=\"hover-zoom ts-boxed-one-sixth ts-boxed-one-sixth ts-boxed-one-sixth ts-boxed-one-sixth ts-boxed-one-sixth ts-boxed-one-sixth last ts-boxed-one-sixth\"><span><a href=\"https:\/\/thomas-ott.net\/home\/wp-content\/uploads\/2022\/12\/gly_alpquer_08_-7.jpg\" class=\"ts-image-link\"  title=\"\"><img decoding=\"async\" src=\"https:\/\/thomas-ott.net\/home\/wp-content\/uploads\/2022\/12\/gly_alpquer_08_-7-300x300.jpg\" data-attachment-id=\"761\" alt=\"\"\/><\/a><\/span><\/li><li class=\"hover-zoom ts-boxed-one-sixth ts-boxed-one-sixth ts-boxed-one-sixth ts-boxed-one-sixth ts-boxed-one-sixth ts-boxed-one-sixth last ts-boxed-one-sixth ts-boxed-one-sixth\"><span><a href=\"https:\/\/thomas-ott.net\/home\/wp-content\/uploads\/2022\/12\/gly_alpquer_08_-8.jpg\" class=\"ts-image-link\"  title=\"\"><img decoding=\"async\" src=\"https:\/\/thomas-ott.net\/home\/wp-content\/uploads\/2022\/12\/gly_alpquer_08_-8-300x300.jpg\" data-attachment-id=\"611\" alt=\"\"\/><\/a><\/span><\/li><li class=\"hover-zoom ts-boxed-one-sixth ts-boxed-one-sixth ts-boxed-one-sixth ts-boxed-one-sixth ts-boxed-one-sixth ts-boxed-one-sixth last ts-boxed-one-sixth ts-boxed-one-sixth ts-boxed-one-sixth\"><span><a href=\"https:\/\/thomas-ott.net\/home\/wp-content\/uploads\/2022\/12\/gly_alpquer_08_-9.jpg\" class=\"ts-image-link\"  title=\"\"><img decoding=\"async\" src=\"https:\/\/thomas-ott.net\/home\/wp-content\/uploads\/2022\/12\/gly_alpquer_08_-9-300x300.jpg\" data-attachment-id=\"686\" alt=\"\"\/><\/a><\/span><\/li><li class=\"hover-zoom ts-boxed-one-sixth ts-boxed-one-sixth ts-boxed-one-sixth ts-boxed-one-sixth ts-boxed-one-sixth ts-boxed-one-sixth last ts-boxed-one-sixth ts-boxed-one-sixth ts-boxed-one-sixth ts-boxed-one-sixth\"><span><a href=\"https:\/\/thomas-ott.net\/home\/wp-content\/uploads\/2022\/12\/gly_alpquer_08_-10.jpg\" class=\"ts-image-link\"  title=\"\"><img decoding=\"async\" src=\"https:\/\/thomas-ott.net\/home\/wp-content\/uploads\/2022\/12\/gly_alpquer_08_-10-300x300.jpg\" data-attachment-id=\"304\" alt=\"\"\/><\/a><\/span><\/li><li class=\"hover-zoom ts-boxed-one-sixth ts-boxed-one-sixth ts-boxed-one-sixth ts-boxed-one-sixth ts-boxed-one-sixth ts-boxed-one-sixth last ts-boxed-one-sixth ts-boxed-one-sixth ts-boxed-one-sixth ts-boxed-one-sixth ts-boxed-one-sixth\"><span><a href=\"https:\/\/thomas-ott.net\/home\/wp-content\/uploads\/2022\/12\/gly_alpquer_08_-11.jpg\" class=\"ts-image-link\"  title=\"\"><img decoding=\"async\" src=\"https:\/\/thomas-ott.net\/home\/wp-content\/uploads\/2022\/12\/gly_alpquer_08_-11-300x300.jpg\" data-attachment-id=\"515\" alt=\"\"\/><\/a><\/span><\/li><li class=\"hover-zoom ts-boxed-one-sixth ts-boxed-one-sixth ts-boxed-one-sixth ts-boxed-one-sixth ts-boxed-one-sixth ts-boxed-one-sixth last ts-boxed-one-sixth ts-boxed-one-sixth ts-boxed-one-sixth ts-boxed-one-sixth ts-boxed-one-sixth ts-boxed-one-sixth last\"><span><a href=\"https:\/\/thomas-ott.net\/home\/wp-content\/uploads\/2022\/12\/gly_alpquer_08_-12.jpg\" class=\"ts-image-link\"  title=\"\"><img decoding=\"async\" src=\"https:\/\/thomas-ott.net\/home\/wp-content\/uploads\/2022\/12\/gly_alpquer_08_-12-300x300.jpg\" data-attachment-id=\"320\" alt=\"\"\/><\/a><\/span><\/li><\/ul><\/div><div class=\"clear\"><\/div>\n<div class=\"divider-shortcode line\" style=\"padding-top:10px;padding-bottom:20px;\"><div class=\"divider border-grey\" >&nbsp;<\/div><\/div>\n<h3>09 Ponte nell&#8217;Alpi &#8211; Belluno &#8211; Feltre<\/h3>\n<p>Distanz: 56,7 km<br \/>\nH\u00f6henmeter: +480 \/ \u2013610<br \/>\nFahrzeit: 04:33 h<\/p>\n<p>Heute haben wir die Radroute nach Venedig verlassen und sind dem Tal des Piave nach S\u00fcdwesten gefolgt. \u00dcber die Vorh\u00fcgel der Belluneser Alpen glich der Weg einem \u00fcberdimensionierten Pump Track durch Wiesen, W\u00e4lder und manchmal auch die Vorg\u00e4rten der Bauernh\u00f6fe. Mit Belluno und Feltre gab es gleich zwei herausragende alte Stadtkerne zu besichtigen.<\/p>\n<p>Komoot: <a href=\"https:\/\/www.komoot.de\/tour\/912441146\" target=\"_blank\" rel=\"noopener\">https:\/\/www.komoot.de\/tour\/912441146<\/a><br \/>\nStrava: <a href=\"https:\/\/strava.app.link\/GiTWDwia0sb\" target=\"_blank\" rel=\"noopener\">https:\/\/strava.app.link\/GiTWDwia0sb<\/a><\/p>\n<div class=\"thumb-gallery gallery ts-mfp-gallery ts-gallery-shortcode\"><ul class=\"thumbs clearfix clearfix\" ><li class=\"hover-zoom ts-boxed-one-sixth\"><span><a href=\"https:\/\/thomas-ott.net\/home\/wp-content\/uploads\/2022\/12\/gly_alpquer_09-1.jpg\" class=\"ts-image-link\"  title=\"\"><img decoding=\"async\" src=\"https:\/\/thomas-ott.net\/home\/wp-content\/uploads\/2022\/12\/gly_alpquer_09-1-300x300.jpg\" data-attachment-id=\"759\" alt=\"\"\/><\/a><\/span><\/li><li class=\"hover-zoom ts-boxed-one-sixth ts-boxed-one-sixth\"><span><a href=\"https:\/\/thomas-ott.net\/home\/wp-content\/uploads\/2022\/12\/gly_alpquer_09-2.jpg\" class=\"ts-image-link\"  title=\"\"><img decoding=\"async\" src=\"https:\/\/thomas-ott.net\/home\/wp-content\/uploads\/2022\/12\/gly_alpquer_09-2-300x300.jpg\" data-attachment-id=\"401\" alt=\"\"\/><\/a><\/span><\/li><li class=\"hover-zoom ts-boxed-one-sixth ts-boxed-one-sixth ts-boxed-one-sixth\"><span><a href=\"https:\/\/thomas-ott.net\/home\/wp-content\/uploads\/2022\/12\/gly_alpquer_09-3.jpg\" class=\"ts-image-link\"  title=\"\"><img decoding=\"async\" src=\"https:\/\/thomas-ott.net\/home\/wp-content\/uploads\/2022\/12\/gly_alpquer_09-3-300x300.jpg\" data-attachment-id=\"750\" alt=\"\"\/><\/a><\/span><\/li><li class=\"hover-zoom ts-boxed-one-sixth ts-boxed-one-sixth ts-boxed-one-sixth ts-boxed-one-sixth\"><span><a href=\"https:\/\/thomas-ott.net\/home\/wp-content\/uploads\/2022\/12\/gly_alpquer_09-4.jpg\" class=\"ts-image-link\"  title=\"\"><img decoding=\"async\" src=\"https:\/\/thomas-ott.net\/home\/wp-content\/uploads\/2022\/12\/gly_alpquer_09-4-300x300.jpg\" data-attachment-id=\"804\" alt=\"\"\/><\/a><\/span><\/li><li class=\"hover-zoom ts-boxed-one-sixth ts-boxed-one-sixth ts-boxed-one-sixth ts-boxed-one-sixth ts-boxed-one-sixth\"><span><a href=\"https:\/\/thomas-ott.net\/home\/wp-content\/uploads\/2022\/12\/gly_alpquer_09-5.jpg\" class=\"ts-image-link\"  title=\"\"><img decoding=\"async\" src=\"https:\/\/thomas-ott.net\/home\/wp-content\/uploads\/2022\/12\/gly_alpquer_09-5-300x300.jpg\" data-attachment-id=\"3\" alt=\"\"\/><\/a><\/span><\/li><li class=\"hover-zoom ts-boxed-one-sixth ts-boxed-one-sixth ts-boxed-one-sixth ts-boxed-one-sixth ts-boxed-one-sixth ts-boxed-one-sixth last\"><span><a href=\"https:\/\/thomas-ott.net\/home\/wp-content\/uploads\/2022\/12\/gly_alpquer_09-6.jpg\" class=\"ts-image-link\"  title=\"\"><img decoding=\"async\" src=\"https:\/\/thomas-ott.net\/home\/wp-content\/uploads\/2022\/12\/gly_alpquer_09-6-300x300.jpg\" data-attachment-id=\"92\" alt=\"\"\/><\/a><\/span><\/li><li class=\"hover-zoom ts-boxed-one-sixth ts-boxed-one-sixth ts-boxed-one-sixth ts-boxed-one-sixth ts-boxed-one-sixth ts-boxed-one-sixth last ts-boxed-one-sixth\"><span><a href=\"https:\/\/thomas-ott.net\/home\/wp-content\/uploads\/2022\/12\/gly_alpquer_09-7.jpg\" class=\"ts-image-link\"  title=\"\"><img decoding=\"async\" src=\"https:\/\/thomas-ott.net\/home\/wp-content\/uploads\/2022\/12\/gly_alpquer_09-7-300x300.jpg\" data-attachment-id=\"219\" alt=\"\"\/><\/a><\/span><\/li><li class=\"hover-zoom ts-boxed-one-sixth ts-boxed-one-sixth ts-boxed-one-sixth ts-boxed-one-sixth ts-boxed-one-sixth ts-boxed-one-sixth last ts-boxed-one-sixth ts-boxed-one-sixth\"><span><a href=\"https:\/\/thomas-ott.net\/home\/wp-content\/uploads\/2022\/12\/gly_alpquer_09-8.jpg\" class=\"ts-image-link\"  title=\"\"><img decoding=\"async\" src=\"https:\/\/thomas-ott.net\/home\/wp-content\/uploads\/2022\/12\/gly_alpquer_09-8-300x300.jpg\" data-attachment-id=\"804\" alt=\"\"\/><\/a><\/span><\/li><li class=\"hover-zoom ts-boxed-one-sixth ts-boxed-one-sixth ts-boxed-one-sixth ts-boxed-one-sixth ts-boxed-one-sixth ts-boxed-one-sixth last ts-boxed-one-sixth ts-boxed-one-sixth ts-boxed-one-sixth\"><span><a href=\"https:\/\/thomas-ott.net\/home\/wp-content\/uploads\/2022\/12\/gly_alpquer_09-9.jpg\" class=\"ts-image-link\"  title=\"\"><img decoding=\"async\" src=\"https:\/\/thomas-ott.net\/home\/wp-content\/uploads\/2022\/12\/gly_alpquer_09-9-300x300.jpg\" data-attachment-id=\"435\" alt=\"\"\/><\/a><\/span><\/li><\/ul><\/div><div class=\"clear\"><\/div>\n<div class=\"divider-shortcode line\" style=\"padding-top:10px;padding-bottom:20px;\"><div class=\"divider border-grey\" >&nbsp;<\/div><\/div>\n<h3>10 Feltre &#8211; Primolano &#8211; Barco (Levico Terme)<\/h3>\n<p>Distanz: 66,0 km<br \/>\nH\u00f6henmeter: +470 \/ \u2013300<br \/>\nFahrzeit: 04:08 h<\/p>\n<p>Von Feltre f\u00fchrte uns die heutige Strecke zun\u00e4chst zum Lago del Corlo, zur Zeit leider nur ein T\u00fcmpel. \u00dcber einen kleinen Pass gelangt man an die ber\u00fchmten &#8222;scale di Primolano&#8220;, eine Staffel von engen Spitzkehren, die steil hinab an das obere Ende der Brentaschlucht in den namensgebenden Ort f\u00fchren. Wir bogen unten nach rechts ins Val Sugana ab. Dort f\u00fchrt die Radroute auf dem Hochwasserdamm der Brenta bis zum Kurort Levico Terme (L\u00f6weneck), vor dessen Toren wir in einem Agritourismo inmitten von Apfelplantagen \u00fcbernachten.<br \/>\nBesonders sehenswert waren heute die Altstadt von Borgo Valsugana (Burg im Suganertal) und die \u00dcberreste der Befestigungen aus dem 1. Weltkrieg.<\/p>\n<p>Komoot: <a href=\"https:\/\/www.komoot.de\/tour\/913605078\" target=\"_blank\" rel=\"noopener\">https:\/\/www.komoot.de\/tour\/913605078<\/a><br \/>\nStrava: <a href=\"https:\/\/strava.app.link\/Vu2UQmDI1sb\" target=\"_blank\" rel=\"noopener\">https:\/\/strava.app.link\/Vu2UQmDI1sb<\/a><\/p>\n<div class=\"thumb-gallery gallery ts-mfp-gallery ts-gallery-shortcode\"><ul class=\"thumbs clearfix clearfix\" ><li class=\"hover-zoom ts-boxed-one-sixth\"><span><a href=\"https:\/\/thomas-ott.net\/home\/wp-content\/uploads\/2022\/12\/gly_alpquer_10_-1.jpg\" class=\"ts-image-link\"  title=\"\"><img decoding=\"async\" src=\"https:\/\/thomas-ott.net\/home\/wp-content\/uploads\/2022\/12\/gly_alpquer_10_-1-300x300.jpg\" data-attachment-id=\"890\" alt=\"\"\/><\/a><\/span><\/li><li class=\"hover-zoom ts-boxed-one-sixth ts-boxed-one-sixth\"><span><a href=\"https:\/\/thomas-ott.net\/home\/wp-content\/uploads\/2022\/12\/gly_alpquer_10_-2.jpg\" class=\"ts-image-link\"  title=\"\"><img decoding=\"async\" src=\"https:\/\/thomas-ott.net\/home\/wp-content\/uploads\/2022\/12\/gly_alpquer_10_-2-300x300.jpg\" data-attachment-id=\"306\" alt=\"\"\/><\/a><\/span><\/li><li class=\"hover-zoom ts-boxed-one-sixth ts-boxed-one-sixth ts-boxed-one-sixth\"><span><a href=\"https:\/\/thomas-ott.net\/home\/wp-content\/uploads\/2022\/12\/gly_alpquer_10_-3.jpg\" class=\"ts-image-link\"  title=\"\"><img decoding=\"async\" src=\"https:\/\/thomas-ott.net\/home\/wp-content\/uploads\/2022\/12\/gly_alpquer_10_-3-300x300.jpg\" data-attachment-id=\"76\" alt=\"\"\/><\/a><\/span><\/li><li class=\"hover-zoom ts-boxed-one-sixth ts-boxed-one-sixth ts-boxed-one-sixth ts-boxed-one-sixth\"><span><a href=\"https:\/\/thomas-ott.net\/home\/wp-content\/uploads\/2022\/12\/gly_alpquer_10_-4.jpg\" class=\"ts-image-link\"  title=\"\"><img decoding=\"async\" src=\"https:\/\/thomas-ott.net\/home\/wp-content\/uploads\/2022\/12\/gly_alpquer_10_-4-300x300.jpg\" data-attachment-id=\"382\" alt=\"\"\/><\/a><\/span><\/li><li class=\"hover-zoom ts-boxed-one-sixth ts-boxed-one-sixth ts-boxed-one-sixth ts-boxed-one-sixth ts-boxed-one-sixth\"><span><a href=\"https:\/\/thomas-ott.net\/home\/wp-content\/uploads\/2022\/12\/gly_alpquer_10_-5.jpg\" class=\"ts-image-link\"  title=\"\"><img decoding=\"async\" src=\"https:\/\/thomas-ott.net\/home\/wp-content\/uploads\/2022\/12\/gly_alpquer_10_-5-300x300.jpg\" data-attachment-id=\"716\" alt=\"\"\/><\/a><\/span><\/li><li class=\"hover-zoom ts-boxed-one-sixth ts-boxed-one-sixth ts-boxed-one-sixth ts-boxed-one-sixth ts-boxed-one-sixth ts-boxed-one-sixth last\"><span><a href=\"https:\/\/thomas-ott.net\/home\/wp-content\/uploads\/2022\/12\/gly_alpquer_10_-6.jpg\" class=\"ts-image-link\"  title=\"\"><img decoding=\"async\" src=\"https:\/\/thomas-ott.net\/home\/wp-content\/uploads\/2022\/12\/gly_alpquer_10_-6-300x300.jpg\" data-attachment-id=\"102\" alt=\"\"\/><\/a><\/span><\/li><\/ul><\/div><div class=\"clear\"><\/div>\n<div class=\"divider-shortcode line\" style=\"padding-top:10px;padding-bottom:20px;\"><div class=\"divider border-grey\" >&nbsp;<\/div><\/div>\n<h3>11 Barco &#8211; Trento &#8211; Mezzocorona<\/h3>\n<p>Distanz: 68,2 km<br \/>\nH\u00f6henmeter: +360 \/ \u2013560<br \/>\nFahrzeit: 04:29 h<\/p>\n<p>Durch schier endlose Apfelplantagen fuhren wir heute morgen weiter talaufw\u00e4rts zum Lago di Caldonazzo. Nachdem wir im Gewirr von Autobahn, Fluss, Bahn und Landstra\u00dfe wieder auf die Radroute zur\u00fcckgefunden hatten ging es \u00fcber eine letzte, bastionsbewehrte Anh\u00f6he in rasanter Abfahrt hinunter ins Etschtal nach Trient. Die Stadt haben wir seither auf allen Reisen nach S\u00fcden links liegen gelassen &#8211; &#8211; ein gro\u00dfer Fehler, den wir heute korrigiert haben.<\/p>\n<p>Am Ufer der Etsch haben wir den tiefsten Punkt (170 m) unserer kleinen Rundfahrt erreicht. Etschaufw\u00e4rts liegt unser heutiges Etappenziel Mezzocorona (Kronmetz), wo wir genau rechtzeitig zur &#8222;Kerwe&#8220; eintrafen.<\/p>\n<p>Komoot: <a href=\"https:\/\/www.komoot.de\/tour\/915457486\" target=\"_blank\" rel=\"noopener\">https:\/\/www.komoot.de\/tour\/915457486<\/a><br \/>\nStrava: <a href=\"https:\/\/strava.app.link\/voOL5srv3sb\" target=\"_blank\" rel=\"noopener\">https:\/\/strava.app.link\/voOL5srv3sb<\/a><\/p>\n<div class=\"thumb-gallery gallery ts-mfp-gallery ts-gallery-shortcode\"><ul class=\"thumbs clearfix clearfix\" ><li class=\"hover-zoom ts-boxed-one-sixth\"><span><a href=\"https:\/\/thomas-ott.net\/home\/wp-content\/uploads\/2022\/12\/gly_alpquer_11_-1.jpg\" class=\"ts-image-link\"  title=\"\"><img decoding=\"async\" src=\"https:\/\/thomas-ott.net\/home\/wp-content\/uploads\/2022\/12\/gly_alpquer_11_-1-300x300.jpg\" data-attachment-id=\"943\" alt=\"\"\/><\/a><\/span><\/li><li class=\"hover-zoom ts-boxed-one-sixth ts-boxed-one-sixth\"><span><a href=\"https:\/\/thomas-ott.net\/home\/wp-content\/uploads\/2022\/12\/gly_alpquer_11_-2.jpg\" class=\"ts-image-link\"  title=\"\"><img decoding=\"async\" src=\"https:\/\/thomas-ott.net\/home\/wp-content\/uploads\/2022\/12\/gly_alpquer_11_-2-300x300.jpg\" data-attachment-id=\"175\" alt=\"\"\/><\/a><\/span><\/li><li class=\"hover-zoom ts-boxed-one-sixth ts-boxed-one-sixth ts-boxed-one-sixth\"><span><a href=\"https:\/\/thomas-ott.net\/home\/wp-content\/uploads\/2022\/12\/gly_alpquer_11_-3.jpg\" class=\"ts-image-link\"  title=\"\"><img decoding=\"async\" src=\"https:\/\/thomas-ott.net\/home\/wp-content\/uploads\/2022\/12\/gly_alpquer_11_-3-300x300.jpg\" data-attachment-id=\"817\" alt=\"\"\/><\/a><\/span><\/li><li class=\"hover-zoom ts-boxed-one-sixth ts-boxed-one-sixth ts-boxed-one-sixth ts-boxed-one-sixth\"><span><a href=\"https:\/\/thomas-ott.net\/home\/wp-content\/uploads\/2022\/12\/gly_alpquer_11_-4.jpg\" class=\"ts-image-link\"  title=\"\"><img decoding=\"async\" src=\"https:\/\/thomas-ott.net\/home\/wp-content\/uploads\/2022\/12\/gly_alpquer_11_-4-300x300.jpg\" data-attachment-id=\"42\" alt=\"\"\/><\/a><\/span><\/li><li class=\"hover-zoom ts-boxed-one-sixth ts-boxed-one-sixth ts-boxed-one-sixth ts-boxed-one-sixth ts-boxed-one-sixth\"><span><a href=\"https:\/\/thomas-ott.net\/home\/wp-content\/uploads\/2022\/12\/gly_alpquer_11_-5.jpg\" class=\"ts-image-link\"  title=\"\"><img decoding=\"async\" src=\"https:\/\/thomas-ott.net\/home\/wp-content\/uploads\/2022\/12\/gly_alpquer_11_-5-300x300.jpg\" data-attachment-id=\"103\" alt=\"\"\/><\/a><\/span><\/li><li class=\"hover-zoom ts-boxed-one-sixth ts-boxed-one-sixth ts-boxed-one-sixth ts-boxed-one-sixth ts-boxed-one-sixth ts-boxed-one-sixth last\"><span><a href=\"https:\/\/thomas-ott.net\/home\/wp-content\/uploads\/2022\/12\/gly_alpquer_11_-6.jpg\" class=\"ts-image-link\"  title=\"\"><img decoding=\"async\" src=\"https:\/\/thomas-ott.net\/home\/wp-content\/uploads\/2022\/12\/gly_alpquer_11_-6-300x300.jpg\" data-attachment-id=\"557\" alt=\"\"\/><\/a><\/span><\/li><li class=\"hover-zoom ts-boxed-one-sixth ts-boxed-one-sixth ts-boxed-one-sixth ts-boxed-one-sixth ts-boxed-one-sixth ts-boxed-one-sixth last ts-boxed-one-sixth\"><span><a href=\"https:\/\/thomas-ott.net\/home\/wp-content\/uploads\/2022\/12\/gly_alpquer_11_-7.jpg\" class=\"ts-image-link\"  title=\"\"><img decoding=\"async\" src=\"https:\/\/thomas-ott.net\/home\/wp-content\/uploads\/2022\/12\/gly_alpquer_11_-7-300x300.jpg\" data-attachment-id=\"937\" alt=\"\"\/><\/a><\/span><\/li><li class=\"hover-zoom ts-boxed-one-sixth ts-boxed-one-sixth ts-boxed-one-sixth ts-boxed-one-sixth ts-boxed-one-sixth ts-boxed-one-sixth last ts-boxed-one-sixth ts-boxed-one-sixth\"><span><a href=\"https:\/\/thomas-ott.net\/home\/wp-content\/uploads\/2022\/12\/gly_alpquer_11_-8.jpg\" class=\"ts-image-link\"  title=\"\"><img decoding=\"async\" src=\"https:\/\/thomas-ott.net\/home\/wp-content\/uploads\/2022\/12\/gly_alpquer_11_-8-300x300.jpg\" data-attachment-id=\"827\" alt=\"\"\/><\/a><\/span><\/li><li class=\"hover-zoom ts-boxed-one-sixth ts-boxed-one-sixth ts-boxed-one-sixth ts-boxed-one-sixth ts-boxed-one-sixth ts-boxed-one-sixth last ts-boxed-one-sixth ts-boxed-one-sixth ts-boxed-one-sixth\"><span><a href=\"https:\/\/thomas-ott.net\/home\/wp-content\/uploads\/2022\/12\/gly_alpquer_11_-9.jpg\" class=\"ts-image-link\"  title=\"\"><img decoding=\"async\" src=\"https:\/\/thomas-ott.net\/home\/wp-content\/uploads\/2022\/12\/gly_alpquer_11_-9-300x300.jpg\" data-attachment-id=\"722\" alt=\"\"\/><\/a><\/span><\/li><\/ul><\/div><div class=\"clear\"><\/div>\n<div class=\"divider-shortcode line\" style=\"padding-top:10px;padding-bottom:20px;\"><div class=\"divider border-grey\" >&nbsp;<\/div><\/div>\n<h3>12 Mezzocorona &#8211; Epan &#8211; Bozen<\/h3>\n<p>Distanz: 51,9 km<br \/>\nH\u00f6henmeter: +380 \/ \u2013310<br \/>\nFahrzeit: 03:14 h<\/p>\n<p>Heute habe ich das erste mal ans Aufgeben gedacht. Den ganzen Morgen lief es wunderbar weiter entlang der Etsch bis nach Tramin. Auf dem Weg zum Kalterer See machte mein Hinterrad immer mehr Probleme. Eine erste Reparatur (lockere Speichen) am Samstag hatte nicht den gew\u00fcnschten Erfolg gebracht, und der Achter wurde nun so schlimm, dass das Rad bei jeder Umdrehung blockierte. Nach einem Bad im See galt es, etwa 250 H\u00f6henmeter hinauf zur S\u00fcdtiroler Weinstra\u00dfe zu \u00fcberwinden. Um die Mittagszeit war in den Weinbergen kaum Schatten zu finden. Oben angekommen war ich ziemlich fertig, aber eine kalte Cola von der Tankstelle brachte neue Energie.<br \/>\nDie tolle Abfahrt mit gro\u00dfartigem Schlern-Panorama hinunter nach Bozen konnte ich kaum genie\u00dfen, da ich mir Sorgen um die anstehende Reparatur machte. Zu allem \u00dcbel war die geplante Route durch ein Tor blockiert, was zus\u00e4tzliche Zeit und M\u00fche kostete.<br \/>\nDank Google war aber schnell eine Fahrradwerkstatt nahe unseres Quartiers gefunden. Und gl\u00fccklicherweise war dort ein passendes Hinterrad vorr\u00e4tig, das auch sofort montiert wurde. So konnte ich dann doch noch eine kleine Stadtbesichtigungsrunde drehen.<\/p>\n<p>Komoot: <a href=\"https:\/\/www.komoot.de\/tour\/916436969\" target=\"_blank\" rel=\"noopener\">https:\/\/www.komoot.de\/tour\/916436969<\/a><br \/>\nStrava: <a href=\"https:\/\/strava.app.link\/0oQbMOSb5sb\" target=\"_blank\" rel=\"noopener\">https:\/\/strava.app.link\/0oQbMOSb5sb<\/a><\/p>\n<div class=\"thumb-gallery gallery ts-mfp-gallery ts-gallery-shortcode\"><ul class=\"thumbs clearfix clearfix\" ><li class=\"hover-zoom ts-boxed-one-sixth\"><span><a href=\"https:\/\/thomas-ott.net\/home\/wp-content\/uploads\/2022\/12\/gly_alpquer_12_-1.jpg\" class=\"ts-image-link\"  title=\"\"><img decoding=\"async\" src=\"https:\/\/thomas-ott.net\/home\/wp-content\/uploads\/2022\/12\/gly_alpquer_12_-1-300x300.jpg\" data-attachment-id=\"70\" alt=\"\"\/><\/a><\/span><\/li><li class=\"hover-zoom ts-boxed-one-sixth ts-boxed-one-sixth\"><span><a href=\"https:\/\/thomas-ott.net\/home\/wp-content\/uploads\/2022\/12\/gly_alpquer_12_-2.jpg\" class=\"ts-image-link\"  title=\"\"><img decoding=\"async\" src=\"https:\/\/thomas-ott.net\/home\/wp-content\/uploads\/2022\/12\/gly_alpquer_12_-2-300x300.jpg\" data-attachment-id=\"374\" alt=\"\"\/><\/a><\/span><\/li><li class=\"hover-zoom ts-boxed-one-sixth ts-boxed-one-sixth ts-boxed-one-sixth\"><span><a href=\"https:\/\/thomas-ott.net\/home\/wp-content\/uploads\/2022\/12\/gly_alpquer_12_-3.jpg\" class=\"ts-image-link\"  title=\"\"><img decoding=\"async\" src=\"https:\/\/thomas-ott.net\/home\/wp-content\/uploads\/2022\/12\/gly_alpquer_12_-3-300x300.jpg\" data-attachment-id=\"540\" alt=\"\"\/><\/a><\/span><\/li><li class=\"hover-zoom ts-boxed-one-sixth ts-boxed-one-sixth ts-boxed-one-sixth ts-boxed-one-sixth\"><span><a href=\"https:\/\/thomas-ott.net\/home\/wp-content\/uploads\/2022\/12\/gly_alpquer_12_-4.jpg\" class=\"ts-image-link\"  title=\"\"><img decoding=\"async\" src=\"https:\/\/thomas-ott.net\/home\/wp-content\/uploads\/2022\/12\/gly_alpquer_12_-4-300x300.jpg\" data-attachment-id=\"215\" alt=\"\"\/><\/a><\/span><\/li><li class=\"hover-zoom ts-boxed-one-sixth ts-boxed-one-sixth ts-boxed-one-sixth ts-boxed-one-sixth ts-boxed-one-sixth\"><span><a href=\"https:\/\/thomas-ott.net\/home\/wp-content\/uploads\/2022\/12\/gly_alpquer_12_-5.jpg\" class=\"ts-image-link\"  title=\"\"><img decoding=\"async\" src=\"https:\/\/thomas-ott.net\/home\/wp-content\/uploads\/2022\/12\/gly_alpquer_12_-5-300x300.jpg\" data-attachment-id=\"996\" alt=\"\"\/><\/a><\/span><\/li><li class=\"hover-zoom ts-boxed-one-sixth ts-boxed-one-sixth ts-boxed-one-sixth ts-boxed-one-sixth ts-boxed-one-sixth ts-boxed-one-sixth last\"><span><a href=\"https:\/\/thomas-ott.net\/home\/wp-content\/uploads\/2022\/12\/gly_alpquer_12_-6.jpg\" class=\"ts-image-link\"  title=\"\"><img decoding=\"async\" src=\"https:\/\/thomas-ott.net\/home\/wp-content\/uploads\/2022\/12\/gly_alpquer_12_-6-300x300.jpg\" data-attachment-id=\"857\" alt=\"\"\/><\/a><\/span><\/li><\/ul><\/div><div class=\"clear\"><\/div>\n<div class=\"divider-shortcode line\" style=\"padding-top:10px;padding-bottom:20px;\"><div class=\"divider border-grey\" >&nbsp;<\/div><\/div>\n<h3>13 Bozen &#8211; Meran &#8211; Naturns<\/h3>\n<p>Distanz: 53,4 km<br \/>\nH\u00f6henmeter: +530 \/ \u2013190<br \/>\nFahrzeit: 03:56 h<\/p>\n<p>Rund um Bozen sind die Apfelplantagen wie Hochsicherheitstrakte angelegt. Alles ist umz\u00e4unt und viele Wege sind durch schwere Tore abgesperrt. Das mag so kurz vor der Ernte ein probates Mittel gegen den Mundraub sein, allein, es erschwert die Navigation f\u00fcr den ortsunkundigen Radler. Endlich wieder auf dem Etschdamm angekommen ging die Fahrt weiter durch das S\u00fcdtiroler Schlaraffenland Richtung Meran. Die Stadt begeistert jedesmal aufs Neue mit ihrer \u00fcppigen mediterranen Vegetation.<\/p>\n<p>Am Nachmittag ging es dann hinauf ins Vinschgau, wo wir heute in einem Hof zu F\u00fc\u00dfen von Schloss Juval \u00fcbernachten. Ob der alte Yeti zuhause ist, war nicht in Erfahrung zu bringen. Und zum Hochsteigen war ich zu m\u00fcde.<\/p>\n<p>Komoot: <a href=\"https:\/\/www.komoot.de\/tour\/917722361?r\" target=\"_blank\" rel=\"noopener\">https:\/\/www.komoot.de\/tour\/917722361?r<\/a><br \/>\nStrava: <a href=\"https:\/\/strava.app.link\/oXqduY4L6sb\" target=\"_blank\" rel=\"noopener\">https:\/\/strava.app.link\/oXqduY4L6sb<\/a><\/p>\n<div class=\"thumb-gallery gallery ts-mfp-gallery ts-gallery-shortcode\"><ul class=\"thumbs clearfix clearfix\" ><li class=\"hover-zoom ts-boxed-one-sixth\"><span><a href=\"https:\/\/thomas-ott.net\/home\/wp-content\/uploads\/2022\/12\/gly_alpquer_13_-1.jpg\" class=\"ts-image-link\"  title=\"\"><img decoding=\"async\" src=\"https:\/\/thomas-ott.net\/home\/wp-content\/uploads\/2022\/12\/gly_alpquer_13_-1-300x300.jpg\" data-attachment-id=\"145\" alt=\"\"\/><\/a><\/span><\/li><li class=\"hover-zoom ts-boxed-one-sixth ts-boxed-one-sixth\"><span><a href=\"https:\/\/thomas-ott.net\/home\/wp-content\/uploads\/2022\/12\/gly_alpquer_13_-2.jpg\" class=\"ts-image-link\"  title=\"\"><img decoding=\"async\" src=\"https:\/\/thomas-ott.net\/home\/wp-content\/uploads\/2022\/12\/gly_alpquer_13_-2-300x300.jpg\" data-attachment-id=\"263\" alt=\"\"\/><\/a><\/span><\/li><li class=\"hover-zoom ts-boxed-one-sixth ts-boxed-one-sixth ts-boxed-one-sixth\"><span><a href=\"https:\/\/thomas-ott.net\/home\/wp-content\/uploads\/2022\/12\/gly_alpquer_13_-3.jpg\" class=\"ts-image-link\"  title=\"\"><img decoding=\"async\" src=\"https:\/\/thomas-ott.net\/home\/wp-content\/uploads\/2022\/12\/gly_alpquer_13_-3-300x300.jpg\" data-attachment-id=\"177\" alt=\"\"\/><\/a><\/span><\/li><li class=\"hover-zoom ts-boxed-one-sixth ts-boxed-one-sixth ts-boxed-one-sixth ts-boxed-one-sixth\"><span><a href=\"https:\/\/thomas-ott.net\/home\/wp-content\/uploads\/2022\/12\/gly_alpquer_13_-4.jpg\" class=\"ts-image-link\"  title=\"\"><img decoding=\"async\" src=\"https:\/\/thomas-ott.net\/home\/wp-content\/uploads\/2022\/12\/gly_alpquer_13_-4-300x300.jpg\" data-attachment-id=\"66\" alt=\"\"\/><\/a><\/span><\/li><li class=\"hover-zoom ts-boxed-one-sixth ts-boxed-one-sixth ts-boxed-one-sixth ts-boxed-one-sixth ts-boxed-one-sixth\"><span><a href=\"https:\/\/thomas-ott.net\/home\/wp-content\/uploads\/2022\/12\/gly_alpquer_13_-5.jpg\" class=\"ts-image-link\"  title=\"\"><img decoding=\"async\" src=\"https:\/\/thomas-ott.net\/home\/wp-content\/uploads\/2022\/12\/gly_alpquer_13_-5-300x300.jpg\" data-attachment-id=\"255\" alt=\"\"\/><\/a><\/span><\/li><li class=\"hover-zoom ts-boxed-one-sixth ts-boxed-one-sixth ts-boxed-one-sixth ts-boxed-one-sixth ts-boxed-one-sixth ts-boxed-one-sixth last\"><span><a href=\"https:\/\/thomas-ott.net\/home\/wp-content\/uploads\/2022\/12\/gly_alpquer_13_-6.jpg\" class=\"ts-image-link\"  title=\"\"><img decoding=\"async\" src=\"https:\/\/thomas-ott.net\/home\/wp-content\/uploads\/2022\/12\/gly_alpquer_13_-6-300x300.jpg\" data-attachment-id=\"459\" alt=\"\"\/><\/a><\/span><\/li><\/ul><\/div><div class=\"clear\"><\/div>\n<div class=\"divider-shortcode line\" style=\"padding-top:10px;padding-bottom:20px;\"><div class=\"divider border-grey\" >&nbsp;<\/div><\/div>\n<h3>14 Naturns &#8211; Mals<\/h3>\n<p>Distanz: 47,7 km<br \/>\nH\u00f6henmeter: +580 \/ \u201370<br \/>\nFahrzeit: 03:19 h<\/p>\n<p>Ein letztes Mal fuhren wir heute durch den Garten Eden mit seinen riesigen Apfelhainen, Kistent\u00fcrmen und Lagerhallen. Knapp oberhalb von 900 m endet der gro\u00dffl\u00e4chige Obstanbau und die Weidewirtschaft bestimmt wieder das Landschaftsbild. Da auch die Wiesen beregnet werden, bleiben gelegentliche Duschen nicht aus.<\/p>\n<p>In Laas ist die Tradition des Marmorabbaus nicht zu \u00fcbersehen. Zwar gibt es anders als etwa in Carrara keine sichtbaren Steinbr\u00fcche, da hier das Gestein unter Tage abgebaut wird, aber viele Stra\u00dfen und Gassen sind mit Marmor gepflastert. Das wei\u00dfe Gestein dominiert auch die Kirche, den Friedhof und die Denkm\u00e4ler im Ort. Gro\u00dfe Mengen Laaser Marmor wurden in Wien verbaut.<\/p>\n<p>Trotz der starken Bew\u00f6lkung waren die Gletscher des Ortlermassivs zu sehen. Ein weiterer H\u00f6hepunkt war Glurns, dessen Stadtbefestigung und Architektur deutlich auf die nahe Grenze nach Graub\u00fcnden verweisen. Von Glurns war es dann nur noch ein kleiner Anstieg nach Mals, wo wir heute untergekommen sind.<\/p>\n<p>Komoot: <a href=\"https:\/\/www.komoot.de\/tour\/918630302\" target=\"_blank\" rel=\"noopener\">https:\/\/www.komoot.de\/tour\/918630302<\/a><br \/>\nStrava: <a href=\"https:\/\/strava.app.link\/5XBa5dng8sb\" target=\"_blank\" rel=\"noopener\">https:\/\/strava.app.link\/5XBa5dng8sb<\/a><\/p>\n<div class=\"thumb-gallery gallery ts-mfp-gallery ts-gallery-shortcode\"><ul class=\"thumbs clearfix clearfix\" ><li class=\"hover-zoom ts-boxed-one-sixth\"><span><a href=\"https:\/\/thomas-ott.net\/home\/wp-content\/uploads\/2022\/12\/gly_alpquer_14_-1.jpg\" class=\"ts-image-link\"  title=\"\"><img decoding=\"async\" src=\"https:\/\/thomas-ott.net\/home\/wp-content\/uploads\/2022\/12\/gly_alpquer_14_-1-300x300.jpg\" data-attachment-id=\"742\" alt=\"\"\/><\/a><\/span><\/li><li class=\"hover-zoom ts-boxed-one-sixth ts-boxed-one-sixth\"><span><a href=\"https:\/\/thomas-ott.net\/home\/wp-content\/uploads\/2022\/12\/gly_alpquer_14_-2.jpg\" class=\"ts-image-link\"  title=\"\"><img decoding=\"async\" src=\"https:\/\/thomas-ott.net\/home\/wp-content\/uploads\/2022\/12\/gly_alpquer_14_-2-300x300.jpg\" data-attachment-id=\"848\" alt=\"\"\/><\/a><\/span><\/li><li class=\"hover-zoom ts-boxed-one-sixth ts-boxed-one-sixth ts-boxed-one-sixth\"><span><a href=\"https:\/\/thomas-ott.net\/home\/wp-content\/uploads\/2022\/12\/gly_alpquer_14_-3.jpg\" class=\"ts-image-link\"  title=\"\"><img decoding=\"async\" src=\"https:\/\/thomas-ott.net\/home\/wp-content\/uploads\/2022\/12\/gly_alpquer_14_-3-300x300.jpg\" data-attachment-id=\"404\" alt=\"\"\/><\/a><\/span><\/li><li class=\"hover-zoom ts-boxed-one-sixth ts-boxed-one-sixth ts-boxed-one-sixth ts-boxed-one-sixth\"><span><a href=\"https:\/\/thomas-ott.net\/home\/wp-content\/uploads\/2022\/12\/gly_alpquer_14_-4.jpg\" class=\"ts-image-link\"  title=\"\"><img decoding=\"async\" src=\"https:\/\/thomas-ott.net\/home\/wp-content\/uploads\/2022\/12\/gly_alpquer_14_-4-300x300.jpg\" data-attachment-id=\"430\" alt=\"\"\/><\/a><\/span><\/li><li class=\"hover-zoom ts-boxed-one-sixth ts-boxed-one-sixth ts-boxed-one-sixth ts-boxed-one-sixth ts-boxed-one-sixth\"><span><a href=\"https:\/\/thomas-ott.net\/home\/wp-content\/uploads\/2022\/12\/gly_alpquer_14_-5.jpg\" class=\"ts-image-link\"  title=\"\"><img decoding=\"async\" src=\"https:\/\/thomas-ott.net\/home\/wp-content\/uploads\/2022\/12\/gly_alpquer_14_-5-300x300.jpg\" data-attachment-id=\"230\" alt=\"\"\/><\/a><\/span><\/li><li class=\"hover-zoom ts-boxed-one-sixth ts-boxed-one-sixth ts-boxed-one-sixth ts-boxed-one-sixth ts-boxed-one-sixth ts-boxed-one-sixth last\"><span><a href=\"https:\/\/thomas-ott.net\/home\/wp-content\/uploads\/2022\/12\/gly_alpquer_14_-6.jpg\" class=\"ts-image-link\"  title=\"\"><img decoding=\"async\" src=\"https:\/\/thomas-ott.net\/home\/wp-content\/uploads\/2022\/12\/gly_alpquer_14_-6-300x300.jpg\" data-attachment-id=\"158\" alt=\"\"\/><\/a><\/span><\/li><li class=\"hover-zoom ts-boxed-one-sixth ts-boxed-one-sixth ts-boxed-one-sixth ts-boxed-one-sixth ts-boxed-one-sixth ts-boxed-one-sixth last ts-boxed-one-sixth\"><span><a href=\"https:\/\/thomas-ott.net\/home\/wp-content\/uploads\/2022\/12\/gly_alpquer_14_-7.jpg\" class=\"ts-image-link\"  title=\"\"><img decoding=\"async\" src=\"https:\/\/thomas-ott.net\/home\/wp-content\/uploads\/2022\/12\/gly_alpquer_14_-7-300x300.jpg\" data-attachment-id=\"654\" alt=\"\"\/><\/a><\/span><\/li><li class=\"hover-zoom ts-boxed-one-sixth ts-boxed-one-sixth ts-boxed-one-sixth ts-boxed-one-sixth ts-boxed-one-sixth ts-boxed-one-sixth last ts-boxed-one-sixth ts-boxed-one-sixth\"><span><a href=\"https:\/\/thomas-ott.net\/home\/wp-content\/uploads\/2022\/12\/gly_alpquer_14_-8.jpg\" class=\"ts-image-link\"  title=\"\"><img decoding=\"async\" src=\"https:\/\/thomas-ott.net\/home\/wp-content\/uploads\/2022\/12\/gly_alpquer_14_-8-300x300.jpg\" data-attachment-id=\"442\" alt=\"\"\/><\/a><\/span><\/li><li class=\"hover-zoom ts-boxed-one-sixth ts-boxed-one-sixth ts-boxed-one-sixth ts-boxed-one-sixth ts-boxed-one-sixth ts-boxed-one-sixth last ts-boxed-one-sixth ts-boxed-one-sixth ts-boxed-one-sixth\"><span><a href=\"https:\/\/thomas-ott.net\/home\/wp-content\/uploads\/2022\/12\/gly_alpquer_14_-9.jpg\" class=\"ts-image-link\"  title=\"\"><img decoding=\"async\" src=\"https:\/\/thomas-ott.net\/home\/wp-content\/uploads\/2022\/12\/gly_alpquer_14_-9-300x300.jpg\" data-attachment-id=\"934\" alt=\"\"\/><\/a><\/span><\/li><\/ul><\/div><div class=\"clear\"><\/div>\n<div class=\"divider-shortcode line\" style=\"padding-top:10px;padding-bottom:20px;\"><div class=\"divider border-grey\" >&nbsp;<\/div><\/div>\n<h3>15 Mals &#8211; Reschenpass &#8211; Martina &#8211; Pfunds<\/h3>\n<p>Distanz: 56,5 km<br \/>\nH\u00f6henmeter: +710 \/ \u2013800<br \/>\nFahrzeit: 04:06 h<\/p>\n<p>\u00dcber die Malser Haide, den gr\u00f6\u00dften Schwemmf\u00e4cher der Alpen, f\u00fchrte uns die Route mit bis zu 20% Steigung hinauf zum Reschensee. Obwohl wir am sch\u00f6neren Westufer entlang fuhren, lie\u00df ich es mir nicht nehmen, einen Abstecher zum alten Kirchturm von Graun zu machen. Bei meinem letzten Besuch war der See zugefroren und man konnte auf dem Eis zum Turm laufen. Heute war der Wasserstand so niedrig, dass man auf einer Sandbank um den Turm herum spazieren konnte.<br \/>\nMit der Passage des Reschenpasses haben wir das Dach unserer Tour erreicht und den Alpenhauptkamm zum zweiten Mal \u00fcberquert. &#x270c;&#xfe0f;<br \/>\nVon Nauders nahmen wir die Abzweigung in Richtung St. Moritz, denn ohne die Schweiz f\u00fchlt sich eine Alpen\u00fcberquerung irgendwie unvollst\u00e2ndig an. &#x1f609;<br \/>\nDie lange Abfahrt von der Norbertsh\u00f6he hinunter ins Inntal im Sonnenschein war super und ich bedauerte ein wenig die entgegen kommenden Radfahrer. Da wir gut in der Zeit lagen, beschlossen wir den Abstecher ins Engadin zu verl\u00e4ngern. Leider w\u00e4hrte die Freude nur wenige Kilometer, da ich einen Platten am Hinterrad beheben musste. Ich kann Obelix also in seinem Urteil \u00fcber Helvetien nur zustimmen.<br \/>\nDurch die Schlucht des Inn, der wohl nur in Kufstein gr\u00fcn ist, rollten wir dann hinunter nach Pfunds, wo wir einen Steinwurf von der Kajetansbr\u00fccke entfernt n\u00e4chtigen.<\/p>\n<p>Komoot: <a href=\"https:\/\/www.komoot.de\/tour\/919696851\" target=\"_blank\" rel=\"noopener\">https:\/\/www.komoot.de\/tour\/919696851<\/a><br \/>\nStrava: <a href=\"https:\/\/strava.app.link\/4Z65usJ89sb\" target=\"_blank\" rel=\"noopener\">https:\/\/strava.app.link\/4Z65usJ89sb<\/a><\/p>\n<div class=\"thumb-gallery gallery ts-mfp-gallery ts-gallery-shortcode\"><ul class=\"thumbs clearfix clearfix\" ><li class=\"hover-zoom ts-boxed-one-sixth\"><span><a href=\"https:\/\/thomas-ott.net\/home\/wp-content\/uploads\/2022\/12\/gly_alpquer_15_-1.jpg\" class=\"ts-image-link\"  title=\"\"><img decoding=\"async\" src=\"https:\/\/thomas-ott.net\/home\/wp-content\/uploads\/2022\/12\/gly_alpquer_15_-1-300x300.jpg\" data-attachment-id=\"740\" alt=\"\"\/><\/a><\/span><\/li><li class=\"hover-zoom ts-boxed-one-sixth ts-boxed-one-sixth\"><span><a href=\"https:\/\/thomas-ott.net\/home\/wp-content\/uploads\/2022\/12\/gly_alpquer_15_-2.jpg\" class=\"ts-image-link\"  title=\"\"><img decoding=\"async\" src=\"https:\/\/thomas-ott.net\/home\/wp-content\/uploads\/2022\/12\/gly_alpquer_15_-2-300x300.jpg\" data-attachment-id=\"32\" alt=\"\"\/><\/a><\/span><\/li><li class=\"hover-zoom ts-boxed-one-sixth ts-boxed-one-sixth ts-boxed-one-sixth\"><span><a href=\"https:\/\/thomas-ott.net\/home\/wp-content\/uploads\/2022\/12\/gly_alpquer_15_-3.jpg\" class=\"ts-image-link\"  title=\"\"><img decoding=\"async\" src=\"https:\/\/thomas-ott.net\/home\/wp-content\/uploads\/2022\/12\/gly_alpquer_15_-3-300x300.jpg\" data-attachment-id=\"359\" alt=\"\"\/><\/a><\/span><\/li><li class=\"hover-zoom ts-boxed-one-sixth ts-boxed-one-sixth ts-boxed-one-sixth ts-boxed-one-sixth\"><span><a href=\"https:\/\/thomas-ott.net\/home\/wp-content\/uploads\/2022\/12\/gly_alpquer_15_-4.jpg\" class=\"ts-image-link\"  title=\"\"><img decoding=\"async\" src=\"https:\/\/thomas-ott.net\/home\/wp-content\/uploads\/2022\/12\/gly_alpquer_15_-4-300x300.jpg\" data-attachment-id=\"322\" alt=\"\"\/><\/a><\/span><\/li><li class=\"hover-zoom ts-boxed-one-sixth ts-boxed-one-sixth ts-boxed-one-sixth ts-boxed-one-sixth ts-boxed-one-sixth\"><span><a href=\"https:\/\/thomas-ott.net\/home\/wp-content\/uploads\/2022\/12\/gly_alpquer_15_-5.jpg\" class=\"ts-image-link\"  title=\"\"><img decoding=\"async\" src=\"https:\/\/thomas-ott.net\/home\/wp-content\/uploads\/2022\/12\/gly_alpquer_15_-5-300x300.jpg\" data-attachment-id=\"233\" alt=\"\"\/><\/a><\/span><\/li><li class=\"hover-zoom ts-boxed-one-sixth ts-boxed-one-sixth ts-boxed-one-sixth ts-boxed-one-sixth ts-boxed-one-sixth ts-boxed-one-sixth last\"><span><a href=\"https:\/\/thomas-ott.net\/home\/wp-content\/uploads\/2022\/12\/gly_alpquer_15_-6.jpg\" class=\"ts-image-link\"  title=\"\"><img decoding=\"async\" src=\"https:\/\/thomas-ott.net\/home\/wp-content\/uploads\/2022\/12\/gly_alpquer_15_-6-300x300.jpg\" data-attachment-id=\"809\" alt=\"\"\/><\/a><\/span><\/li><li class=\"hover-zoom ts-boxed-one-sixth ts-boxed-one-sixth ts-boxed-one-sixth ts-boxed-one-sixth ts-boxed-one-sixth ts-boxed-one-sixth last ts-boxed-one-sixth\"><span><a href=\"https:\/\/thomas-ott.net\/home\/wp-content\/uploads\/2022\/12\/gly_alpquer_15_-7.jpg\" class=\"ts-image-link\"  title=\"\"><img decoding=\"async\" src=\"https:\/\/thomas-ott.net\/home\/wp-content\/uploads\/2022\/12\/gly_alpquer_15_-7-300x300.jpg\" data-attachment-id=\"424\" alt=\"\"\/><\/a><\/span><\/li><li class=\"hover-zoom ts-boxed-one-sixth ts-boxed-one-sixth ts-boxed-one-sixth ts-boxed-one-sixth ts-boxed-one-sixth ts-boxed-one-sixth last ts-boxed-one-sixth ts-boxed-one-sixth\"><span><a href=\"https:\/\/thomas-ott.net\/home\/wp-content\/uploads\/2022\/12\/gly_alpquer_15_-8.jpg\" class=\"ts-image-link\"  title=\"\"><img decoding=\"async\" src=\"https:\/\/thomas-ott.net\/home\/wp-content\/uploads\/2022\/12\/gly_alpquer_15_-8-300x300.jpg\" data-attachment-id=\"877\" alt=\"\"\/><\/a><\/span><\/li><li class=\"hover-zoom ts-boxed-one-sixth ts-boxed-one-sixth ts-boxed-one-sixth ts-boxed-one-sixth ts-boxed-one-sixth ts-boxed-one-sixth last ts-boxed-one-sixth ts-boxed-one-sixth ts-boxed-one-sixth\"><span><a href=\"https:\/\/thomas-ott.net\/home\/wp-content\/uploads\/2022\/12\/gly_alpquer_15_-9.jpg\" class=\"ts-image-link\"  title=\"\"><img decoding=\"async\" src=\"https:\/\/thomas-ott.net\/home\/wp-content\/uploads\/2022\/12\/gly_alpquer_15_-9-300x300.jpg\" data-attachment-id=\"345\" alt=\"\"\/><\/a><\/span><\/li><\/ul><\/div><div class=\"clear\"><\/div>\n<div class=\"divider-shortcode line\" style=\"padding-top:10px;padding-bottom:20px;\"><div class=\"divider border-grey\" >&nbsp;<\/div><\/div>\n<h3>16 Pfunds &#8211; Imst &#8211; Nassereith<\/h3>\n<p>Distanz: 73,4 km<br \/>\nH\u00f6henmeter: +420 \/ \u2013560<br \/>\nFahrzeit: 05:01 h<\/p>\n<p>Bei wechselhaftem und k\u00fchlem Wetter ging es heute weiter den Inn abw\u00e4rts nach Landeck und Imst. Die Berge waren zumeist wolkenverh\u00fcllt, aber auch im Tal gab es genug zu sehen, u. a. r\u00f6mische Spuren der Via Claudia Augusta, der wir bereits seit Feltre folgen. Die letzten Kilometer vor Imst waren die \u00f6desten bislang. Hier f\u00fchrt der Innradweg gef\u00fchlt auf dem Standstreifen der Autobahn entlang.<br \/>\nVon Imst folgten wir dem Gurgltal in Richtung Fernpass. Der Radweg l\u00e4uft hier weit entfernt von der Schnellstra\u00dfe auf der anderen Talseite, durch Bieberbewohnte Auen und einen nach dem Regen duftenden und dampfenden Bergwald. Sehenswert auch das kleine Freilichtmuseum &#8222;Knappenwelt Gurgltal&#8220;.<\/p>\n<p>Komoot: <a href=\"https:\/\/www.komoot.de\/tour\/920577316\" target=\"_blank\" rel=\"noopener\">https:\/\/www.komoot.de\/tour\/920577316<\/a><br \/>\nStrava: <a href=\"https:\/\/strava.app.link\/q90y0YyNbtb\" target=\"_blank\" rel=\"noopener\">https:\/\/strava.app.link\/q90y0YyNbtb<\/a><\/p>\n<div class=\"thumb-gallery gallery ts-mfp-gallery ts-gallery-shortcode\"><ul class=\"thumbs clearfix clearfix\" ><li class=\"hover-zoom ts-boxed-one-sixth\"><span><a href=\"https:\/\/thomas-ott.net\/home\/wp-content\/uploads\/2022\/12\/gly_alpquer_16_-1.jpg\" class=\"ts-image-link\"  title=\"\"><img decoding=\"async\" src=\"https:\/\/thomas-ott.net\/home\/wp-content\/uploads\/2022\/12\/gly_alpquer_16_-1-300x300.jpg\" data-attachment-id=\"37\" alt=\"\"\/><\/a><\/span><\/li><li class=\"hover-zoom ts-boxed-one-sixth ts-boxed-one-sixth\"><span><a href=\"https:\/\/thomas-ott.net\/home\/wp-content\/uploads\/2022\/12\/gly_alpquer_16_-2.jpg\" class=\"ts-image-link\"  title=\"\"><img decoding=\"async\" src=\"https:\/\/thomas-ott.net\/home\/wp-content\/uploads\/2022\/12\/gly_alpquer_16_-2-300x300.jpg\" data-attachment-id=\"726\" alt=\"\"\/><\/a><\/span><\/li><li class=\"hover-zoom ts-boxed-one-sixth ts-boxed-one-sixth ts-boxed-one-sixth\"><span><a href=\"https:\/\/thomas-ott.net\/home\/wp-content\/uploads\/2022\/12\/gly_alpquer_16_-3.jpg\" class=\"ts-image-link\"  title=\"\"><img decoding=\"async\" src=\"https:\/\/thomas-ott.net\/home\/wp-content\/uploads\/2022\/12\/gly_alpquer_16_-3-300x300.jpg\" data-attachment-id=\"944\" alt=\"\"\/><\/a><\/span><\/li><li class=\"hover-zoom ts-boxed-one-sixth ts-boxed-one-sixth ts-boxed-one-sixth ts-boxed-one-sixth\"><span><a href=\"https:\/\/thomas-ott.net\/home\/wp-content\/uploads\/2022\/12\/gly_alpquer_16_-4.jpg\" class=\"ts-image-link\"  title=\"\"><img decoding=\"async\" src=\"https:\/\/thomas-ott.net\/home\/wp-content\/uploads\/2022\/12\/gly_alpquer_16_-4-300x300.jpg\" data-attachment-id=\"924\" alt=\"\"\/><\/a><\/span><\/li><li class=\"hover-zoom ts-boxed-one-sixth ts-boxed-one-sixth ts-boxed-one-sixth ts-boxed-one-sixth ts-boxed-one-sixth\"><span><a href=\"https:\/\/thomas-ott.net\/home\/wp-content\/uploads\/2022\/12\/gly_alpquer_16_-5.jpg\" class=\"ts-image-link\"  title=\"\"><img decoding=\"async\" src=\"https:\/\/thomas-ott.net\/home\/wp-content\/uploads\/2022\/12\/gly_alpquer_16_-5-300x300.jpg\" data-attachment-id=\"6\" alt=\"\"\/><\/a><\/span><\/li><\/ul><\/div><div class=\"clear\"><\/div>\n<div class=\"divider-shortcode line\" style=\"padding-top:10px;padding-bottom:20px;\"><div class=\"divider border-grey\" >&nbsp;<\/div><\/div>\n<h3>17 Nassereith &#8211; Fernpass &#8211; Garmisch-Partenkirchen &#8211; Farchant<\/h3>\n<p>Distanz: 63,3 km<br \/>\nH\u00f6henmeter: +670 \/ \u2013820<br \/>\nFahrzeit: 05:57 h<\/p>\n<p>Die heutige Etappe hielt alles, was sie im Vorfeld versprach. Im Regen ging es \u00fcber den Fernsteinsee extrem steil und schmal hinauf zum Fernpass. Das Wetter hatte den Vorteil, dass wir nur sehr wenigen anderen Radlern begegneten und die Engstellen ohne Gegenverkehr passieren konnten. Trotz der N\u00e4sse und Anstrengung h\u00e4tte ich um keinen Preis mein Fahrrad gegen ein Auto in der endlosen Stop-and-Go Schlange auf der Passstra\u00dfe eintauschen wollen. Der Radweg kreuzt an der Passh\u00f6he die Bundesstra\u00dfe um dann noch ca. 70 weitere H\u00f6henmeter zum urspr\u00fcnglichen Pass der Via Claudia Augusta aufzusteigen.<\/p>\n<p>Auf der wesentlich leichter zu befahrenden Nordseite des Passes gelangten wir hinunter nach Biberwier ins Ehrwalder Becken. Anstatt auf der R\u00f6merstra\u00dfe weiter ins Au\u00dferfern nach Reutte und F\u00fcssen zu fahren, wechselten wir auf den Loisach-Radweg. Dem Fl\u00fcsschen folgten wir den ganzen restlichen Tag in seinem gro\u00dfen Bogen um die Zugspitze.<\/p>\n<p>In Grainau haben wir einen Abstecher zum Bader See gemacht. In meiner akademischen Zeit war ich dort mehrfach im Februar bei der Jahrestagung der Gesellschaft f\u00fcr Kanada-Studien. &#8222;Kanadischer&#8220; als hier wird es in Deutschland nirgends. Bald danach war mit Garmisch-Partenkirchen die dritte Olympiastadt auf unserer Tour erreicht, wo wir die Eingeborenen bei der Brauchtumspflege beobachten konnten.<\/p>\n<p>Komoot: <a href=\"https:\/\/www.komoot.de\/tour\/921802490\" target=\"_blank\" rel=\"noopener\">https:\/\/www.komoot.de\/tour\/921802490<\/a><br \/>\nStrava: <a href=\"https:\/\/strava.app.link\/EOZmVwHpdtb\" target=\"_blank\" rel=\"noopener\">https:\/\/strava.app.link\/EOZmVwHpdtb<\/a><\/p>\n<div class=\"thumb-gallery gallery ts-mfp-gallery ts-gallery-shortcode\"><ul class=\"thumbs clearfix clearfix\" ><li class=\"hover-zoom ts-boxed-one-sixth\"><span><a href=\"https:\/\/thomas-ott.net\/home\/wp-content\/uploads\/2022\/12\/gly_alpquer_17_-1.jpg\" class=\"ts-image-link\"  title=\"\"><img decoding=\"async\" src=\"https:\/\/thomas-ott.net\/home\/wp-content\/uploads\/2022\/12\/gly_alpquer_17_-1-300x300.jpg\" data-attachment-id=\"842\" alt=\"\"\/><\/a><\/span><\/li><li class=\"hover-zoom ts-boxed-one-sixth ts-boxed-one-sixth\"><span><a href=\"https:\/\/thomas-ott.net\/home\/wp-content\/uploads\/2022\/12\/gly_alpquer_17_-2.jpg\" class=\"ts-image-link\"  title=\"\"><img decoding=\"async\" src=\"https:\/\/thomas-ott.net\/home\/wp-content\/uploads\/2022\/12\/gly_alpquer_17_-2-300x300.jpg\" data-attachment-id=\"25\" alt=\"\"\/><\/a><\/span><\/li><li class=\"hover-zoom ts-boxed-one-sixth ts-boxed-one-sixth ts-boxed-one-sixth\"><span><a href=\"https:\/\/thomas-ott.net\/home\/wp-content\/uploads\/2022\/12\/gly_alpquer_17_-3.jpg\" class=\"ts-image-link\"  title=\"\"><img decoding=\"async\" src=\"https:\/\/thomas-ott.net\/home\/wp-content\/uploads\/2022\/12\/gly_alpquer_17_-3-300x300.jpg\" data-attachment-id=\"625\" alt=\"\"\/><\/a><\/span><\/li><li class=\"hover-zoom ts-boxed-one-sixth ts-boxed-one-sixth ts-boxed-one-sixth ts-boxed-one-sixth\"><span><a href=\"https:\/\/thomas-ott.net\/home\/wp-content\/uploads\/2022\/12\/gly_alpquer_17_-4.jpg\" class=\"ts-image-link\"  title=\"\"><img decoding=\"async\" src=\"https:\/\/thomas-ott.net\/home\/wp-content\/uploads\/2022\/12\/gly_alpquer_17_-4-300x300.jpg\" data-attachment-id=\"588\" alt=\"\"\/><\/a><\/span><\/li><li class=\"hover-zoom ts-boxed-one-sixth ts-boxed-one-sixth ts-boxed-one-sixth ts-boxed-one-sixth ts-boxed-one-sixth\"><span><a href=\"https:\/\/thomas-ott.net\/home\/wp-content\/uploads\/2022\/12\/gly_alpquer_17_-5.jpg\" class=\"ts-image-link\"  title=\"\"><img decoding=\"async\" src=\"https:\/\/thomas-ott.net\/home\/wp-content\/uploads\/2022\/12\/gly_alpquer_17_-5-300x300.jpg\" data-attachment-id=\"951\" alt=\"\"\/><\/a><\/span><\/li><li class=\"hover-zoom ts-boxed-one-sixth ts-boxed-one-sixth ts-boxed-one-sixth ts-boxed-one-sixth ts-boxed-one-sixth ts-boxed-one-sixth last\"><span><a href=\"https:\/\/thomas-ott.net\/home\/wp-content\/uploads\/2022\/12\/gly_alpquer_17_-6.jpg\" class=\"ts-image-link\"  title=\"\"><img decoding=\"async\" src=\"https:\/\/thomas-ott.net\/home\/wp-content\/uploads\/2022\/12\/gly_alpquer_17_-6-300x300.jpg\" data-attachment-id=\"636\" alt=\"\"\/><\/a><\/span><\/li><li class=\"hover-zoom ts-boxed-one-sixth ts-boxed-one-sixth ts-boxed-one-sixth ts-boxed-one-sixth ts-boxed-one-sixth ts-boxed-one-sixth last ts-boxed-one-sixth\"><span><a href=\"https:\/\/thomas-ott.net\/home\/wp-content\/uploads\/2022\/12\/gly_alpquer_17_-7.jpg\" class=\"ts-image-link\"  title=\"\"><img decoding=\"async\" src=\"https:\/\/thomas-ott.net\/home\/wp-content\/uploads\/2022\/12\/gly_alpquer_17_-7-300x300.jpg\" data-attachment-id=\"476\" alt=\"\"\/><\/a><\/span><\/li><li class=\"hover-zoom ts-boxed-one-sixth ts-boxed-one-sixth ts-boxed-one-sixth ts-boxed-one-sixth ts-boxed-one-sixth ts-boxed-one-sixth last ts-boxed-one-sixth ts-boxed-one-sixth\"><span><a href=\"https:\/\/thomas-ott.net\/home\/wp-content\/uploads\/2022\/12\/gly_alpquer_17_-8.jpg\" class=\"ts-image-link\"  title=\"\"><img decoding=\"async\" src=\"https:\/\/thomas-ott.net\/home\/wp-content\/uploads\/2022\/12\/gly_alpquer_17_-8-300x300.jpg\" data-attachment-id=\"472\" alt=\"\"\/><\/a><\/span><\/li><li class=\"hover-zoom ts-boxed-one-sixth ts-boxed-one-sixth ts-boxed-one-sixth ts-boxed-one-sixth ts-boxed-one-sixth ts-boxed-one-sixth last ts-boxed-one-sixth ts-boxed-one-sixth ts-boxed-one-sixth\"><span><a href=\"https:\/\/thomas-ott.net\/home\/wp-content\/uploads\/2022\/12\/gly_alpquer_17_-9.jpg\" class=\"ts-image-link\"  title=\"\"><img decoding=\"async\" src=\"https:\/\/thomas-ott.net\/home\/wp-content\/uploads\/2022\/12\/gly_alpquer_17_-9-300x300.jpg\" data-attachment-id=\"714\" alt=\"\"\/><\/a><\/span><\/li><li class=\"hover-zoom ts-boxed-one-sixth ts-boxed-one-sixth ts-boxed-one-sixth ts-boxed-one-sixth ts-boxed-one-sixth ts-boxed-one-sixth last ts-boxed-one-sixth ts-boxed-one-sixth ts-boxed-one-sixth ts-boxed-one-sixth\"><span><a href=\"https:\/\/thomas-ott.net\/home\/wp-content\/uploads\/2022\/12\/gly_alpquer_17_-10.jpg\" class=\"ts-image-link\"  title=\"\"><img decoding=\"async\" src=\"https:\/\/thomas-ott.net\/home\/wp-content\/uploads\/2022\/12\/gly_alpquer_17_-10-300x300.jpg\" data-attachment-id=\"778\" alt=\"\"\/><\/a><\/span><\/li><li class=\"hover-zoom ts-boxed-one-sixth ts-boxed-one-sixth ts-boxed-one-sixth ts-boxed-one-sixth ts-boxed-one-sixth ts-boxed-one-sixth last ts-boxed-one-sixth ts-boxed-one-sixth ts-boxed-one-sixth ts-boxed-one-sixth ts-boxed-one-sixth\"><span><a href=\"https:\/\/thomas-ott.net\/home\/wp-content\/uploads\/2022\/12\/gly_alpquer_17_-11.jpg\" class=\"ts-image-link\"  title=\"\"><img decoding=\"async\" src=\"https:\/\/thomas-ott.net\/home\/wp-content\/uploads\/2022\/12\/gly_alpquer_17_-11-300x300.jpg\" data-attachment-id=\"243\" alt=\"\"\/><\/a><\/span><\/li><li class=\"hover-zoom ts-boxed-one-sixth ts-boxed-one-sixth ts-boxed-one-sixth ts-boxed-one-sixth ts-boxed-one-sixth ts-boxed-one-sixth last ts-boxed-one-sixth ts-boxed-one-sixth ts-boxed-one-sixth ts-boxed-one-sixth ts-boxed-one-sixth ts-boxed-one-sixth last\"><span><a href=\"https:\/\/thomas-ott.net\/home\/wp-content\/uploads\/2022\/12\/gly_alpquer_17_-12.jpg\" class=\"ts-image-link\"  title=\"\"><img decoding=\"async\" src=\"https:\/\/thomas-ott.net\/home\/wp-content\/uploads\/2022\/12\/gly_alpquer_17_-12-300x300.jpg\" data-attachment-id=\"173\" alt=\"\"\/><\/a><\/span><\/li><li class=\"hover-zoom ts-boxed-one-sixth ts-boxed-one-sixth ts-boxed-one-sixth ts-boxed-one-sixth ts-boxed-one-sixth ts-boxed-one-sixth last ts-boxed-one-sixth ts-boxed-one-sixth ts-boxed-one-sixth ts-boxed-one-sixth ts-boxed-one-sixth ts-boxed-one-sixth last ts-boxed-one-sixth\"><span><a href=\"https:\/\/thomas-ott.net\/home\/wp-content\/uploads\/2022\/12\/gly_alpquer_17_-13.jpg\" class=\"ts-image-link\"  title=\"\"><img decoding=\"async\" src=\"https:\/\/thomas-ott.net\/home\/wp-content\/uploads\/2022\/12\/gly_alpquer_17_-13-300x300.jpg\" data-attachment-id=\"534\" alt=\"\"\/><\/a><\/span><\/li><li class=\"hover-zoom ts-boxed-one-sixth ts-boxed-one-sixth ts-boxed-one-sixth ts-boxed-one-sixth ts-boxed-one-sixth ts-boxed-one-sixth last ts-boxed-one-sixth ts-boxed-one-sixth ts-boxed-one-sixth ts-boxed-one-sixth ts-boxed-one-sixth ts-boxed-one-sixth last ts-boxed-one-sixth ts-boxed-one-sixth\"><span><a href=\"https:\/\/thomas-ott.net\/home\/wp-content\/uploads\/2022\/12\/gly_alpquer_17_-14.jpg\" class=\"ts-image-link\"  title=\"\"><img decoding=\"async\" src=\"https:\/\/thomas-ott.net\/home\/wp-content\/uploads\/2022\/12\/gly_alpquer_17_-14-300x300.jpg\" data-attachment-id=\"677\" alt=\"\"\/><\/a><\/span><\/li><li class=\"hover-zoom ts-boxed-one-sixth ts-boxed-one-sixth ts-boxed-one-sixth ts-boxed-one-sixth ts-boxed-one-sixth ts-boxed-one-sixth last ts-boxed-one-sixth ts-boxed-one-sixth ts-boxed-one-sixth ts-boxed-one-sixth ts-boxed-one-sixth ts-boxed-one-sixth last ts-boxed-one-sixth ts-boxed-one-sixth ts-boxed-one-sixth\"><span><a href=\"https:\/\/thomas-ott.net\/home\/wp-content\/uploads\/2022\/12\/gly_alpquer_17_-15.jpg\" class=\"ts-image-link\"  title=\"\"><img decoding=\"async\" src=\"https:\/\/thomas-ott.net\/home\/wp-content\/uploads\/2022\/12\/gly_alpquer_17_-15-300x300.jpg\" data-attachment-id=\"6\" alt=\"\"\/><\/a><\/span><\/li><\/ul><\/div><div class=\"clear\"><\/div>\n<div class=\"divider-shortcode line\" style=\"padding-top:10px;padding-bottom:20px;\"><div class=\"divider border-grey\" >&nbsp;<\/div><\/div>\n<h3>18 Farchant &#8211; Wolfratshausen (- Weinheim)<\/h3>\n<p>Distanz: 69,5 km<br \/>\nH\u00f6henmeter: +230 \/ \u2013330<br \/>\nFahrzeit: 04:14 h<\/p>\n<p>Auch heute war uns zun\u00e4chst kein Gl\u00fcck mit dem Wetter verg\u00f6nnt. Aber immerhin waren die Regenwolken so hoch, dass wir einen letzten Blick auf den Zugspitzgipfel erhaschen konnten. Wir folgten mehr oder weniger den ganzen Tag dem Loisach-Radweg, der uns u.a. zum bayerischen Landesgest\u00fct in Schweiganger, zum Kochelsee und nach Benediktbeuern f\u00fchrte.<\/p>\n<p>Nach etwas mehr als 1.000 Kilometern und mehr als 8.500 H\u00f6henmetern endete in Wolfratshausen unsere kleine Alpenrunde, wo schon die S-Bahn nach M\u00fcnchen bereit stand.<\/p>\n<p>Komoot: <a href=\"https:\/\/www.komoot.de\/tour\/922860734\" target=\"_blank\" rel=\"noopener\">https:\/\/www.komoot.de\/tour\/922860734<\/a><br \/>\nStrava: <a href=\"https:\/\/strava.app.link\/zppXdRQYetb\" target=\"_blank\" rel=\"noopener\">https:\/\/strava.app.link\/zppXdRQYetb<\/a><\/p>\n<div class=\"thumb-gallery gallery ts-mfp-gallery ts-gallery-shortcode\"><ul class=\"thumbs clearfix clearfix\" ><li class=\"hover-zoom ts-boxed-one-sixth\"><span><a href=\"https:\/\/thomas-ott.net\/home\/wp-content\/uploads\/2022\/12\/gly_alpquer_18_-1.jpg\" class=\"ts-image-link\"  title=\"\"><img decoding=\"async\" src=\"https:\/\/thomas-ott.net\/home\/wp-content\/uploads\/2022\/12\/gly_alpquer_18_-1-300x300.jpg\" data-attachment-id=\"258\" alt=\"\"\/><\/a><\/span><\/li><li class=\"hover-zoom ts-boxed-one-sixth ts-boxed-one-sixth\"><span><a href=\"https:\/\/thomas-ott.net\/home\/wp-content\/uploads\/2022\/12\/gly_alpquer_18_-2.jpg\" class=\"ts-image-link\"  title=\"\"><img decoding=\"async\" src=\"https:\/\/thomas-ott.net\/home\/wp-content\/uploads\/2022\/12\/gly_alpquer_18_-2-300x300.jpg\" data-attachment-id=\"970\" alt=\"\"\/><\/a><\/span><\/li><li class=\"hover-zoom ts-boxed-one-sixth ts-boxed-one-sixth ts-boxed-one-sixth\"><span><a href=\"https:\/\/thomas-ott.net\/home\/wp-content\/uploads\/2022\/12\/gly_alpquer_18_-3.jpg\" class=\"ts-image-link\"  title=\"\"><img decoding=\"async\" src=\"https:\/\/thomas-ott.net\/home\/wp-content\/uploads\/2022\/12\/gly_alpquer_18_-3-300x300.jpg\" data-attachment-id=\"105\" alt=\"\"\/><\/a><\/span><\/li><li class=\"hover-zoom ts-boxed-one-sixth ts-boxed-one-sixth ts-boxed-one-sixth ts-boxed-one-sixth\"><span><a href=\"https:\/\/thomas-ott.net\/home\/wp-content\/uploads\/2022\/12\/gly_alpquer_18_-4.jpg\" class=\"ts-image-link\"  title=\"\"><img decoding=\"async\" src=\"https:\/\/thomas-ott.net\/home\/wp-content\/uploads\/2022\/12\/gly_alpquer_18_-4-300x300.jpg\" data-attachment-id=\"624\" alt=\"\"\/><\/a><\/span><\/li><li class=\"hover-zoom ts-boxed-one-sixth ts-boxed-one-sixth ts-boxed-one-sixth ts-boxed-one-sixth ts-boxed-one-sixth\"><span><a href=\"https:\/\/thomas-ott.net\/home\/wp-content\/uploads\/2022\/12\/gly_alpquer_18_-5.jpg\" class=\"ts-image-link\"  title=\"\"><img decoding=\"async\" src=\"https:\/\/thomas-ott.net\/home\/wp-content\/uploads\/2022\/12\/gly_alpquer_18_-5-300x300.jpg\" data-attachment-id=\"982\" alt=\"\"\/><\/a><\/span><\/li><\/ul><\/div><div class=\"clear\"><\/div>\n<div class=\"divider-shortcode line\" style=\"padding-top:10px;padding-bottom:20px;\"><div class=\"divider border-grey\" >&nbsp;<\/div><\/div>\n","protected":false},"excerpt":{"rendered":"<p>Dieses Jahr haben wir uns einen lange gehegten Traum erf\u00fcllt und die Alpen mit dem Fahrrad \u00fcberquert (nur mit Muskelkraft). Wir haben die Reise in 17 Etappen unterteilt, die auch genug Zeit f\u00fcr Besichtigungen und (kulinarische) Gen\u00fcsse entlang der Strecke lie\u00dfen und das Vorhaben nicht zur Qu\u00e4lerei machten. Schlie\u00dflich bin ich nicht Jan Ulrich, und&#8230;<\/p>\n","protected":false},"author":1,"featured_media":19835,"comment_status":"open","ping_status":"open","sticky":false,"template":"","format":"standard","meta":{"_acf_changed":false,"footnotes":""},"categories":[1,18,431],"tags":[475,355],"class_list":["post-19827","post","type-post","status-publish","format-standard","has-post-thumbnail","hentry","category-allgemein","category-reisen","category-weltbilder","tag-alpen","tag-fahrrad"],"acf":[],"yoast_head":"<!-- This site is optimized with the Yoast SEO plugin v27.1.1 - https:\/\/yoast.com\/product\/yoast-seo-wordpress\/ -->\n<title>Alpenquerung 2022 | The Secret Life of Thomas Ott<\/title>\n<meta name=\"robots\" content=\"index, follow, max-snippet:-1, max-image-preview:large, max-video-preview:-1\" \/>\n<link rel=\"canonical\" href=\"https:\/\/thomas-ott.net\/home\/?p=19827\" \/>\n<meta property=\"og:locale\" content=\"de_DE\" \/>\n<meta property=\"og:type\" content=\"article\" \/>\n<meta property=\"og:title\" content=\"Alpenquerung 2022 | The Secret Life of Thomas Ott\" \/>\n<meta property=\"og:description\" content=\"Dieses Jahr haben wir uns einen lange gehegten Traum erf\u00fcllt und die Alpen mit dem Fahrrad \u00fcberquert (nur mit Muskelkraft). Wir haben die Reise in 17 Etappen unterteilt, die auch genug Zeit f\u00fcr Besichtigungen und (kulinarische) Gen\u00fcsse entlang der Strecke lie\u00dfen und das Vorhaben nicht zur Qu\u00e4lerei machten. Schlie\u00dflich bin ich nicht Jan Ulrich, und...\" \/>\n<meta property=\"og:url\" content=\"https:\/\/thomas-ott.net\/home\/?p=19827\" \/>\n<meta property=\"og:site_name\" content=\"The Secret Life of Thomas Ott\" \/>\n<meta property=\"article:publisher\" content=\"https:\/\/www.facebook.com\/oagis\" \/>\n<meta property=\"article:author\" content=\"https:\/\/www.facebook.com\/oagis\" \/>\n<meta property=\"article:published_time\" content=\"2022-08-24T15:58:36+00:00\" \/>\n<meta property=\"article:modified_time\" content=\"2022-12-29T18:57:03+00:00\" \/>\n<meta property=\"og:image\" content=\"https:\/\/thomas-ott.net\/home\/wp-content\/uploads\/2022\/08\/Screenshot-2022-08-02-163349.jpg\" \/>\n\t<meta property=\"og:image:width\" content=\"2395\" \/>\n\t<meta property=\"og:image:height\" content=\"1326\" \/>\n\t<meta property=\"og:image:type\" content=\"image\/jpeg\" \/>\n<meta name=\"author\" content=\"Thomas Ott\" \/>\n<meta name=\"twitter:card\" content=\"summary_large_image\" \/>\n<meta name=\"twitter:creator\" content=\"@oagis\" \/>\n<meta name=\"twitter:site\" content=\"@oagis\" \/>\n<meta name=\"twitter:label1\" content=\"Verfasst von\" \/>\n\t<meta name=\"twitter:data1\" content=\"Thomas Ott\" \/>\n\t<meta name=\"twitter:label2\" content=\"Gesch\u00e4tzte Lesezeit\" \/>\n\t<meta name=\"twitter:data2\" content=\"19\u00a0Minuten\" \/>\n<script type=\"application\/ld+json\" class=\"yoast-schema-graph\">{\"@context\":\"https:\/\/schema.org\",\"@graph\":[{\"@type\":\"Article\",\"@id\":\"https:\/\/thomas-ott.net\/home\/?p=19827#article\",\"isPartOf\":{\"@id\":\"https:\/\/thomas-ott.net\/home\/?p=19827\"},\"author\":{\"name\":\"Thomas Ott\",\"@id\":\"https:\/\/thomas-ott.net\/home\/#\/schema\/person\/0a142f0a3d76fa4af0513a832379747b\"},\"headline\":\"Alpenquerung 2022\",\"datePublished\":\"2022-08-24T15:58:36+00:00\",\"dateModified\":\"2022-12-29T18:57:03+00:00\",\"mainEntityOfPage\":{\"@id\":\"https:\/\/thomas-ott.net\/home\/?p=19827\"},\"wordCount\":5257,\"commentCount\":2,\"publisher\":{\"@id\":\"https:\/\/thomas-ott.net\/home\/#\/schema\/person\/0a142f0a3d76fa4af0513a832379747b\"},\"image\":{\"@id\":\"https:\/\/thomas-ott.net\/home\/?p=19827#primaryimage\"},\"thumbnailUrl\":\"https:\/\/thomas-ott.net\/home\/wp-content\/uploads\/2022\/08\/Screenshot-2022-08-02-163349.jpg\",\"keywords\":[\"Alpen\",\"Fahrrad\"],\"articleSection\":{\"1\":\"Reisen\",\"2\":\"Weltbilder\"},\"inLanguage\":\"de\",\"potentialAction\":[{\"@type\":\"CommentAction\",\"name\":\"Comment\",\"target\":[\"https:\/\/thomas-ott.net\/home\/?p=19827#respond\"]}]},{\"@type\":\"WebPage\",\"@id\":\"https:\/\/thomas-ott.net\/home\/?p=19827\",\"url\":\"https:\/\/thomas-ott.net\/home\/?p=19827\",\"name\":\"Alpenquerung 2022 | The Secret Life of Thomas Ott\",\"isPartOf\":{\"@id\":\"https:\/\/thomas-ott.net\/home\/#website\"},\"primaryImageOfPage\":{\"@id\":\"https:\/\/thomas-ott.net\/home\/?p=19827#primaryimage\"},\"image\":{\"@id\":\"https:\/\/thomas-ott.net\/home\/?p=19827#primaryimage\"},\"thumbnailUrl\":\"https:\/\/thomas-ott.net\/home\/wp-content\/uploads\/2022\/08\/Screenshot-2022-08-02-163349.jpg\",\"datePublished\":\"2022-08-24T15:58:36+00:00\",\"dateModified\":\"2022-12-29T18:57:03+00:00\",\"breadcrumb\":{\"@id\":\"https:\/\/thomas-ott.net\/home\/?p=19827#breadcrumb\"},\"inLanguage\":\"de\",\"potentialAction\":[{\"@type\":\"ReadAction\",\"target\":[\"https:\/\/thomas-ott.net\/home\/?p=19827\"]}]},{\"@type\":\"ImageObject\",\"inLanguage\":\"de\",\"@id\":\"https:\/\/thomas-ott.net\/home\/?p=19827#primaryimage\",\"url\":\"https:\/\/thomas-ott.net\/home\/wp-content\/uploads\/2022\/08\/Screenshot-2022-08-02-163349.jpg\",\"contentUrl\":\"https:\/\/thomas-ott.net\/home\/wp-content\/uploads\/2022\/08\/Screenshot-2022-08-02-163349.jpg\",\"width\":2395,\"height\":1326},{\"@type\":\"BreadcrumbList\",\"@id\":\"https:\/\/thomas-ott.net\/home\/?p=19827#breadcrumb\",\"itemListElement\":[{\"@type\":\"ListItem\",\"position\":1,\"name\":\"Startseite\",\"item\":\"https:\/\/thomas-ott.net\/home\/\"},{\"@type\":\"ListItem\",\"position\":2,\"name\":\"Alpenquerung 2022\"}]},{\"@type\":\"WebSite\",\"@id\":\"https:\/\/thomas-ott.net\/home\/#website\",\"url\":\"https:\/\/thomas-ott.net\/home\/\",\"name\":\"The Secret Life of Thomas Ott\",\"description\":\"Website von Dr. Thomas Ott, Weinheim\",\"publisher\":{\"@id\":\"https:\/\/thomas-ott.net\/home\/#\/schema\/person\/0a142f0a3d76fa4af0513a832379747b\"},\"potentialAction\":[{\"@type\":\"SearchAction\",\"target\":{\"@type\":\"EntryPoint\",\"urlTemplate\":\"https:\/\/thomas-ott.net\/home\/?s={search_term_string}\"},\"query-input\":{\"@type\":\"PropertyValueSpecification\",\"valueRequired\":true,\"valueName\":\"search_term_string\"}}],\"inLanguage\":\"de\"},{\"@type\":[\"Person\",\"Organization\"],\"@id\":\"https:\/\/thomas-ott.net\/home\/#\/schema\/person\/0a142f0a3d76fa4af0513a832379747b\",\"name\":\"Thomas Ott\",\"image\":{\"@type\":\"ImageObject\",\"inLanguage\":\"de\",\"@id\":\"https:\/\/thomas-ott.net\/home\/#\/schema\/person\/image\/\",\"url\":\"https:\/\/secure.gravatar.com\/avatar\/984baf04fae50a93f41615cda6dee454fdc8be653bcfd6e45a10e9f54e05505b?s=96&d=mm&r=g\",\"contentUrl\":\"https:\/\/secure.gravatar.com\/avatar\/984baf04fae50a93f41615cda6dee454fdc8be653bcfd6e45a10e9f54e05505b?s=96&d=mm&r=g\",\"caption\":\"Thomas Ott\"},\"logo\":{\"@id\":\"https:\/\/thomas-ott.net\/home\/#\/schema\/person\/image\/\"},\"sameAs\":[\"https:\/\/www.facebook.com\/oagis\",\"https:\/\/www.instagram.com\/thomas_ott_66\/\",\"https:\/\/www.linkedin.com\/in\/oagis\/\",\"https:\/\/x.com\/oagis\"]}]}<\/script>\n<!-- \/ Yoast SEO plugin. -->","yoast_head_json":{"title":"Alpenquerung 2022 | The Secret Life of Thomas Ott","robots":{"index":"index","follow":"follow","max-snippet":"max-snippet:-1","max-image-preview":"max-image-preview:large","max-video-preview":"max-video-preview:-1"},"canonical":"https:\/\/thomas-ott.net\/home\/?p=19827","og_locale":"de_DE","og_type":"article","og_title":"Alpenquerung 2022 | The Secret Life of Thomas Ott","og_description":"Dieses Jahr haben wir uns einen lange gehegten Traum erf\u00fcllt und die Alpen mit dem Fahrrad \u00fcberquert (nur mit Muskelkraft). Wir haben die Reise in 17 Etappen unterteilt, die auch genug Zeit f\u00fcr Besichtigungen und (kulinarische) Gen\u00fcsse entlang der Strecke lie\u00dfen und das Vorhaben nicht zur Qu\u00e4lerei machten. Schlie\u00dflich bin ich nicht Jan Ulrich, und...","og_url":"https:\/\/thomas-ott.net\/home\/?p=19827","og_site_name":"The Secret Life of Thomas Ott","article_publisher":"https:\/\/www.facebook.com\/oagis","article_author":"https:\/\/www.facebook.com\/oagis","article_published_time":"2022-08-24T15:58:36+00:00","article_modified_time":"2022-12-29T18:57:03+00:00","og_image":[{"width":2395,"height":1326,"url":"https:\/\/thomas-ott.net\/home\/wp-content\/uploads\/2022\/08\/Screenshot-2022-08-02-163349.jpg","type":"image\/jpeg"}],"author":"Thomas Ott","twitter_card":"summary_large_image","twitter_creator":"@oagis","twitter_site":"@oagis","twitter_misc":{"Verfasst von":"Thomas Ott","Gesch\u00e4tzte Lesezeit":"19\u00a0Minuten"},"schema":{"@context":"https:\/\/schema.org","@graph":[{"@type":"Article","@id":"https:\/\/thomas-ott.net\/home\/?p=19827#article","isPartOf":{"@id":"https:\/\/thomas-ott.net\/home\/?p=19827"},"author":{"name":"Thomas Ott","@id":"https:\/\/thomas-ott.net\/home\/#\/schema\/person\/0a142f0a3d76fa4af0513a832379747b"},"headline":"Alpenquerung 2022","datePublished":"2022-08-24T15:58:36+00:00","dateModified":"2022-12-29T18:57:03+00:00","mainEntityOfPage":{"@id":"https:\/\/thomas-ott.net\/home\/?p=19827"},"wordCount":5257,"commentCount":2,"publisher":{"@id":"https:\/\/thomas-ott.net\/home\/#\/schema\/person\/0a142f0a3d76fa4af0513a832379747b"},"image":{"@id":"https:\/\/thomas-ott.net\/home\/?p=19827#primaryimage"},"thumbnailUrl":"https:\/\/thomas-ott.net\/home\/wp-content\/uploads\/2022\/08\/Screenshot-2022-08-02-163349.jpg","keywords":["Alpen","Fahrrad"],"articleSection":{"1":"Reisen","2":"Weltbilder"},"inLanguage":"de","potentialAction":[{"@type":"CommentAction","name":"Comment","target":["https:\/\/thomas-ott.net\/home\/?p=19827#respond"]}]},{"@type":"WebPage","@id":"https:\/\/thomas-ott.net\/home\/?p=19827","url":"https:\/\/thomas-ott.net\/home\/?p=19827","name":"Alpenquerung 2022 | The Secret Life of Thomas Ott","isPartOf":{"@id":"https:\/\/thomas-ott.net\/home\/#website"},"primaryImageOfPage":{"@id":"https:\/\/thomas-ott.net\/home\/?p=19827#primaryimage"},"image":{"@id":"https:\/\/thomas-ott.net\/home\/?p=19827#primaryimage"},"thumbnailUrl":"https:\/\/thomas-ott.net\/home\/wp-content\/uploads\/2022\/08\/Screenshot-2022-08-02-163349.jpg","datePublished":"2022-08-24T15:58:36+00:00","dateModified":"2022-12-29T18:57:03+00:00","breadcrumb":{"@id":"https:\/\/thomas-ott.net\/home\/?p=19827#breadcrumb"},"inLanguage":"de","potentialAction":[{"@type":"ReadAction","target":["https:\/\/thomas-ott.net\/home\/?p=19827"]}]},{"@type":"ImageObject","inLanguage":"de","@id":"https:\/\/thomas-ott.net\/home\/?p=19827#primaryimage","url":"https:\/\/thomas-ott.net\/home\/wp-content\/uploads\/2022\/08\/Screenshot-2022-08-02-163349.jpg","contentUrl":"https:\/\/thomas-ott.net\/home\/wp-content\/uploads\/2022\/08\/Screenshot-2022-08-02-163349.jpg","width":2395,"height":1326},{"@type":"BreadcrumbList","@id":"https:\/\/thomas-ott.net\/home\/?p=19827#breadcrumb","itemListElement":[{"@type":"ListItem","position":1,"name":"Startseite","item":"https:\/\/thomas-ott.net\/home\/"},{"@type":"ListItem","position":2,"name":"Alpenquerung 2022"}]},{"@type":"WebSite","@id":"https:\/\/thomas-ott.net\/home\/#website","url":"https:\/\/thomas-ott.net\/home\/","name":"The Secret Life of Thomas Ott","description":"Website von Dr. Thomas Ott, Weinheim","publisher":{"@id":"https:\/\/thomas-ott.net\/home\/#\/schema\/person\/0a142f0a3d76fa4af0513a832379747b"},"potentialAction":[{"@type":"SearchAction","target":{"@type":"EntryPoint","urlTemplate":"https:\/\/thomas-ott.net\/home\/?s={search_term_string}"},"query-input":{"@type":"PropertyValueSpecification","valueRequired":true,"valueName":"search_term_string"}}],"inLanguage":"de"},{"@type":["Person","Organization"],"@id":"https:\/\/thomas-ott.net\/home\/#\/schema\/person\/0a142f0a3d76fa4af0513a832379747b","name":"Thomas Ott","image":{"@type":"ImageObject","inLanguage":"de","@id":"https:\/\/thomas-ott.net\/home\/#\/schema\/person\/image\/","url":"https:\/\/secure.gravatar.com\/avatar\/984baf04fae50a93f41615cda6dee454fdc8be653bcfd6e45a10e9f54e05505b?s=96&d=mm&r=g","contentUrl":"https:\/\/secure.gravatar.com\/avatar\/984baf04fae50a93f41615cda6dee454fdc8be653bcfd6e45a10e9f54e05505b?s=96&d=mm&r=g","caption":"Thomas Ott"},"logo":{"@id":"https:\/\/thomas-ott.net\/home\/#\/schema\/person\/image\/"},"sameAs":["https:\/\/www.facebook.com\/oagis","https:\/\/www.instagram.com\/thomas_ott_66\/","https:\/\/www.linkedin.com\/in\/oagis\/","https:\/\/x.com\/oagis"]}]}},"_links":{"self":[{"href":"https:\/\/thomas-ott.net\/home\/index.php?rest_route=\/wp\/v2\/posts\/19827","targetHints":{"allow":["GET"]}}],"collection":[{"href":"https:\/\/thomas-ott.net\/home\/index.php?rest_route=\/wp\/v2\/posts"}],"about":[{"href":"https:\/\/thomas-ott.net\/home\/index.php?rest_route=\/wp\/v2\/types\/post"}],"author":[{"embeddable":true,"href":"https:\/\/thomas-ott.net\/home\/index.php?rest_route=\/wp\/v2\/users\/1"}],"replies":[{"embeddable":true,"href":"https:\/\/thomas-ott.net\/home\/index.php?rest_route=%2Fwp%2Fv2%2Fcomments&post=19827"}],"version-history":[{"count":51,"href":"https:\/\/thomas-ott.net\/home\/index.php?rest_route=\/wp\/v2\/posts\/19827\/revisions"}],"predecessor-version":[{"id":20026,"href":"https:\/\/thomas-ott.net\/home\/index.php?rest_route=\/wp\/v2\/posts\/19827\/revisions\/20026"}],"wp:featuredmedia":[{"embeddable":true,"href":"https:\/\/thomas-ott.net\/home\/index.php?rest_route=\/wp\/v2\/media\/19835"}],"wp:attachment":[{"href":"https:\/\/thomas-ott.net\/home\/index.php?rest_route=%2Fwp%2Fv2%2Fmedia&parent=19827"}],"wp:term":[{"taxonomy":"category","embeddable":true,"href":"https:\/\/thomas-ott.net\/home\/index.php?rest_route=%2Fwp%2Fv2%2Fcategories&post=19827"},{"taxonomy":"post_tag","embeddable":true,"href":"https:\/\/thomas-ott.net\/home\/index.php?rest_route=%2Fwp%2Fv2%2Ftags&post=19827"}],"curies":[{"name":"wp","href":"https:\/\/api.w.org\/{rel}","templated":true}]}}