{"id":19820,"date":"2021-05-14T13:50:10","date_gmt":"2021-05-14T11:50:10","guid":{"rendered":"https:\/\/thomas-ott.net\/home\/?p=19820"},"modified":"2021-05-14T17:46:13","modified_gmt":"2021-05-14T15:46:13","slug":"heidi-mohr-halle-gemeinderatssitzung-vom-12-mai-2021","status":"publish","type":"post","link":"https:\/\/thomas-ott.net\/home\/?p=19820","title":{"rendered":"Heidi-Mohr-Halle, Gemeinderatssitzung vom 12. Mai 2021"},"content":{"rendered":"<p>Manche Beschlussvorlagen im Gemeinderat sind schwierig: man muss sich in den Sachverhalt einarbeiten, widerstrebende Interessen abw\u00e4gen und die finanziellen, \u00f6kologischen und sozialen Folgen absch\u00e4tzen. Ganz anders der Beschluss zum Tagesordnungspunkt 7 auf der j\u00fcngsten Sitzung des Gemeinderates, bei dem es nicht viel zum \u00dcberlegen gab. Hier meine Stellungnahme zur &#8222;Heidi-Mohr-Halle&#8220;:<\/p>\n<blockquote><p>Heidi Mohr begeisterte mich f\u00fcr den Frauenfu\u00dfball lange bevor es meine eigene Tochter konnte.<\/p>\n<p>Unvergessen bleibt mir <a href=\"https:\/\/www.youtube.com\/watch?v=gOZK5-PCo3E\" target=\"_blank\" rel=\"noopener\">ihr Tor des Monats<\/a> aus dem Endspiel der EM 1991, als sie den Ball am eigenen Strafraum eroberte und mit einem Sololauf die halbe norwegische Mannschaft ausspielte.<\/p>\n<p>Als geb\u00fcrtiger Pf\u00e4lzer kannte ich sie als Spielerin der TUS Niederkirchen. Nach Weinheim kam ich erst nach Ende ihrer aktiven Laufbahn. Ich kann daher nicht \u00fcber die h\u00e4ufig beklagte fehlende W\u00fcrdigung Heidi Mohrs urteilen.<\/p>\n<p>Ihre Titel und Ehrungen sind in der Beschlussvorlage aufgez\u00e4hlt, und es ist gut, dass Heidi Mohr mit dem Hallennamen nun die ihr zustehende Ehrung erf\u00e4hrt.<\/p>\n<p>Ich w\u00fcrde mich freuen, wenn die Benennung der Halle dazu beitr\u00e4gt, dass die Fu\u00dfballstadt Weinheim nicht l\u00e4nger nur durch Sepp Herberger und den legend\u00e4ren Pokalsieg der Nullneuner und damit nur durch M\u00e4nner bekannt ist.<\/p>\n<p>Ohne die Ehrung Heidi Mohrs zu schm\u00e4lern, ist der heutige Beschluss auch eine gute Gelegenheit, den vielen ehrenamtlichen Trainerinnen und Trainern zu danken, die in unseren Sportvereinen wie beispielsweise bei der <a href=\"https:\/\/www.facebook.com\/SGHLadies\/\" target=\"_blank\" rel=\"noopener\">SG Hohensachsen<\/a> eine herausragende Arbeit f\u00fcr den M\u00e4dchen- und Frauenfu\u00dfball leisten.<\/p>\n<p>M\u00f6ge das Vorbild Heidi Mohrs dazu beitragen, dass unsere Stadt weitere gro\u00dfartige Spielerinnen hervorbringt!<\/p><\/blockquote>\n","protected":false},"excerpt":{"rendered":"<p>Manche Beschlussvorlagen im Gemeinderat sind schwierig: man muss sich in den Sachverhalt einarbeiten, widerstrebende Interessen abw\u00e4gen und die finanziellen, \u00f6kologischen und sozialen Folgen absch\u00e4tzen. Ganz anders der Beschluss zum Tagesordnungspunkt 7 auf der j\u00fcngsten Sitzung des Gemeinderates, bei dem es nicht viel zum \u00dcberlegen gab. Hier meine Stellungnahme zur &#8222;Heidi-Mohr-Halle&#8220;: Heidi Mohr begeisterte mich f\u00fcr&#8230;<\/p>\n","protected":false},"author":1,"featured_media":0,"comment_status":"open","ping_status":"open","sticky":false,"template":"","format":"standard","meta":{"_acf_changed":false,"footnotes":""},"categories":[1,22,372],"tags":[369,474,455],"class_list":["post-19820","post","type-post","status-publish","format-standard","hentry","category-allgemein","category-politik","category-sport","tag-fussball","tag-heidi-mohr","tag-kommunalpolitik"],"acf":[],"yoast_head":"<!-- This site is optimized with the Yoast SEO plugin v27.1.1 - https:\/\/yoast.com\/product\/yoast-seo-wordpress\/ -->\n<title>Heidi-Mohr-Halle, Gemeinderatssitzung vom 12. Mai 2021 | The Secret Life of Thomas Ott<\/title>\n<meta name=\"robots\" content=\"index, follow, max-snippet:-1, max-image-preview:large, max-video-preview:-1\" \/>\n<link rel=\"canonical\" href=\"https:\/\/thomas-ott.net\/home\/?p=19820\" \/>\n<meta property=\"og:locale\" content=\"de_DE\" \/>\n<meta property=\"og:type\" content=\"article\" \/>\n<meta property=\"og:title\" content=\"Heidi-Mohr-Halle, Gemeinderatssitzung vom 12. Mai 2021 | The Secret Life of Thomas Ott\" \/>\n<meta property=\"og:description\" content=\"Manche Beschlussvorlagen im Gemeinderat sind schwierig: man muss sich in den Sachverhalt einarbeiten, widerstrebende Interessen abw\u00e4gen und die finanziellen, \u00f6kologischen und sozialen Folgen absch\u00e4tzen. Ganz anders der Beschluss zum Tagesordnungspunkt 7 auf der j\u00fcngsten Sitzung des Gemeinderates, bei dem es nicht viel zum \u00dcberlegen gab. Hier meine Stellungnahme zur &#8222;Heidi-Mohr-Halle&#8220;: Heidi Mohr begeisterte mich f\u00fcr...\" \/>\n<meta property=\"og:url\" content=\"https:\/\/thomas-ott.net\/home\/?p=19820\" \/>\n<meta property=\"og:site_name\" content=\"The Secret Life of Thomas Ott\" \/>\n<meta property=\"article:publisher\" content=\"https:\/\/www.facebook.com\/oagis\" \/>\n<meta property=\"article:author\" content=\"https:\/\/www.facebook.com\/oagis\" \/>\n<meta property=\"article:published_time\" content=\"2021-05-14T11:50:10+00:00\" \/>\n<meta property=\"article:modified_time\" content=\"2021-05-14T15:46:13+00:00\" \/>\n<meta name=\"author\" content=\"Thomas Ott\" \/>\n<meta name=\"twitter:card\" content=\"summary_large_image\" \/>\n<meta name=\"twitter:creator\" content=\"@oagis\" \/>\n<meta name=\"twitter:site\" content=\"@oagis\" \/>\n<meta name=\"twitter:label1\" content=\"Verfasst von\" \/>\n\t<meta name=\"twitter:data1\" content=\"Thomas Ott\" \/>\n\t<meta name=\"twitter:label2\" content=\"Gesch\u00e4tzte Lesezeit\" \/>\n\t<meta name=\"twitter:data2\" content=\"1\u00a0Minute\" \/>\n<script type=\"application\/ld+json\" class=\"yoast-schema-graph\">{\"@context\":\"https:\/\/schema.org\",\"@graph\":[{\"@type\":\"Article\",\"@id\":\"https:\/\/thomas-ott.net\/home\/?p=19820#article\",\"isPartOf\":{\"@id\":\"https:\/\/thomas-ott.net\/home\/?p=19820\"},\"author\":{\"name\":\"Thomas Ott\",\"@id\":\"https:\/\/thomas-ott.net\/home\/#\/schema\/person\/0a142f0a3d76fa4af0513a832379747b\"},\"headline\":\"Heidi-Mohr-Halle, Gemeinderatssitzung vom 12. Mai 2021\",\"datePublished\":\"2021-05-14T11:50:10+00:00\",\"dateModified\":\"2021-05-14T15:46:13+00:00\",\"mainEntityOfPage\":{\"@id\":\"https:\/\/thomas-ott.net\/home\/?p=19820\"},\"wordCount\":268,\"commentCount\":0,\"publisher\":{\"@id\":\"https:\/\/thomas-ott.net\/home\/#\/schema\/person\/0a142f0a3d76fa4af0513a832379747b\"},\"keywords\":[\"Fu\u00dfball\",\"Heidi Mohr\",\"Kommunalpolitik\"],\"articleSection\":{\"1\":\"Politik\",\"2\":\"Sport\"},\"inLanguage\":\"de\",\"potentialAction\":[{\"@type\":\"CommentAction\",\"name\":\"Comment\",\"target\":[\"https:\/\/thomas-ott.net\/home\/?p=19820#respond\"]}]},{\"@type\":\"WebPage\",\"@id\":\"https:\/\/thomas-ott.net\/home\/?p=19820\",\"url\":\"https:\/\/thomas-ott.net\/home\/?p=19820\",\"name\":\"Heidi-Mohr-Halle, Gemeinderatssitzung vom 12. Mai 2021 | The Secret Life of Thomas Ott\",\"isPartOf\":{\"@id\":\"https:\/\/thomas-ott.net\/home\/#website\"},\"datePublished\":\"2021-05-14T11:50:10+00:00\",\"dateModified\":\"2021-05-14T15:46:13+00:00\",\"breadcrumb\":{\"@id\":\"https:\/\/thomas-ott.net\/home\/?p=19820#breadcrumb\"},\"inLanguage\":\"de\",\"potentialAction\":[{\"@type\":\"ReadAction\",\"target\":[\"https:\/\/thomas-ott.net\/home\/?p=19820\"]}]},{\"@type\":\"BreadcrumbList\",\"@id\":\"https:\/\/thomas-ott.net\/home\/?p=19820#breadcrumb\",\"itemListElement\":[{\"@type\":\"ListItem\",\"position\":1,\"name\":\"Startseite\",\"item\":\"https:\/\/thomas-ott.net\/home\/\"},{\"@type\":\"ListItem\",\"position\":2,\"name\":\"Heidi-Mohr-Halle, Gemeinderatssitzung vom 12. Mai 2021\"}]},{\"@type\":\"WebSite\",\"@id\":\"https:\/\/thomas-ott.net\/home\/#website\",\"url\":\"https:\/\/thomas-ott.net\/home\/\",\"name\":\"The Secret Life of Thomas Ott\",\"description\":\"Website von Dr. Thomas Ott, Weinheim\",\"publisher\":{\"@id\":\"https:\/\/thomas-ott.net\/home\/#\/schema\/person\/0a142f0a3d76fa4af0513a832379747b\"},\"potentialAction\":[{\"@type\":\"SearchAction\",\"target\":{\"@type\":\"EntryPoint\",\"urlTemplate\":\"https:\/\/thomas-ott.net\/home\/?s={search_term_string}\"},\"query-input\":{\"@type\":\"PropertyValueSpecification\",\"valueRequired\":true,\"valueName\":\"search_term_string\"}}],\"inLanguage\":\"de\"},{\"@type\":[\"Person\",\"Organization\"],\"@id\":\"https:\/\/thomas-ott.net\/home\/#\/schema\/person\/0a142f0a3d76fa4af0513a832379747b\",\"name\":\"Thomas Ott\",\"image\":{\"@type\":\"ImageObject\",\"inLanguage\":\"de\",\"@id\":\"https:\/\/thomas-ott.net\/home\/#\/schema\/person\/image\/\",\"url\":\"https:\/\/secure.gravatar.com\/avatar\/984baf04fae50a93f41615cda6dee454fdc8be653bcfd6e45a10e9f54e05505b?s=96&d=mm&r=g\",\"contentUrl\":\"https:\/\/secure.gravatar.com\/avatar\/984baf04fae50a93f41615cda6dee454fdc8be653bcfd6e45a10e9f54e05505b?s=96&d=mm&r=g\",\"caption\":\"Thomas Ott\"},\"logo\":{\"@id\":\"https:\/\/thomas-ott.net\/home\/#\/schema\/person\/image\/\"},\"sameAs\":[\"https:\/\/www.facebook.com\/oagis\",\"https:\/\/www.instagram.com\/thomas_ott_66\/\",\"https:\/\/www.linkedin.com\/in\/oagis\/\",\"https:\/\/x.com\/oagis\"]}]}<\/script>\n<!-- \/ Yoast SEO plugin. -->","yoast_head_json":{"title":"Heidi-Mohr-Halle, Gemeinderatssitzung vom 12. Mai 2021 | The Secret Life of Thomas Ott","robots":{"index":"index","follow":"follow","max-snippet":"max-snippet:-1","max-image-preview":"max-image-preview:large","max-video-preview":"max-video-preview:-1"},"canonical":"https:\/\/thomas-ott.net\/home\/?p=19820","og_locale":"de_DE","og_type":"article","og_title":"Heidi-Mohr-Halle, Gemeinderatssitzung vom 12. Mai 2021 | The Secret Life of Thomas Ott","og_description":"Manche Beschlussvorlagen im Gemeinderat sind schwierig: man muss sich in den Sachverhalt einarbeiten, widerstrebende Interessen abw\u00e4gen und die finanziellen, \u00f6kologischen und sozialen Folgen absch\u00e4tzen. Ganz anders der Beschluss zum Tagesordnungspunkt 7 auf der j\u00fcngsten Sitzung des Gemeinderates, bei dem es nicht viel zum \u00dcberlegen gab. Hier meine Stellungnahme zur &#8222;Heidi-Mohr-Halle&#8220;: Heidi Mohr begeisterte mich f\u00fcr...","og_url":"https:\/\/thomas-ott.net\/home\/?p=19820","og_site_name":"The Secret Life of Thomas Ott","article_publisher":"https:\/\/www.facebook.com\/oagis","article_author":"https:\/\/www.facebook.com\/oagis","article_published_time":"2021-05-14T11:50:10+00:00","article_modified_time":"2021-05-14T15:46:13+00:00","author":"Thomas Ott","twitter_card":"summary_large_image","twitter_creator":"@oagis","twitter_site":"@oagis","twitter_misc":{"Verfasst von":"Thomas Ott","Gesch\u00e4tzte Lesezeit":"1\u00a0Minute"},"schema":{"@context":"https:\/\/schema.org","@graph":[{"@type":"Article","@id":"https:\/\/thomas-ott.net\/home\/?p=19820#article","isPartOf":{"@id":"https:\/\/thomas-ott.net\/home\/?p=19820"},"author":{"name":"Thomas Ott","@id":"https:\/\/thomas-ott.net\/home\/#\/schema\/person\/0a142f0a3d76fa4af0513a832379747b"},"headline":"Heidi-Mohr-Halle, Gemeinderatssitzung vom 12. Mai 2021","datePublished":"2021-05-14T11:50:10+00:00","dateModified":"2021-05-14T15:46:13+00:00","mainEntityOfPage":{"@id":"https:\/\/thomas-ott.net\/home\/?p=19820"},"wordCount":268,"commentCount":0,"publisher":{"@id":"https:\/\/thomas-ott.net\/home\/#\/schema\/person\/0a142f0a3d76fa4af0513a832379747b"},"keywords":["Fu\u00dfball","Heidi Mohr","Kommunalpolitik"],"articleSection":{"1":"Politik","2":"Sport"},"inLanguage":"de","potentialAction":[{"@type":"CommentAction","name":"Comment","target":["https:\/\/thomas-ott.net\/home\/?p=19820#respond"]}]},{"@type":"WebPage","@id":"https:\/\/thomas-ott.net\/home\/?p=19820","url":"https:\/\/thomas-ott.net\/home\/?p=19820","name":"Heidi-Mohr-Halle, Gemeinderatssitzung vom 12. Mai 2021 | The Secret Life of Thomas Ott","isPartOf":{"@id":"https:\/\/thomas-ott.net\/home\/#website"},"datePublished":"2021-05-14T11:50:10+00:00","dateModified":"2021-05-14T15:46:13+00:00","breadcrumb":{"@id":"https:\/\/thomas-ott.net\/home\/?p=19820#breadcrumb"},"inLanguage":"de","potentialAction":[{"@type":"ReadAction","target":["https:\/\/thomas-ott.net\/home\/?p=19820"]}]},{"@type":"BreadcrumbList","@id":"https:\/\/thomas-ott.net\/home\/?p=19820#breadcrumb","itemListElement":[{"@type":"ListItem","position":1,"name":"Startseite","item":"https:\/\/thomas-ott.net\/home\/"},{"@type":"ListItem","position":2,"name":"Heidi-Mohr-Halle, Gemeinderatssitzung vom 12. Mai 2021"}]},{"@type":"WebSite","@id":"https:\/\/thomas-ott.net\/home\/#website","url":"https:\/\/thomas-ott.net\/home\/","name":"The Secret Life of Thomas Ott","description":"Website von Dr. Thomas Ott, Weinheim","publisher":{"@id":"https:\/\/thomas-ott.net\/home\/#\/schema\/person\/0a142f0a3d76fa4af0513a832379747b"},"potentialAction":[{"@type":"SearchAction","target":{"@type":"EntryPoint","urlTemplate":"https:\/\/thomas-ott.net\/home\/?s={search_term_string}"},"query-input":{"@type":"PropertyValueSpecification","valueRequired":true,"valueName":"search_term_string"}}],"inLanguage":"de"},{"@type":["Person","Organization"],"@id":"https:\/\/thomas-ott.net\/home\/#\/schema\/person\/0a142f0a3d76fa4af0513a832379747b","name":"Thomas Ott","image":{"@type":"ImageObject","inLanguage":"de","@id":"https:\/\/thomas-ott.net\/home\/#\/schema\/person\/image\/","url":"https:\/\/secure.gravatar.com\/avatar\/984baf04fae50a93f41615cda6dee454fdc8be653bcfd6e45a10e9f54e05505b?s=96&d=mm&r=g","contentUrl":"https:\/\/secure.gravatar.com\/avatar\/984baf04fae50a93f41615cda6dee454fdc8be653bcfd6e45a10e9f54e05505b?s=96&d=mm&r=g","caption":"Thomas Ott"},"logo":{"@id":"https:\/\/thomas-ott.net\/home\/#\/schema\/person\/image\/"},"sameAs":["https:\/\/www.facebook.com\/oagis","https:\/\/www.instagram.com\/thomas_ott_66\/","https:\/\/www.linkedin.com\/in\/oagis\/","https:\/\/x.com\/oagis"]}]}},"_links":{"self":[{"href":"https:\/\/thomas-ott.net\/home\/index.php?rest_route=\/wp\/v2\/posts\/19820","targetHints":{"allow":["GET"]}}],"collection":[{"href":"https:\/\/thomas-ott.net\/home\/index.php?rest_route=\/wp\/v2\/posts"}],"about":[{"href":"https:\/\/thomas-ott.net\/home\/index.php?rest_route=\/wp\/v2\/types\/post"}],"author":[{"embeddable":true,"href":"https:\/\/thomas-ott.net\/home\/index.php?rest_route=\/wp\/v2\/users\/1"}],"replies":[{"embeddable":true,"href":"https:\/\/thomas-ott.net\/home\/index.php?rest_route=%2Fwp%2Fv2%2Fcomments&post=19820"}],"version-history":[{"count":4,"href":"https:\/\/thomas-ott.net\/home\/index.php?rest_route=\/wp\/v2\/posts\/19820\/revisions"}],"predecessor-version":[{"id":19824,"href":"https:\/\/thomas-ott.net\/home\/index.php?rest_route=\/wp\/v2\/posts\/19820\/revisions\/19824"}],"wp:attachment":[{"href":"https:\/\/thomas-ott.net\/home\/index.php?rest_route=%2Fwp%2Fv2%2Fmedia&parent=19820"}],"wp:term":[{"taxonomy":"category","embeddable":true,"href":"https:\/\/thomas-ott.net\/home\/index.php?rest_route=%2Fwp%2Fv2%2Fcategories&post=19820"},{"taxonomy":"post_tag","embeddable":true,"href":"https:\/\/thomas-ott.net\/home\/index.php?rest_route=%2Fwp%2Fv2%2Ftags&post=19820"}],"curies":[{"name":"wp","href":"https:\/\/api.w.org\/{rel}","templated":true}]}}