{"id":19714,"date":"2020-01-03T11:54:14","date_gmt":"2020-01-03T10:54:14","guid":{"rendered":"https:\/\/thomas-ott.net\/home\/?p=19714"},"modified":"2020-01-03T12:18:24","modified_gmt":"2020-01-03T11:18:24","slug":"nationalatlas-bundesrepublik-deutschland","status":"publish","type":"post","link":"https:\/\/thomas-ott.net\/home\/?p=19714","title":{"rendered":"Nationalatlas Bundesrepublik Deutschland"},"content":{"rendered":"<h3>Kurzbeschreibung<\/h3>\n<p>Zwischen 1999 und 2007 haben mehr als 600 Geographen, Wissenschaftler anderer Disziplinen und Kartographen unter der Regie des Leibniz-Instituts f\u00fcr L\u00e4nderkunde das erste umfassende Portrait des vereinigten Deutschlands erstellt. Das Atlaswerk ist in zw\u00f6lf gedruckten B\u00e4nden von insgesamt mehr als 2000 Seiten und in einer digitalen Version auf CD-ROM erschienen.<\/p>\n<p>Als Erg\u00e4nzung zu den deutschlandbezogenen Karten des Atlasbandes &#8222;Bev\u00f6lkerung&#8220; konzipierte ich eine Serie von Karten, die f\u00fcr ausgew\u00e4hlte Problemkreise die Perspektive auf den europ\u00e4ischen Kontext ausdehnt:<\/p>\n<ul>\n<li>OTT, Thomas (2001):\u00a0<strong><a href=\"https:\/\/thomas-ott.net\/home\/?p=283\">Bev\u00f6lkerungsentwicklung in Europa<\/a><\/strong>. In: GANS, P. \/ KEMPER, F.-J. (Hg.): Nationalatlas Bundesrepublik Deutschland, Bd. 4: Bev\u00f6lkerung, Heidelberg \/ Berlin: Spektrum, 44-45<\/li>\n<li>OTT, Thomas (2001):\u00a0<strong><a href=\"https:\/\/thomas-ott.net\/home\/?p=281\">Unterschiede der Altersstruktur in Europa<\/a><\/strong>. In: GANS, P. \/ KEMPER, F.-J. (Hg.): Nationalatlas Bundesrepublik Deutschland, Bd. 4: Bev\u00f6lkerung, Heidelberg \/ Berlin: Spektrum, 52-53<\/li>\n<li>OTT, Thomas (2001): <strong><a href=\"https:\/\/thomas-ott.net\/home\/?p=279\">Erwerbst\u00e4tigkeit von Frauen in Europa<\/a><\/strong>. In: GANS, P. \/ KEMPER, F.-J. (Hg.): Nationalatlas Bundesrepublik Deutschland, Bd. 4: Bev\u00f6lkerung, Heidelberg \/ Berlin: Spektrum, 64-65<\/li>\n<li>OTT, Thomas (2001):\u00a0<strong><a href=\"https:\/\/thomas-ott.net\/home\/?p=277\">Arbeitslosigkeit und Besch\u00e4ftigung in Europa<\/a><\/strong>. In: GANS, P. \/ KEMPER, F.-J. (Hg.): Nationalatlas Bundesrepublik Deutschland, Bd. 4: Bev\u00f6lkerung, Heidelberg \/ Berlin: Spektrum, 86-87<\/li>\n<li>GANS, Paul \/ OTT, Thomas (2001):\u00a0<strong><a href=\"http:\/\/thomas-ott.net\/home\/?p=275\">Die nat\u00fcrliche Bev\u00f6lkerungsentwicklung in Europa<\/a><\/strong>. In: GANS, P. \/ KEMPER, F.-J. (Hg.): Nationalatlas Bundesrepublik Deutschland, Bd. 4: Bev\u00f6lkerung, Heidelberg \/ Berlin: Spektrum, 92-93<\/li>\n<li>OTT, Thomas (2001): <strong><a href=\"https:\/\/thomas-ott.net\/home\/?p=273\">Regionale Unterschiede der Lebenserwartung in Europa<\/a><\/strong>. In: GANS, P. \/ KEMPER, F.-J. (Hg.): Nationalatlas Bundesrepublik Deutschland, Bd. 4: Bev\u00f6lkerung, Heidelberg \/ Berlin: Spektrum, 100-101<\/li>\n<\/ul>\n<p>Eine zweite Kartenfolge wurde f\u00fcr den Band &#8222;Leben in Deutschland&#8220; zu familienbezogenen Themen erstellt:<\/p>\n<ul>\n<li>OTT, Thomas \/ SCHMITZ-VELTIN, Ansgar \/ WEST Christina (2006): <strong><a href=\"https:\/\/thomas-ott.net\/home\/?p=327\">Kinderwunsch \u2013 immer sp\u00e4ter und oft unerf\u00fcllt<\/a><\/strong>. In: Leibniz-Institut f\u00fcr L\u00e4nderkunde (Hg.): Nationalatlas Bundesrepublik Deutschland, Bd. 12: Leben in Deutschland, Heidelberg \/ Berlin: Spektrum, 48-49<\/li>\n<li>OTT, Thomas \/ SCHMITZ-VELTIN, Ansgar \/ WEST Christina (2006):\u00a0<strong><a href=\"http:\/\/thomas-ott.net\/home\/?p=325\">Kind sein in der Konsumgesellschaft<\/a><\/strong>. In: Leibniz-Institut f\u00fcr L\u00e4nderkunde (Hg.): Nationalatlas Bundesrepublik Deutschland, Bd. 12: Leben in Deutschland, Heidelberg \/ Berlin: Spektrum, 50-51<\/li>\n<\/ul>\n","protected":false},"excerpt":{"rendered":"<p>Kurzbeschreibung Zwischen 1999 und 2007 haben mehr als 600 Geographen, Wissenschaftler anderer Disziplinen und Kartographen unter der Regie des Leibniz-Instituts f\u00fcr L\u00e4nderkunde das erste umfassende Portrait des vereinigten Deutschlands erstellt. Das Atlaswerk ist in zw\u00f6lf gedruckten B\u00e4nden von insgesamt mehr als 2000 Seiten und in einer digitalen Version auf CD-ROM erschienen. Als Erg\u00e4nzung zu den&#8230;<\/p>\n","protected":false},"author":1,"featured_media":18406,"comment_status":"open","ping_status":"open","sticky":false,"template":"","format":"standard","meta":{"_acf_changed":false,"footnotes":""},"categories":[242,17],"tags":[77,74,243,14,59,58,354,76],"class_list":["post-19714","post","type-post","status-publish","format-standard","has-post-thumbnail","hentry","category-kartographie","category-projekte","tag-atlas","tag-bevolkerungsgeographie","tag-data-science","tag-deutschland","tag-eu","tag-europa","tag-kartographie","tag-nationalatlas"],"acf":[],"yoast_head":"<!-- This site is optimized with the Yoast SEO plugin v27.1.1 - https:\/\/yoast.com\/product\/yoast-seo-wordpress\/ -->\n<title>Nationalatlas Bundesrepublik Deutschland | The Secret Life of Thomas Ott<\/title>\n<meta name=\"robots\" content=\"index, follow, max-snippet:-1, max-image-preview:large, max-video-preview:-1\" \/>\n<link rel=\"canonical\" href=\"https:\/\/thomas-ott.net\/home\/?p=19714\" \/>\n<meta property=\"og:locale\" content=\"de_DE\" \/>\n<meta property=\"og:type\" content=\"article\" \/>\n<meta property=\"og:title\" content=\"Nationalatlas Bundesrepublik Deutschland | The Secret Life of Thomas Ott\" \/>\n<meta property=\"og:description\" content=\"Kurzbeschreibung Zwischen 1999 und 2007 haben mehr als 600 Geographen, Wissenschaftler anderer Disziplinen und Kartographen unter der Regie des Leibniz-Instituts f\u00fcr L\u00e4nderkunde das erste umfassende Portrait des vereinigten Deutschlands erstellt. Das Atlaswerk ist in zw\u00f6lf gedruckten B\u00e4nden von insgesamt mehr als 2000 Seiten und in einer digitalen Version auf CD-ROM erschienen. Als Erg\u00e4nzung zu den...\" \/>\n<meta property=\"og:url\" content=\"https:\/\/thomas-ott.net\/home\/?p=19714\" \/>\n<meta property=\"og:site_name\" content=\"The Secret Life of Thomas Ott\" \/>\n<meta property=\"article:publisher\" content=\"https:\/\/www.facebook.com\/oagis\" \/>\n<meta property=\"article:author\" content=\"https:\/\/www.facebook.com\/oagis\" \/>\n<meta property=\"article:published_time\" content=\"2020-01-03T10:54:14+00:00\" \/>\n<meta property=\"article:modified_time\" content=\"2020-01-03T11:18:24+00:00\" \/>\n<meta property=\"og:image\" content=\"https:\/\/thomas-ott.net\/home\/wp-content\/uploads\/2018\/11\/pub_Natlas_04_92.jpg\" \/>\n\t<meta property=\"og:image:width\" content=\"740\" \/>\n\t<meta property=\"og:image:height\" content=\"416\" \/>\n\t<meta property=\"og:image:type\" content=\"image\/jpeg\" \/>\n<meta name=\"author\" content=\"Thomas Ott\" \/>\n<meta name=\"twitter:card\" content=\"summary_large_image\" \/>\n<meta name=\"twitter:creator\" content=\"@oagis\" \/>\n<meta name=\"twitter:site\" content=\"@oagis\" \/>\n<meta name=\"twitter:label1\" content=\"Verfasst von\" \/>\n\t<meta name=\"twitter:data1\" content=\"Thomas Ott\" \/>\n\t<meta name=\"twitter:label2\" content=\"Gesch\u00e4tzte Lesezeit\" \/>\n\t<meta name=\"twitter:data2\" content=\"2\u00a0Minuten\" \/>\n<script type=\"application\/ld+json\" class=\"yoast-schema-graph\">{\"@context\":\"https:\/\/schema.org\",\"@graph\":[{\"@type\":\"Article\",\"@id\":\"https:\/\/thomas-ott.net\/home\/?p=19714#article\",\"isPartOf\":{\"@id\":\"https:\/\/thomas-ott.net\/home\/?p=19714\"},\"author\":{\"name\":\"Thomas Ott\",\"@id\":\"https:\/\/thomas-ott.net\/home\/#\/schema\/person\/0a142f0a3d76fa4af0513a832379747b\"},\"headline\":\"Nationalatlas Bundesrepublik Deutschland\",\"datePublished\":\"2020-01-03T10:54:14+00:00\",\"dateModified\":\"2020-01-03T11:18:24+00:00\",\"mainEntityOfPage\":{\"@id\":\"https:\/\/thomas-ott.net\/home\/?p=19714\"},\"wordCount\":311,\"commentCount\":0,\"publisher\":{\"@id\":\"https:\/\/thomas-ott.net\/home\/#\/schema\/person\/0a142f0a3d76fa4af0513a832379747b\"},\"image\":{\"@id\":\"https:\/\/thomas-ott.net\/home\/?p=19714#primaryimage\"},\"thumbnailUrl\":\"https:\/\/thomas-ott.net\/home\/wp-content\/uploads\/2018\/11\/pub_Natlas_04_92.jpg\",\"keywords\":[\"Atlas\",\"Bev\u00f6lkerungsgeographie\",\"Data Science\",\"Deutschland\",\"EU\",\"Europa\",\"Kartographie\",\"Nationalatlas\"],\"articleSection\":[\"Kartographie\",\"Projekte\"],\"inLanguage\":\"de\",\"potentialAction\":[{\"@type\":\"CommentAction\",\"name\":\"Comment\",\"target\":[\"https:\/\/thomas-ott.net\/home\/?p=19714#respond\"]}]},{\"@type\":\"WebPage\",\"@id\":\"https:\/\/thomas-ott.net\/home\/?p=19714\",\"url\":\"https:\/\/thomas-ott.net\/home\/?p=19714\",\"name\":\"Nationalatlas Bundesrepublik Deutschland | The Secret Life of Thomas Ott\",\"isPartOf\":{\"@id\":\"https:\/\/thomas-ott.net\/home\/#website\"},\"primaryImageOfPage\":{\"@id\":\"https:\/\/thomas-ott.net\/home\/?p=19714#primaryimage\"},\"image\":{\"@id\":\"https:\/\/thomas-ott.net\/home\/?p=19714#primaryimage\"},\"thumbnailUrl\":\"https:\/\/thomas-ott.net\/home\/wp-content\/uploads\/2018\/11\/pub_Natlas_04_92.jpg\",\"datePublished\":\"2020-01-03T10:54:14+00:00\",\"dateModified\":\"2020-01-03T11:18:24+00:00\",\"breadcrumb\":{\"@id\":\"https:\/\/thomas-ott.net\/home\/?p=19714#breadcrumb\"},\"inLanguage\":\"de\",\"potentialAction\":[{\"@type\":\"ReadAction\",\"target\":[\"https:\/\/thomas-ott.net\/home\/?p=19714\"]}]},{\"@type\":\"ImageObject\",\"inLanguage\":\"de\",\"@id\":\"https:\/\/thomas-ott.net\/home\/?p=19714#primaryimage\",\"url\":\"https:\/\/thomas-ott.net\/home\/wp-content\/uploads\/2018\/11\/pub_Natlas_04_92.jpg\",\"contentUrl\":\"https:\/\/thomas-ott.net\/home\/wp-content\/uploads\/2018\/11\/pub_Natlas_04_92.jpg\",\"width\":740,\"height\":416},{\"@type\":\"BreadcrumbList\",\"@id\":\"https:\/\/thomas-ott.net\/home\/?p=19714#breadcrumb\",\"itemListElement\":[{\"@type\":\"ListItem\",\"position\":1,\"name\":\"Startseite\",\"item\":\"https:\/\/thomas-ott.net\/home\/\"},{\"@type\":\"ListItem\",\"position\":2,\"name\":\"Nationalatlas Bundesrepublik Deutschland\"}]},{\"@type\":\"WebSite\",\"@id\":\"https:\/\/thomas-ott.net\/home\/#website\",\"url\":\"https:\/\/thomas-ott.net\/home\/\",\"name\":\"The Secret Life of Thomas Ott\",\"description\":\"Website von Dr. Thomas Ott, Weinheim\",\"publisher\":{\"@id\":\"https:\/\/thomas-ott.net\/home\/#\/schema\/person\/0a142f0a3d76fa4af0513a832379747b\"},\"potentialAction\":[{\"@type\":\"SearchAction\",\"target\":{\"@type\":\"EntryPoint\",\"urlTemplate\":\"https:\/\/thomas-ott.net\/home\/?s={search_term_string}\"},\"query-input\":{\"@type\":\"PropertyValueSpecification\",\"valueRequired\":true,\"valueName\":\"search_term_string\"}}],\"inLanguage\":\"de\"},{\"@type\":[\"Person\",\"Organization\"],\"@id\":\"https:\/\/thomas-ott.net\/home\/#\/schema\/person\/0a142f0a3d76fa4af0513a832379747b\",\"name\":\"Thomas Ott\",\"image\":{\"@type\":\"ImageObject\",\"inLanguage\":\"de\",\"@id\":\"https:\/\/thomas-ott.net\/home\/#\/schema\/person\/image\/\",\"url\":\"https:\/\/secure.gravatar.com\/avatar\/984baf04fae50a93f41615cda6dee454fdc8be653bcfd6e45a10e9f54e05505b?s=96&d=mm&r=g\",\"contentUrl\":\"https:\/\/secure.gravatar.com\/avatar\/984baf04fae50a93f41615cda6dee454fdc8be653bcfd6e45a10e9f54e05505b?s=96&d=mm&r=g\",\"caption\":\"Thomas Ott\"},\"logo\":{\"@id\":\"https:\/\/thomas-ott.net\/home\/#\/schema\/person\/image\/\"},\"sameAs\":[\"https:\/\/www.facebook.com\/oagis\",\"https:\/\/www.instagram.com\/thomas_ott_66\/\",\"https:\/\/www.linkedin.com\/in\/oagis\/\",\"https:\/\/x.com\/oagis\"]}]}<\/script>\n<!-- \/ Yoast SEO plugin. -->","yoast_head_json":{"title":"Nationalatlas Bundesrepublik Deutschland | The Secret Life of Thomas Ott","robots":{"index":"index","follow":"follow","max-snippet":"max-snippet:-1","max-image-preview":"max-image-preview:large","max-video-preview":"max-video-preview:-1"},"canonical":"https:\/\/thomas-ott.net\/home\/?p=19714","og_locale":"de_DE","og_type":"article","og_title":"Nationalatlas Bundesrepublik Deutschland | The Secret Life of Thomas Ott","og_description":"Kurzbeschreibung Zwischen 1999 und 2007 haben mehr als 600 Geographen, Wissenschaftler anderer Disziplinen und Kartographen unter der Regie des Leibniz-Instituts f\u00fcr L\u00e4nderkunde das erste umfassende Portrait des vereinigten Deutschlands erstellt. Das Atlaswerk ist in zw\u00f6lf gedruckten B\u00e4nden von insgesamt mehr als 2000 Seiten und in einer digitalen Version auf CD-ROM erschienen. Als Erg\u00e4nzung zu den...","og_url":"https:\/\/thomas-ott.net\/home\/?p=19714","og_site_name":"The Secret Life of Thomas Ott","article_publisher":"https:\/\/www.facebook.com\/oagis","article_author":"https:\/\/www.facebook.com\/oagis","article_published_time":"2020-01-03T10:54:14+00:00","article_modified_time":"2020-01-03T11:18:24+00:00","og_image":[{"width":740,"height":416,"url":"https:\/\/thomas-ott.net\/home\/wp-content\/uploads\/2018\/11\/pub_Natlas_04_92.jpg","type":"image\/jpeg"}],"author":"Thomas Ott","twitter_card":"summary_large_image","twitter_creator":"@oagis","twitter_site":"@oagis","twitter_misc":{"Verfasst von":"Thomas Ott","Gesch\u00e4tzte Lesezeit":"2\u00a0Minuten"},"schema":{"@context":"https:\/\/schema.org","@graph":[{"@type":"Article","@id":"https:\/\/thomas-ott.net\/home\/?p=19714#article","isPartOf":{"@id":"https:\/\/thomas-ott.net\/home\/?p=19714"},"author":{"name":"Thomas Ott","@id":"https:\/\/thomas-ott.net\/home\/#\/schema\/person\/0a142f0a3d76fa4af0513a832379747b"},"headline":"Nationalatlas Bundesrepublik Deutschland","datePublished":"2020-01-03T10:54:14+00:00","dateModified":"2020-01-03T11:18:24+00:00","mainEntityOfPage":{"@id":"https:\/\/thomas-ott.net\/home\/?p=19714"},"wordCount":311,"commentCount":0,"publisher":{"@id":"https:\/\/thomas-ott.net\/home\/#\/schema\/person\/0a142f0a3d76fa4af0513a832379747b"},"image":{"@id":"https:\/\/thomas-ott.net\/home\/?p=19714#primaryimage"},"thumbnailUrl":"https:\/\/thomas-ott.net\/home\/wp-content\/uploads\/2018\/11\/pub_Natlas_04_92.jpg","keywords":["Atlas","Bev\u00f6lkerungsgeographie","Data Science","Deutschland","EU","Europa","Kartographie","Nationalatlas"],"articleSection":["Kartographie","Projekte"],"inLanguage":"de","potentialAction":[{"@type":"CommentAction","name":"Comment","target":["https:\/\/thomas-ott.net\/home\/?p=19714#respond"]}]},{"@type":"WebPage","@id":"https:\/\/thomas-ott.net\/home\/?p=19714","url":"https:\/\/thomas-ott.net\/home\/?p=19714","name":"Nationalatlas Bundesrepublik Deutschland | The Secret Life of Thomas Ott","isPartOf":{"@id":"https:\/\/thomas-ott.net\/home\/#website"},"primaryImageOfPage":{"@id":"https:\/\/thomas-ott.net\/home\/?p=19714#primaryimage"},"image":{"@id":"https:\/\/thomas-ott.net\/home\/?p=19714#primaryimage"},"thumbnailUrl":"https:\/\/thomas-ott.net\/home\/wp-content\/uploads\/2018\/11\/pub_Natlas_04_92.jpg","datePublished":"2020-01-03T10:54:14+00:00","dateModified":"2020-01-03T11:18:24+00:00","breadcrumb":{"@id":"https:\/\/thomas-ott.net\/home\/?p=19714#breadcrumb"},"inLanguage":"de","potentialAction":[{"@type":"ReadAction","target":["https:\/\/thomas-ott.net\/home\/?p=19714"]}]},{"@type":"ImageObject","inLanguage":"de","@id":"https:\/\/thomas-ott.net\/home\/?p=19714#primaryimage","url":"https:\/\/thomas-ott.net\/home\/wp-content\/uploads\/2018\/11\/pub_Natlas_04_92.jpg","contentUrl":"https:\/\/thomas-ott.net\/home\/wp-content\/uploads\/2018\/11\/pub_Natlas_04_92.jpg","width":740,"height":416},{"@type":"BreadcrumbList","@id":"https:\/\/thomas-ott.net\/home\/?p=19714#breadcrumb","itemListElement":[{"@type":"ListItem","position":1,"name":"Startseite","item":"https:\/\/thomas-ott.net\/home\/"},{"@type":"ListItem","position":2,"name":"Nationalatlas Bundesrepublik Deutschland"}]},{"@type":"WebSite","@id":"https:\/\/thomas-ott.net\/home\/#website","url":"https:\/\/thomas-ott.net\/home\/","name":"The Secret Life of Thomas Ott","description":"Website von Dr. Thomas Ott, Weinheim","publisher":{"@id":"https:\/\/thomas-ott.net\/home\/#\/schema\/person\/0a142f0a3d76fa4af0513a832379747b"},"potentialAction":[{"@type":"SearchAction","target":{"@type":"EntryPoint","urlTemplate":"https:\/\/thomas-ott.net\/home\/?s={search_term_string}"},"query-input":{"@type":"PropertyValueSpecification","valueRequired":true,"valueName":"search_term_string"}}],"inLanguage":"de"},{"@type":["Person","Organization"],"@id":"https:\/\/thomas-ott.net\/home\/#\/schema\/person\/0a142f0a3d76fa4af0513a832379747b","name":"Thomas Ott","image":{"@type":"ImageObject","inLanguage":"de","@id":"https:\/\/thomas-ott.net\/home\/#\/schema\/person\/image\/","url":"https:\/\/secure.gravatar.com\/avatar\/984baf04fae50a93f41615cda6dee454fdc8be653bcfd6e45a10e9f54e05505b?s=96&d=mm&r=g","contentUrl":"https:\/\/secure.gravatar.com\/avatar\/984baf04fae50a93f41615cda6dee454fdc8be653bcfd6e45a10e9f54e05505b?s=96&d=mm&r=g","caption":"Thomas Ott"},"logo":{"@id":"https:\/\/thomas-ott.net\/home\/#\/schema\/person\/image\/"},"sameAs":["https:\/\/www.facebook.com\/oagis","https:\/\/www.instagram.com\/thomas_ott_66\/","https:\/\/www.linkedin.com\/in\/oagis\/","https:\/\/x.com\/oagis"]}]}},"_links":{"self":[{"href":"https:\/\/thomas-ott.net\/home\/index.php?rest_route=\/wp\/v2\/posts\/19714","targetHints":{"allow":["GET"]}}],"collection":[{"href":"https:\/\/thomas-ott.net\/home\/index.php?rest_route=\/wp\/v2\/posts"}],"about":[{"href":"https:\/\/thomas-ott.net\/home\/index.php?rest_route=\/wp\/v2\/types\/post"}],"author":[{"embeddable":true,"href":"https:\/\/thomas-ott.net\/home\/index.php?rest_route=\/wp\/v2\/users\/1"}],"replies":[{"embeddable":true,"href":"https:\/\/thomas-ott.net\/home\/index.php?rest_route=%2Fwp%2Fv2%2Fcomments&post=19714"}],"version-history":[{"count":4,"href":"https:\/\/thomas-ott.net\/home\/index.php?rest_route=\/wp\/v2\/posts\/19714\/revisions"}],"predecessor-version":[{"id":19719,"href":"https:\/\/thomas-ott.net\/home\/index.php?rest_route=\/wp\/v2\/posts\/19714\/revisions\/19719"}],"wp:featuredmedia":[{"embeddable":true,"href":"https:\/\/thomas-ott.net\/home\/index.php?rest_route=\/wp\/v2\/media\/18406"}],"wp:attachment":[{"href":"https:\/\/thomas-ott.net\/home\/index.php?rest_route=%2Fwp%2Fv2%2Fmedia&parent=19714"}],"wp:term":[{"taxonomy":"category","embeddable":true,"href":"https:\/\/thomas-ott.net\/home\/index.php?rest_route=%2Fwp%2Fv2%2Fcategories&post=19714"},{"taxonomy":"post_tag","embeddable":true,"href":"https:\/\/thomas-ott.net\/home\/index.php?rest_route=%2Fwp%2Fv2%2Ftags&post=19714"}],"curies":[{"name":"wp","href":"https:\/\/api.w.org\/{rel}","templated":true}]}}