{"id":19335,"date":"2019-10-05T15:31:32","date_gmt":"2019-10-05T13:31:32","guid":{"rendered":"https:\/\/thomas-ott.net\/home\/?p=19335"},"modified":"2019-11-05T11:44:18","modified_gmt":"2019-11-05T10:44:18","slug":"atus-beratung-zur-radschnellverbindung-weinheim-mannheim","status":"publish","type":"post","link":"https:\/\/thomas-ott.net\/home\/?p=19335","title":{"rendered":"ATUS Beratung zur Radschnellverbindung Weinheim \u2013 Mannheim"},"content":{"rendered":"<p>In seiner Sitzug vom 2.10.2019 befasste sich der Ausschuss f\u00fcr Technik, Umwelt und Stadtentwicklung (ATUS) des Gemeinderates der Stadt Weinheim mit einer Vorlage zur Radschnellverbindung nach Mannheim.\u00a0W\u00e4hrend sich CDU und SPD f\u00fcr die Variante &#8222;Viernheimer Gleis&#8220; aussprachen, stimmten GAL, FW, Linke\u00a0<span class=\"text_exposed_show\">und FDP f\u00fcr die Streckenf\u00fchrung entlang der OEG-Linie. W\u00e4hrend die Bef\u00fcrworter der OEG-Strecke eine bessere Anbindung der Weststadtbewohner in den Vordergrund stellten, verwiesen die Anh\u00e4nger der Strecke &#8222;Viernheimer Gleis&#8220; u.a. auf eine bessere Anbindung der s\u00fcdlichen Stadtteile und Nachbargemeinden sowie weniger Konflikte mit Anwohnern und anderen Verkehrsteilnehmern.<\/span><\/p>\n<div class=\"text_exposed_show\">\n<p>Anstelle eines echten RadschnellWEGs (RSW) erhalten wir damit im Weinheimer Stadtgebiet &#8222;nur&#8220; eine RadschnellVERBINDUNG (RSV). Der Unterschied ist keineswegs nur semantischer Natur. Vielmehr zeichnet sich ein echter RSW durch eine bessere Ausstattung (z.B. Breite, Kreuzungsfreiheit, Beschilderung) und h\u00f6here Bezuschussung durch Land und Bund aus.<\/p>\n<p>Pers\u00f6nlich \u00fcberwiegt meine Freude \u00fcber diese Investition in die Radinfrastruktur bei weitem den \u00c4rger \u00fcber die verlorene Abstimmung \u2013 so ist Demokratie. Aber ich hoffe, dass es sich nicht um einen Pyrrhussieg handelt. Sp\u00e4testens wenn bei der Detailplanung klar wird, wieviele Parkpl\u00e4tze wegfallen werden, wird die \u00f6ffentliche Diskussion hohe Wellen schlagen.<\/p>\n<h4>Weiterf\u00fchrende Links:<\/h4>\n<ul>\n<li>Verwaltungsvorlage<br \/>\n<a href=\"https:\/\/www.weinheim.de\/site\/WeinheimRoot\/get\/documents_E947206621\/weinheim\/Dateien\/PDF-Dateien\/I_01_Referat_OB\/Tagesordnungen\/ATU\/2019\/Druckversion%20Internet.pdf\">https:\/\/www.weinheim.de\/site\/WeinheimRoot\/get\/documents_E947206621\/weinheim\/Dateien\/PDF-Dateien\/I_01_Referat_OB\/Tagesordnungen\/ATU\/2019\/Druckversion%20Internet.pdf<\/a><\/li>\n<li>Machbarkeitsstudie des Verbandes Region Rhein-Neckar<br \/>\n<a href=\"https:\/\/issuu.com\/vrrn\/docs\/machbarkeitsstudie_radschnellweg_rh?fbclid=IwAR2VSPWinolVTvyX5QeiltgcTHws-BLgu97caPWqioRwQZaIaky-rkrCN4Q\" target=\"_blank\" rel=\"noopener noreferrer\">https:\/\/issuu.com\/vrrn\/docs\/machbarkeitsstudie_radschnellweg_rh?fbclid=IwAR2VSPWinolVTvyX5QeiltgcTHws-BLgu97caPWqioRwQZaIaky-rkrCN4Q<\/a><\/li>\n<li>Anlagen zur Machbarkeitsstudie<br \/>\n<a href=\"https:\/\/www.m-r-n.com\/projekte\/radschnellweg\/2019-06-13_Alle%20Anlagen%20RSV%20Darmstadt%20-%20Rhein-Neckar_Optimized_klein.pdf\" target=\"_blank\" rel=\"noopener noreferrer\">https:\/\/www.m-r-n.com\/projekte\/radschnellweg\/2019-06-13_Alle%20Anlagen%20RSV%20Darmstadt%20-%20Rhein-Neckar_Optimized_klein.pdf<\/a><\/li>\n<li>Bericht der Rhein-Neckar-Zeitung<br \/>\n<a href=\"https:\/\/www.rnz.de\/nachrichten\/bergstrasse_artikel,-weinheim-keine-mehrheit-fuer-radweg-auf-viernheimer-gleis-_arid,470541.html\" target=\"_blank\" rel=\"noopener noreferrer\">https:\/\/www.rnz.de\/nachrichten\/bergstrasse_artikel,-weinheim-keine-mehrheit-fuer-radweg-auf-viernheimer-gleis&#8230;<\/a><\/li>\n<li>Bericht der Weinheimer Nachrichten<br \/>\n<a href=\"https:\/\/www.wnoz.de\/Der-Plan-Ein-Schnellradweg-von-Weinheim-nach-Mannheim-86816ad1-bba0-42fb-86f3-8c329308029e-ds?fbclid=IwAR3U8N9zuzCuV2SPDzy9fANtEDonu0kmR1l0pX2ol67sR2qXtnqIO91atMo\" target=\"_blank\" rel=\"noopener nofollow noreferrer\" data-ft=\"{&quot;tn&quot;:&quot;-U&quot;}\" data-lynx-mode=\"async\" data-lynx-uri=\"https:\/\/l.facebook.com\/l.php?u=https%3A%2F%2Fwww.wnoz.de%2FDer-Plan-Ein-Schnellradweg-von-Weinheim-nach-Mannheim-86816ad1-bba0-42fb-86f3-8c329308029e-ds%3Ffbclid%3DIwAR3U8N9zuzCuV2SPDzy9fANtEDonu0kmR1l0pX2ol67sR2qXtnqIO91atMo&amp;h=AT3A5GTND5mBI0qq9P4toT2R93X67DiWpmqz0q7VWvRPUpKoVqwiXnrJ9Tdi2O5notTx3NeRy12KbwUESKmOgt63spv2K9XgsO8ZK__Nq9hdq14yIXp8qtFgmYj_8K3iW5PoG8A0gqVSx7rxLBVpN6ev4ngfy907ECvQctUmitoZFHWwTjo5p9kdbgUSXgEXJD4LEm9ebs64cMjF0mhv9vewBiO4lmIJzFS_04Nh8TwtXVI30ZSLGA0rvr6MOaXQpGgyHoJ_f7urHzCy4rx8I2D5xYHBratSQUzZLSMBUxC7jh0bCKYkESxIDHHxmCZ47GWARQcpcrUVc-ZZHVTpbwn2y6kFFn9NvzHw2Hv-S1kAdGHplxTEANDcbqqLENKndv5eFWuQMfWOUbDr7Al1DqEP9FCsa4zyNyhHbohzOGyarxsd3wM5btZllfTK3v-7njKvvMNWIKWm4lP31IWrKYrvtabJ1go5NTrBa08EgOi97t147krRQpM5GrYIGtGU5rLCuDHDQ8vGLvmw-eCHG_u0AqufCCXstBcwa0D2zrDupPKegJdtK_h4D81zrDHQvANli5yro8Yd19MV62-u2lY0vZ0Q3VC8KuFWpoLwQmGA5RRbl1lVNRNWYIViVtJh74FxIA\">https:\/\/www.wnoz.de\/Der-Plan-Ein-Schnellradweg-von-Weinheim\u2026<\/a><\/li>\n<\/ul>\n<\/div>\n","protected":false},"excerpt":{"rendered":"<p>In seiner Sitzug vom 2.10.2019 befasste sich der Ausschuss f\u00fcr Technik, Umwelt und Stadtentwicklung (ATUS) des Gemeinderates der Stadt Weinheim mit einer Vorlage zur Radschnellverbindung nach Mannheim.\u00a0W\u00e4hrend sich CDU und SPD f\u00fcr die Variante &#8222;Viernheimer Gleis&#8220; aussprachen, stimmten GAL, FW, Linke\u00a0und FDP f\u00fcr die Streckenf\u00fchrung entlang der OEG-Linie. W\u00e4hrend die Bef\u00fcrworter der OEG-Strecke eine bessere&#8230;<\/p>\n","protected":false},"author":1,"featured_media":0,"comment_status":"open","ping_status":"open","sticky":false,"template":"","format":"standard","meta":{"_acf_changed":false,"footnotes":""},"categories":[22],"tags":[355,466,26,366,56],"class_list":["post-19335","post","type-post","status-publish","format-standard","hentry","category-politik","tag-fahrrad","tag-radschnellweg","tag-rhein-neckar","tag-verkehrsplanung","tag-weinheim"],"acf":[],"yoast_head":"<!-- This site is optimized with the Yoast SEO plugin v27.1.1 - https:\/\/yoast.com\/product\/yoast-seo-wordpress\/ -->\n<title>ATUS Beratung zur Radschnellverbindung Weinheim \u2013 Mannheim | The Secret Life of Thomas Ott<\/title>\n<meta name=\"robots\" content=\"index, follow, max-snippet:-1, max-image-preview:large, max-video-preview:-1\" \/>\n<link rel=\"canonical\" href=\"https:\/\/thomas-ott.net\/home\/?p=19335\" \/>\n<meta property=\"og:locale\" content=\"de_DE\" \/>\n<meta property=\"og:type\" content=\"article\" \/>\n<meta property=\"og:title\" content=\"ATUS Beratung zur Radschnellverbindung Weinheim \u2013 Mannheim | The Secret Life of Thomas Ott\" \/>\n<meta property=\"og:description\" content=\"In seiner Sitzug vom 2.10.2019 befasste sich der Ausschuss f\u00fcr Technik, Umwelt und Stadtentwicklung (ATUS) des Gemeinderates der Stadt Weinheim mit einer Vorlage zur Radschnellverbindung nach Mannheim.\u00a0W\u00e4hrend sich CDU und SPD f\u00fcr die Variante &#8222;Viernheimer Gleis&#8220; aussprachen, stimmten GAL, FW, Linke\u00a0und FDP f\u00fcr die Streckenf\u00fchrung entlang der OEG-Linie. W\u00e4hrend die Bef\u00fcrworter der OEG-Strecke eine bessere...\" \/>\n<meta property=\"og:url\" content=\"https:\/\/thomas-ott.net\/home\/?p=19335\" \/>\n<meta property=\"og:site_name\" content=\"The Secret Life of Thomas Ott\" \/>\n<meta property=\"article:publisher\" content=\"https:\/\/www.facebook.com\/oagis\" \/>\n<meta property=\"article:author\" content=\"https:\/\/www.facebook.com\/oagis\" \/>\n<meta property=\"article:published_time\" content=\"2019-10-05T13:31:32+00:00\" \/>\n<meta property=\"article:modified_time\" content=\"2019-11-05T10:44:18+00:00\" \/>\n<meta name=\"author\" content=\"Thomas Ott\" \/>\n<meta name=\"twitter:card\" content=\"summary_large_image\" \/>\n<meta name=\"twitter:creator\" content=\"@oagis\" \/>\n<meta name=\"twitter:site\" content=\"@oagis\" \/>\n<meta name=\"twitter:label1\" content=\"Verfasst von\" \/>\n\t<meta name=\"twitter:data1\" content=\"Thomas Ott\" \/>\n\t<meta name=\"twitter:label2\" content=\"Gesch\u00e4tzte Lesezeit\" \/>\n\t<meta name=\"twitter:data2\" content=\"1\u00a0Minute\" \/>\n<script type=\"application\/ld+json\" class=\"yoast-schema-graph\">{\"@context\":\"https:\/\/schema.org\",\"@graph\":[{\"@type\":\"Article\",\"@id\":\"https:\/\/thomas-ott.net\/home\/?p=19335#article\",\"isPartOf\":{\"@id\":\"https:\/\/thomas-ott.net\/home\/?p=19335\"},\"author\":{\"name\":\"Thomas Ott\",\"@id\":\"https:\/\/thomas-ott.net\/home\/#\/schema\/person\/0a142f0a3d76fa4af0513a832379747b\"},\"headline\":\"ATUS Beratung zur Radschnellverbindung Weinheim \u2013 Mannheim\",\"datePublished\":\"2019-10-05T13:31:32+00:00\",\"dateModified\":\"2019-11-05T10:44:18+00:00\",\"mainEntityOfPage\":{\"@id\":\"https:\/\/thomas-ott.net\/home\/?p=19335\"},\"wordCount\":286,\"commentCount\":0,\"publisher\":{\"@id\":\"https:\/\/thomas-ott.net\/home\/#\/schema\/person\/0a142f0a3d76fa4af0513a832379747b\"},\"keywords\":[\"Fahrrad\",\"Radschnellweg\",\"Rhein-Neckar\",\"Verkehrsplanung\",\"Weinheim\"],\"articleSection\":[\"Politik\"],\"inLanguage\":\"de\",\"potentialAction\":[{\"@type\":\"CommentAction\",\"name\":\"Comment\",\"target\":[\"https:\/\/thomas-ott.net\/home\/?p=19335#respond\"]}]},{\"@type\":\"WebPage\",\"@id\":\"https:\/\/thomas-ott.net\/home\/?p=19335\",\"url\":\"https:\/\/thomas-ott.net\/home\/?p=19335\",\"name\":\"ATUS Beratung zur Radschnellverbindung Weinheim \u2013 Mannheim | The Secret Life of Thomas Ott\",\"isPartOf\":{\"@id\":\"https:\/\/thomas-ott.net\/home\/#website\"},\"datePublished\":\"2019-10-05T13:31:32+00:00\",\"dateModified\":\"2019-11-05T10:44:18+00:00\",\"breadcrumb\":{\"@id\":\"https:\/\/thomas-ott.net\/home\/?p=19335#breadcrumb\"},\"inLanguage\":\"de\",\"potentialAction\":[{\"@type\":\"ReadAction\",\"target\":[\"https:\/\/thomas-ott.net\/home\/?p=19335\"]}]},{\"@type\":\"BreadcrumbList\",\"@id\":\"https:\/\/thomas-ott.net\/home\/?p=19335#breadcrumb\",\"itemListElement\":[{\"@type\":\"ListItem\",\"position\":1,\"name\":\"Startseite\",\"item\":\"https:\/\/thomas-ott.net\/home\/\"},{\"@type\":\"ListItem\",\"position\":2,\"name\":\"ATUS Beratung zur Radschnellverbindung Weinheim \u2013 Mannheim\"}]},{\"@type\":\"WebSite\",\"@id\":\"https:\/\/thomas-ott.net\/home\/#website\",\"url\":\"https:\/\/thomas-ott.net\/home\/\",\"name\":\"The Secret Life of Thomas Ott\",\"description\":\"Website von Dr. Thomas Ott, Weinheim\",\"publisher\":{\"@id\":\"https:\/\/thomas-ott.net\/home\/#\/schema\/person\/0a142f0a3d76fa4af0513a832379747b\"},\"potentialAction\":[{\"@type\":\"SearchAction\",\"target\":{\"@type\":\"EntryPoint\",\"urlTemplate\":\"https:\/\/thomas-ott.net\/home\/?s={search_term_string}\"},\"query-input\":{\"@type\":\"PropertyValueSpecification\",\"valueRequired\":true,\"valueName\":\"search_term_string\"}}],\"inLanguage\":\"de\"},{\"@type\":[\"Person\",\"Organization\"],\"@id\":\"https:\/\/thomas-ott.net\/home\/#\/schema\/person\/0a142f0a3d76fa4af0513a832379747b\",\"name\":\"Thomas Ott\",\"image\":{\"@type\":\"ImageObject\",\"inLanguage\":\"de\",\"@id\":\"https:\/\/thomas-ott.net\/home\/#\/schema\/person\/image\/\",\"url\":\"https:\/\/secure.gravatar.com\/avatar\/984baf04fae50a93f41615cda6dee454fdc8be653bcfd6e45a10e9f54e05505b?s=96&d=mm&r=g\",\"contentUrl\":\"https:\/\/secure.gravatar.com\/avatar\/984baf04fae50a93f41615cda6dee454fdc8be653bcfd6e45a10e9f54e05505b?s=96&d=mm&r=g\",\"caption\":\"Thomas Ott\"},\"logo\":{\"@id\":\"https:\/\/thomas-ott.net\/home\/#\/schema\/person\/image\/\"},\"sameAs\":[\"https:\/\/www.facebook.com\/oagis\",\"https:\/\/www.instagram.com\/thomas_ott_66\/\",\"https:\/\/www.linkedin.com\/in\/oagis\/\",\"https:\/\/x.com\/oagis\"]}]}<\/script>\n<!-- \/ Yoast SEO plugin. -->","yoast_head_json":{"title":"ATUS Beratung zur Radschnellverbindung Weinheim \u2013 Mannheim | The Secret Life of Thomas Ott","robots":{"index":"index","follow":"follow","max-snippet":"max-snippet:-1","max-image-preview":"max-image-preview:large","max-video-preview":"max-video-preview:-1"},"canonical":"https:\/\/thomas-ott.net\/home\/?p=19335","og_locale":"de_DE","og_type":"article","og_title":"ATUS Beratung zur Radschnellverbindung Weinheim \u2013 Mannheim | The Secret Life of Thomas Ott","og_description":"In seiner Sitzug vom 2.10.2019 befasste sich der Ausschuss f\u00fcr Technik, Umwelt und Stadtentwicklung (ATUS) des Gemeinderates der Stadt Weinheim mit einer Vorlage zur Radschnellverbindung nach Mannheim.\u00a0W\u00e4hrend sich CDU und SPD f\u00fcr die Variante &#8222;Viernheimer Gleis&#8220; aussprachen, stimmten GAL, FW, Linke\u00a0und FDP f\u00fcr die Streckenf\u00fchrung entlang der OEG-Linie. W\u00e4hrend die Bef\u00fcrworter der OEG-Strecke eine bessere...","og_url":"https:\/\/thomas-ott.net\/home\/?p=19335","og_site_name":"The Secret Life of Thomas Ott","article_publisher":"https:\/\/www.facebook.com\/oagis","article_author":"https:\/\/www.facebook.com\/oagis","article_published_time":"2019-10-05T13:31:32+00:00","article_modified_time":"2019-11-05T10:44:18+00:00","author":"Thomas Ott","twitter_card":"summary_large_image","twitter_creator":"@oagis","twitter_site":"@oagis","twitter_misc":{"Verfasst von":"Thomas Ott","Gesch\u00e4tzte Lesezeit":"1\u00a0Minute"},"schema":{"@context":"https:\/\/schema.org","@graph":[{"@type":"Article","@id":"https:\/\/thomas-ott.net\/home\/?p=19335#article","isPartOf":{"@id":"https:\/\/thomas-ott.net\/home\/?p=19335"},"author":{"name":"Thomas Ott","@id":"https:\/\/thomas-ott.net\/home\/#\/schema\/person\/0a142f0a3d76fa4af0513a832379747b"},"headline":"ATUS Beratung zur Radschnellverbindung Weinheim \u2013 Mannheim","datePublished":"2019-10-05T13:31:32+00:00","dateModified":"2019-11-05T10:44:18+00:00","mainEntityOfPage":{"@id":"https:\/\/thomas-ott.net\/home\/?p=19335"},"wordCount":286,"commentCount":0,"publisher":{"@id":"https:\/\/thomas-ott.net\/home\/#\/schema\/person\/0a142f0a3d76fa4af0513a832379747b"},"keywords":["Fahrrad","Radschnellweg","Rhein-Neckar","Verkehrsplanung","Weinheim"],"articleSection":["Politik"],"inLanguage":"de","potentialAction":[{"@type":"CommentAction","name":"Comment","target":["https:\/\/thomas-ott.net\/home\/?p=19335#respond"]}]},{"@type":"WebPage","@id":"https:\/\/thomas-ott.net\/home\/?p=19335","url":"https:\/\/thomas-ott.net\/home\/?p=19335","name":"ATUS Beratung zur Radschnellverbindung Weinheim \u2013 Mannheim | The Secret Life of Thomas Ott","isPartOf":{"@id":"https:\/\/thomas-ott.net\/home\/#website"},"datePublished":"2019-10-05T13:31:32+00:00","dateModified":"2019-11-05T10:44:18+00:00","breadcrumb":{"@id":"https:\/\/thomas-ott.net\/home\/?p=19335#breadcrumb"},"inLanguage":"de","potentialAction":[{"@type":"ReadAction","target":["https:\/\/thomas-ott.net\/home\/?p=19335"]}]},{"@type":"BreadcrumbList","@id":"https:\/\/thomas-ott.net\/home\/?p=19335#breadcrumb","itemListElement":[{"@type":"ListItem","position":1,"name":"Startseite","item":"https:\/\/thomas-ott.net\/home\/"},{"@type":"ListItem","position":2,"name":"ATUS Beratung zur Radschnellverbindung Weinheim \u2013 Mannheim"}]},{"@type":"WebSite","@id":"https:\/\/thomas-ott.net\/home\/#website","url":"https:\/\/thomas-ott.net\/home\/","name":"The Secret Life of Thomas Ott","description":"Website von Dr. Thomas Ott, Weinheim","publisher":{"@id":"https:\/\/thomas-ott.net\/home\/#\/schema\/person\/0a142f0a3d76fa4af0513a832379747b"},"potentialAction":[{"@type":"SearchAction","target":{"@type":"EntryPoint","urlTemplate":"https:\/\/thomas-ott.net\/home\/?s={search_term_string}"},"query-input":{"@type":"PropertyValueSpecification","valueRequired":true,"valueName":"search_term_string"}}],"inLanguage":"de"},{"@type":["Person","Organization"],"@id":"https:\/\/thomas-ott.net\/home\/#\/schema\/person\/0a142f0a3d76fa4af0513a832379747b","name":"Thomas Ott","image":{"@type":"ImageObject","inLanguage":"de","@id":"https:\/\/thomas-ott.net\/home\/#\/schema\/person\/image\/","url":"https:\/\/secure.gravatar.com\/avatar\/984baf04fae50a93f41615cda6dee454fdc8be653bcfd6e45a10e9f54e05505b?s=96&d=mm&r=g","contentUrl":"https:\/\/secure.gravatar.com\/avatar\/984baf04fae50a93f41615cda6dee454fdc8be653bcfd6e45a10e9f54e05505b?s=96&d=mm&r=g","caption":"Thomas Ott"},"logo":{"@id":"https:\/\/thomas-ott.net\/home\/#\/schema\/person\/image\/"},"sameAs":["https:\/\/www.facebook.com\/oagis","https:\/\/www.instagram.com\/thomas_ott_66\/","https:\/\/www.linkedin.com\/in\/oagis\/","https:\/\/x.com\/oagis"]}]}},"_links":{"self":[{"href":"https:\/\/thomas-ott.net\/home\/index.php?rest_route=\/wp\/v2\/posts\/19335","targetHints":{"allow":["GET"]}}],"collection":[{"href":"https:\/\/thomas-ott.net\/home\/index.php?rest_route=\/wp\/v2\/posts"}],"about":[{"href":"https:\/\/thomas-ott.net\/home\/index.php?rest_route=\/wp\/v2\/types\/post"}],"author":[{"embeddable":true,"href":"https:\/\/thomas-ott.net\/home\/index.php?rest_route=\/wp\/v2\/users\/1"}],"replies":[{"embeddable":true,"href":"https:\/\/thomas-ott.net\/home\/index.php?rest_route=%2Fwp%2Fv2%2Fcomments&post=19335"}],"version-history":[{"count":1,"href":"https:\/\/thomas-ott.net\/home\/index.php?rest_route=\/wp\/v2\/posts\/19335\/revisions"}],"predecessor-version":[{"id":19336,"href":"https:\/\/thomas-ott.net\/home\/index.php?rest_route=\/wp\/v2\/posts\/19335\/revisions\/19336"}],"wp:attachment":[{"href":"https:\/\/thomas-ott.net\/home\/index.php?rest_route=%2Fwp%2Fv2%2Fmedia&parent=19335"}],"wp:term":[{"taxonomy":"category","embeddable":true,"href":"https:\/\/thomas-ott.net\/home\/index.php?rest_route=%2Fwp%2Fv2%2Fcategories&post=19335"},{"taxonomy":"post_tag","embeddable":true,"href":"https:\/\/thomas-ott.net\/home\/index.php?rest_route=%2Fwp%2Fv2%2Ftags&post=19335"}],"curies":[{"name":"wp","href":"https:\/\/api.w.org\/{rel}","templated":true}]}}