{"id":19329,"date":"2019-10-17T10:32:23","date_gmt":"2019-10-17T08:32:23","guid":{"rendered":"https:\/\/thomas-ott.net\/home\/?p=19329"},"modified":"2019-10-17T15:16:11","modified_gmt":"2019-10-17T13:16:11","slug":"erste-sitzung-des-ausschusses-fuer-digitale-angelegenheiten","status":"publish","type":"post","link":"https:\/\/thomas-ott.net\/home\/?p=19329","title":{"rendered":"Erste Sitzung des Ausschusses f\u00fcr Digitale Angelegenheiten"},"content":{"rendered":"<p>Am 16.10.2019 fand die erste Sitzung des neuen Ausschusses f\u00fcr Digitale Angelegenheiten des Weinheimer Stadtrates statt. Auf der Tagesordnung standen zwei Berichte der Verwaltung zum Stand der Digitalisierung bei der Stadt Weinheim sowie zu den Social-Media-Auftritten der Stadtverwaltung. Abweichend vom \u00fcblichen Prozedere erhielten die Stadtr\u00e4te und Berater keine Vorlage zu den beiden Themen, so dass eine strukturierte Vorbereitung und Diskussion in den Fraktionen nicht m\u00f6glich war.<\/p>\n<p>Nehmen wir das Positive vorweg: die st\u00e4dtische Pressestelle leistet seit vielen Jahren herausragende Arbeit hinsichtlich der Social-Media Aktivit\u00e4ten. Unter Ber\u00fccksichtigung der gegebenen rechtlichen und personellen Rahmenbedingungen beschr\u00e4nkten sich die Stellungnahmen aller Fraktionen daher allenfalls auf kleinere Verbesserungsvorschl\u00e4ge. Nicht einverstanden war ich beispielsweise mit dem Zeitvorsprung, den die Pressestelle den &#8222;Holzmedien&#8220; einr\u00e4umt. St\u00e4dtische Pressemitteilungen werden z.T. erst auf der Website und den sozialen Medien ver\u00f6ffentlicht, nachdem sie in der Zeitung erschienen sind. Ich halte den umgekehrten Weg f\u00fcr besser. Unser Ziel sollte ein digitales Amtsblatt sein, in dem die Stadt \u00f6ffentliche Bekanntmachungen und ihre Mitteilungen an die Bev\u00f6lkerung ver\u00f6ffentlicht. Die Aufgabe der traditionellen Medien sollte viel st\u00e4rker im Bewerten und Hinterfragen der Verwaltung und der politischen Akteure liegen.<br \/>\nSo w\u00fcnschenswert ein personeller Ausbau der digitalen \u00d6ffentlichkeitsarbeit erscheint, so unwahrscheinlich ist er angesichts der angespannten Haushaltslage und anderer noch wichtigerer (Pflicht-) Aufgaben der Verwaltung. Ein Ansatz k\u00f6nnte darin bestehen, dass die anderen \u00c4mter und Abteilungen eigene Social-Media affine Mitarbeiter benennen, die der Pressestelle etwa nach dem Vorbild des Kulturb\u00fcros noch besser zuarbeiten als bisher.<\/p>\n<p>Zur\u00fcck zum ersten Tagesordnungspunkt und zur Vorrede des Oberb\u00fcrgermeisters: Herr Just sprach sich in seinem Eingangsstatement gegen ein umfassendes Digitalisierungskonzept aus, wie es wir und andere Fraktionen im Wahlkampf gefordert hatten. Einerseits ist die Scheu vor der Erarbeitung eines solchen Konzeptes aus vielerlei Gr\u00fcnden nachvollziehbar. Andererseits ist die (digitale) Welt voller fehlgeschlager IT-Projekte und Fehlinvestitionen. Angesichts der bevorstehenden hohen Investitionen in Personal, Hard- und Software sowie der damit verbundenen Umw\u00e4lzungen der Verwaltungsprozesse und -arbeitspl\u00e4tze halte ich eine schriftlich fixierte und vom Gemeinderat zu beschliessende Digitalisierungsstrategie f\u00fcr unverzichtbar. Dabei muss Weinheim das Rad nicht neu erfinden. Vor der Haust\u00fcr haben wir mit Heidelberg und Mannheim zwei Leuchtt\u00fcrme der Digitalisierung von Verwaltung und Onlinepartizipation. Der hier von der Verwaltung gebrachte Einwand, dass die beiden St\u00e4dte aufgrund ihrer Gr\u00f6\u00dfe nicht als Vorbild taugen, ist m.E. nichtig. Ein Vorteil der digitalen Prozesse ist doch gerade die Skalierbarkeit sowohl nach unten als auch nach oben.<br \/>\nDer Sachstandsbericht der Digitalisierungsbeauftragten enthielt sinnvolle Projekte und Ma\u00dfnahmen wie etwa die zur n\u00e4chsten Badesaison einzuf\u00fchrende App zum Erwerb von Strandbadtickets. Neben einer sinnvollen Verbesserung f\u00fcr die B\u00fcrger dient sie zugleich der Erprobung des ePayments und der damit verbunden neuen Prozesse innerhalb der Stadtk\u00e4mmerei. Letztlich verfestigte sich jedoch der Eindruck, dass die Verwaltung im Wesentlichen von au\u00dfen getrieben wird, etwa durch rechtliche, terminliche oder finanzielle Vorgaben des Bundes und des Landes. Viele Projekte erscheinen als Insell\u00f6sung, bei denen die Erfahrung lehrt, dass eine sp\u00e4tere Zusammenf\u00fchrung wesentlich aufwendiger ist, als die Entwicklung auf Basis einer vorher abgestimmten Investitionsstrategie. An vielen Stellen wurde zudem deutlich, dass der mangelhafte Breitbandausbau nach wie vor das Haupthemmnis in weiten Teilen des Stadtgebietes darstellt. Die nicht nur in diesem Zusammenhang genannten Planungszeitr\u00e4ume lassen einen erschaudern.<\/p>\n<p>Leider nicht auf der Tagesordnung stand das Thema Digitalisierung der Schulen. Hier sehen wir \u2013 neben der Digitalisierung der Verwaltung \u2013 einen eindeutigen Schwerpunkt und klare Priorit\u00e4t bei den Investitionsentscheidungen. Die Verwaltung versprach, dieses Thema zum Schwerpunkt der n\u00e4chsten Sitzung des Ausschusses zu machen.<\/p>\n<p>Insgesamt verlie\u00df ich die erste Sitzung mit sehr gemischten Gef\u00fchlen: der zu erklimmende Berg ist noch viel h\u00f6her als gedacht. Andererseits vereint das Gremium viel Sachverstand und Erfahrungswissen aus den Reihen der Stadtr\u00e4te und Berater, aber auch der Verwaltung. Die Verwaltung muss aus der Rolle des extern getrieben Akteurs in eine pro-aktiv handelnde Rolle gebracht werden. Dabei muss nicht jede &#8222;Angst&#8220; ber\u00fccksichtigt werden, sondern es gilt, mit dem technologischen Fortschritt mitzuhalten und die Chancen der Digitalisierung zum beiderseitigen Wohl von B\u00fcrgerschaft und Verwaltung mutig zu ergreifen.<\/p>\n<h4>Weiterf\u00fchrende Links:<\/h4>\n<ul>\n<li>Bericht der st\u00e4dtischen Pressestelle<br \/>\n<a href=\"https:\/\/www.weinheim.de\/Startseite\/Stadtthemen\/_impulse+aus+der+politik+aufnehmen_.html\" target=\"_blank\" rel=\"noopener noreferrer\">https:\/\/www.weinheim.de\/Startseite\/Stadtthemen\/_impulse+aus+der+politik+aufnehmen_.html\u00a0<\/a><\/li>\n<\/ul>\n","protected":false},"excerpt":{"rendered":"<p>Am 16.10.2019 fand die erste Sitzung des neuen Ausschusses f\u00fcr Digitale Angelegenheiten des Weinheimer Stadtrates statt. Auf der Tagesordnung standen zwei Berichte der Verwaltung zum Stand der Digitalisierung bei der Stadt Weinheim sowie zu den Social-Media-Auftritten der Stadtverwaltung. Abweichend vom \u00fcblichen Prozedere erhielten die Stadtr\u00e4te und Berater keine Vorlage zu den beiden Themen, so dass&#8230;<\/p>\n","protected":false},"author":1,"featured_media":19330,"comment_status":"open","ping_status":"open","sticky":false,"template":"","format":"standard","meta":{"_acf_changed":false,"footnotes":""},"categories":[244,22],"tags":[461,56],"class_list":["post-19329","post","type-post","status-publish","format-standard","has-post-thumbnail","hentry","category-digital","category-politik","tag-digitalisierung","tag-weinheim"],"acf":[],"yoast_head":"<!-- This site is optimized with the Yoast SEO plugin v27.1.1 - https:\/\/yoast.com\/product\/yoast-seo-wordpress\/ -->\n<title>Erste Sitzung des Ausschusses f\u00fcr Digitale Angelegenheiten | The Secret Life of Thomas Ott<\/title>\n<meta name=\"robots\" content=\"index, follow, max-snippet:-1, max-image-preview:large, max-video-preview:-1\" \/>\n<link rel=\"canonical\" href=\"https:\/\/thomas-ott.net\/home\/?p=19329\" \/>\n<meta property=\"og:locale\" content=\"de_DE\" \/>\n<meta property=\"og:type\" content=\"article\" \/>\n<meta property=\"og:title\" content=\"Erste Sitzung des Ausschusses f\u00fcr Digitale Angelegenheiten | The Secret Life of Thomas Ott\" \/>\n<meta property=\"og:description\" content=\"Am 16.10.2019 fand die erste Sitzung des neuen Ausschusses f\u00fcr Digitale Angelegenheiten des Weinheimer Stadtrates statt. Auf der Tagesordnung standen zwei Berichte der Verwaltung zum Stand der Digitalisierung bei der Stadt Weinheim sowie zu den Social-Media-Auftritten der Stadtverwaltung. Abweichend vom \u00fcblichen Prozedere erhielten die Stadtr\u00e4te und Berater keine Vorlage zu den beiden Themen, so dass...\" \/>\n<meta property=\"og:url\" content=\"https:\/\/thomas-ott.net\/home\/?p=19329\" \/>\n<meta property=\"og:site_name\" content=\"The Secret Life of Thomas Ott\" \/>\n<meta property=\"article:publisher\" content=\"https:\/\/www.facebook.com\/oagis\" \/>\n<meta property=\"article:author\" content=\"https:\/\/www.facebook.com\/oagis\" \/>\n<meta property=\"article:published_time\" content=\"2019-10-17T08:32:23+00:00\" \/>\n<meta property=\"article:modified_time\" content=\"2019-10-17T13:16:11+00:00\" \/>\n<meta property=\"og:image\" content=\"https:\/\/thomas-ott.net\/home\/wp-content\/uploads\/2019\/10\/ausschuss.png\" \/>\n\t<meta property=\"og:image:width\" content=\"960\" \/>\n\t<meta property=\"og:image:height\" content=\"719\" \/>\n\t<meta property=\"og:image:type\" content=\"image\/png\" \/>\n<meta name=\"author\" content=\"Thomas Ott\" \/>\n<meta name=\"twitter:card\" content=\"summary_large_image\" \/>\n<meta name=\"twitter:creator\" content=\"@oagis\" \/>\n<meta name=\"twitter:site\" content=\"@oagis\" \/>\n<meta name=\"twitter:label1\" content=\"Verfasst von\" \/>\n\t<meta name=\"twitter:data1\" content=\"Thomas Ott\" \/>\n\t<meta name=\"twitter:label2\" content=\"Gesch\u00e4tzte Lesezeit\" \/>\n\t<meta name=\"twitter:data2\" content=\"4\u00a0Minuten\" \/>\n<script type=\"application\/ld+json\" class=\"yoast-schema-graph\">{\"@context\":\"https:\/\/schema.org\",\"@graph\":[{\"@type\":\"Article\",\"@id\":\"https:\/\/thomas-ott.net\/home\/?p=19329#article\",\"isPartOf\":{\"@id\":\"https:\/\/thomas-ott.net\/home\/?p=19329\"},\"author\":{\"name\":\"Thomas Ott\",\"@id\":\"https:\/\/thomas-ott.net\/home\/#\/schema\/person\/0a142f0a3d76fa4af0513a832379747b\"},\"headline\":\"Erste Sitzung des Ausschusses f\u00fcr Digitale Angelegenheiten\",\"datePublished\":\"2019-10-17T08:32:23+00:00\",\"dateModified\":\"2019-10-17T13:16:11+00:00\",\"mainEntityOfPage\":{\"@id\":\"https:\/\/thomas-ott.net\/home\/?p=19329\"},\"wordCount\":720,\"commentCount\":0,\"publisher\":{\"@id\":\"https:\/\/thomas-ott.net\/home\/#\/schema\/person\/0a142f0a3d76fa4af0513a832379747b\"},\"image\":{\"@id\":\"https:\/\/thomas-ott.net\/home\/?p=19329#primaryimage\"},\"thumbnailUrl\":\"https:\/\/thomas-ott.net\/home\/wp-content\/uploads\/2019\/10\/ausschuss.png\",\"keywords\":[\"Digitalisierung\",\"Weinheim\"],\"articleSection\":[\"Digital\",\"Politik\"],\"inLanguage\":\"de\",\"potentialAction\":[{\"@type\":\"CommentAction\",\"name\":\"Comment\",\"target\":[\"https:\/\/thomas-ott.net\/home\/?p=19329#respond\"]}]},{\"@type\":\"WebPage\",\"@id\":\"https:\/\/thomas-ott.net\/home\/?p=19329\",\"url\":\"https:\/\/thomas-ott.net\/home\/?p=19329\",\"name\":\"Erste Sitzung des Ausschusses f\u00fcr Digitale Angelegenheiten | The Secret Life of Thomas Ott\",\"isPartOf\":{\"@id\":\"https:\/\/thomas-ott.net\/home\/#website\"},\"primaryImageOfPage\":{\"@id\":\"https:\/\/thomas-ott.net\/home\/?p=19329#primaryimage\"},\"image\":{\"@id\":\"https:\/\/thomas-ott.net\/home\/?p=19329#primaryimage\"},\"thumbnailUrl\":\"https:\/\/thomas-ott.net\/home\/wp-content\/uploads\/2019\/10\/ausschuss.png\",\"datePublished\":\"2019-10-17T08:32:23+00:00\",\"dateModified\":\"2019-10-17T13:16:11+00:00\",\"breadcrumb\":{\"@id\":\"https:\/\/thomas-ott.net\/home\/?p=19329#breadcrumb\"},\"inLanguage\":\"de\",\"potentialAction\":[{\"@type\":\"ReadAction\",\"target\":[\"https:\/\/thomas-ott.net\/home\/?p=19329\"]}]},{\"@type\":\"ImageObject\",\"inLanguage\":\"de\",\"@id\":\"https:\/\/thomas-ott.net\/home\/?p=19329#primaryimage\",\"url\":\"https:\/\/thomas-ott.net\/home\/wp-content\/uploads\/2019\/10\/ausschuss.png\",\"contentUrl\":\"https:\/\/thomas-ott.net\/home\/wp-content\/uploads\/2019\/10\/ausschuss.png\",\"width\":960,\"height\":719},{\"@type\":\"BreadcrumbList\",\"@id\":\"https:\/\/thomas-ott.net\/home\/?p=19329#breadcrumb\",\"itemListElement\":[{\"@type\":\"ListItem\",\"position\":1,\"name\":\"Startseite\",\"item\":\"https:\/\/thomas-ott.net\/home\/\"},{\"@type\":\"ListItem\",\"position\":2,\"name\":\"Erste Sitzung des Ausschusses f\u00fcr Digitale Angelegenheiten\"}]},{\"@type\":\"WebSite\",\"@id\":\"https:\/\/thomas-ott.net\/home\/#website\",\"url\":\"https:\/\/thomas-ott.net\/home\/\",\"name\":\"The Secret Life of Thomas Ott\",\"description\":\"Website von Dr. Thomas Ott, Weinheim\",\"publisher\":{\"@id\":\"https:\/\/thomas-ott.net\/home\/#\/schema\/person\/0a142f0a3d76fa4af0513a832379747b\"},\"potentialAction\":[{\"@type\":\"SearchAction\",\"target\":{\"@type\":\"EntryPoint\",\"urlTemplate\":\"https:\/\/thomas-ott.net\/home\/?s={search_term_string}\"},\"query-input\":{\"@type\":\"PropertyValueSpecification\",\"valueRequired\":true,\"valueName\":\"search_term_string\"}}],\"inLanguage\":\"de\"},{\"@type\":[\"Person\",\"Organization\"],\"@id\":\"https:\/\/thomas-ott.net\/home\/#\/schema\/person\/0a142f0a3d76fa4af0513a832379747b\",\"name\":\"Thomas Ott\",\"image\":{\"@type\":\"ImageObject\",\"inLanguage\":\"de\",\"@id\":\"https:\/\/thomas-ott.net\/home\/#\/schema\/person\/image\/\",\"url\":\"https:\/\/secure.gravatar.com\/avatar\/984baf04fae50a93f41615cda6dee454fdc8be653bcfd6e45a10e9f54e05505b?s=96&d=mm&r=g\",\"contentUrl\":\"https:\/\/secure.gravatar.com\/avatar\/984baf04fae50a93f41615cda6dee454fdc8be653bcfd6e45a10e9f54e05505b?s=96&d=mm&r=g\",\"caption\":\"Thomas Ott\"},\"logo\":{\"@id\":\"https:\/\/thomas-ott.net\/home\/#\/schema\/person\/image\/\"},\"sameAs\":[\"https:\/\/www.facebook.com\/oagis\",\"https:\/\/www.instagram.com\/thomas_ott_66\/\",\"https:\/\/www.linkedin.com\/in\/oagis\/\",\"https:\/\/x.com\/oagis\"]}]}<\/script>\n<!-- \/ Yoast SEO plugin. -->","yoast_head_json":{"title":"Erste Sitzung des Ausschusses f\u00fcr Digitale Angelegenheiten | The Secret Life of Thomas Ott","robots":{"index":"index","follow":"follow","max-snippet":"max-snippet:-1","max-image-preview":"max-image-preview:large","max-video-preview":"max-video-preview:-1"},"canonical":"https:\/\/thomas-ott.net\/home\/?p=19329","og_locale":"de_DE","og_type":"article","og_title":"Erste Sitzung des Ausschusses f\u00fcr Digitale Angelegenheiten | The Secret Life of Thomas Ott","og_description":"Am 16.10.2019 fand die erste Sitzung des neuen Ausschusses f\u00fcr Digitale Angelegenheiten des Weinheimer Stadtrates statt. Auf der Tagesordnung standen zwei Berichte der Verwaltung zum Stand der Digitalisierung bei der Stadt Weinheim sowie zu den Social-Media-Auftritten der Stadtverwaltung. Abweichend vom \u00fcblichen Prozedere erhielten die Stadtr\u00e4te und Berater keine Vorlage zu den beiden Themen, so dass...","og_url":"https:\/\/thomas-ott.net\/home\/?p=19329","og_site_name":"The Secret Life of Thomas Ott","article_publisher":"https:\/\/www.facebook.com\/oagis","article_author":"https:\/\/www.facebook.com\/oagis","article_published_time":"2019-10-17T08:32:23+00:00","article_modified_time":"2019-10-17T13:16:11+00:00","og_image":[{"width":960,"height":719,"url":"https:\/\/thomas-ott.net\/home\/wp-content\/uploads\/2019\/10\/ausschuss.png","type":"image\/png"}],"author":"Thomas Ott","twitter_card":"summary_large_image","twitter_creator":"@oagis","twitter_site":"@oagis","twitter_misc":{"Verfasst von":"Thomas Ott","Gesch\u00e4tzte Lesezeit":"4\u00a0Minuten"},"schema":{"@context":"https:\/\/schema.org","@graph":[{"@type":"Article","@id":"https:\/\/thomas-ott.net\/home\/?p=19329#article","isPartOf":{"@id":"https:\/\/thomas-ott.net\/home\/?p=19329"},"author":{"name":"Thomas Ott","@id":"https:\/\/thomas-ott.net\/home\/#\/schema\/person\/0a142f0a3d76fa4af0513a832379747b"},"headline":"Erste Sitzung des Ausschusses f\u00fcr Digitale Angelegenheiten","datePublished":"2019-10-17T08:32:23+00:00","dateModified":"2019-10-17T13:16:11+00:00","mainEntityOfPage":{"@id":"https:\/\/thomas-ott.net\/home\/?p=19329"},"wordCount":720,"commentCount":0,"publisher":{"@id":"https:\/\/thomas-ott.net\/home\/#\/schema\/person\/0a142f0a3d76fa4af0513a832379747b"},"image":{"@id":"https:\/\/thomas-ott.net\/home\/?p=19329#primaryimage"},"thumbnailUrl":"https:\/\/thomas-ott.net\/home\/wp-content\/uploads\/2019\/10\/ausschuss.png","keywords":["Digitalisierung","Weinheim"],"articleSection":["Digital","Politik"],"inLanguage":"de","potentialAction":[{"@type":"CommentAction","name":"Comment","target":["https:\/\/thomas-ott.net\/home\/?p=19329#respond"]}]},{"@type":"WebPage","@id":"https:\/\/thomas-ott.net\/home\/?p=19329","url":"https:\/\/thomas-ott.net\/home\/?p=19329","name":"Erste Sitzung des Ausschusses f\u00fcr Digitale Angelegenheiten | The Secret Life of Thomas Ott","isPartOf":{"@id":"https:\/\/thomas-ott.net\/home\/#website"},"primaryImageOfPage":{"@id":"https:\/\/thomas-ott.net\/home\/?p=19329#primaryimage"},"image":{"@id":"https:\/\/thomas-ott.net\/home\/?p=19329#primaryimage"},"thumbnailUrl":"https:\/\/thomas-ott.net\/home\/wp-content\/uploads\/2019\/10\/ausschuss.png","datePublished":"2019-10-17T08:32:23+00:00","dateModified":"2019-10-17T13:16:11+00:00","breadcrumb":{"@id":"https:\/\/thomas-ott.net\/home\/?p=19329#breadcrumb"},"inLanguage":"de","potentialAction":[{"@type":"ReadAction","target":["https:\/\/thomas-ott.net\/home\/?p=19329"]}]},{"@type":"ImageObject","inLanguage":"de","@id":"https:\/\/thomas-ott.net\/home\/?p=19329#primaryimage","url":"https:\/\/thomas-ott.net\/home\/wp-content\/uploads\/2019\/10\/ausschuss.png","contentUrl":"https:\/\/thomas-ott.net\/home\/wp-content\/uploads\/2019\/10\/ausschuss.png","width":960,"height":719},{"@type":"BreadcrumbList","@id":"https:\/\/thomas-ott.net\/home\/?p=19329#breadcrumb","itemListElement":[{"@type":"ListItem","position":1,"name":"Startseite","item":"https:\/\/thomas-ott.net\/home\/"},{"@type":"ListItem","position":2,"name":"Erste Sitzung des Ausschusses f\u00fcr Digitale Angelegenheiten"}]},{"@type":"WebSite","@id":"https:\/\/thomas-ott.net\/home\/#website","url":"https:\/\/thomas-ott.net\/home\/","name":"The Secret Life of Thomas Ott","description":"Website von Dr. Thomas Ott, Weinheim","publisher":{"@id":"https:\/\/thomas-ott.net\/home\/#\/schema\/person\/0a142f0a3d76fa4af0513a832379747b"},"potentialAction":[{"@type":"SearchAction","target":{"@type":"EntryPoint","urlTemplate":"https:\/\/thomas-ott.net\/home\/?s={search_term_string}"},"query-input":{"@type":"PropertyValueSpecification","valueRequired":true,"valueName":"search_term_string"}}],"inLanguage":"de"},{"@type":["Person","Organization"],"@id":"https:\/\/thomas-ott.net\/home\/#\/schema\/person\/0a142f0a3d76fa4af0513a832379747b","name":"Thomas Ott","image":{"@type":"ImageObject","inLanguage":"de","@id":"https:\/\/thomas-ott.net\/home\/#\/schema\/person\/image\/","url":"https:\/\/secure.gravatar.com\/avatar\/984baf04fae50a93f41615cda6dee454fdc8be653bcfd6e45a10e9f54e05505b?s=96&d=mm&r=g","contentUrl":"https:\/\/secure.gravatar.com\/avatar\/984baf04fae50a93f41615cda6dee454fdc8be653bcfd6e45a10e9f54e05505b?s=96&d=mm&r=g","caption":"Thomas Ott"},"logo":{"@id":"https:\/\/thomas-ott.net\/home\/#\/schema\/person\/image\/"},"sameAs":["https:\/\/www.facebook.com\/oagis","https:\/\/www.instagram.com\/thomas_ott_66\/","https:\/\/www.linkedin.com\/in\/oagis\/","https:\/\/x.com\/oagis"]}]}},"_links":{"self":[{"href":"https:\/\/thomas-ott.net\/home\/index.php?rest_route=\/wp\/v2\/posts\/19329","targetHints":{"allow":["GET"]}}],"collection":[{"href":"https:\/\/thomas-ott.net\/home\/index.php?rest_route=\/wp\/v2\/posts"}],"about":[{"href":"https:\/\/thomas-ott.net\/home\/index.php?rest_route=\/wp\/v2\/types\/post"}],"author":[{"embeddable":true,"href":"https:\/\/thomas-ott.net\/home\/index.php?rest_route=\/wp\/v2\/users\/1"}],"replies":[{"embeddable":true,"href":"https:\/\/thomas-ott.net\/home\/index.php?rest_route=%2Fwp%2Fv2%2Fcomments&post=19329"}],"version-history":[{"count":4,"href":"https:\/\/thomas-ott.net\/home\/index.php?rest_route=\/wp\/v2\/posts\/19329\/revisions"}],"predecessor-version":[{"id":19334,"href":"https:\/\/thomas-ott.net\/home\/index.php?rest_route=\/wp\/v2\/posts\/19329\/revisions\/19334"}],"wp:featuredmedia":[{"embeddable":true,"href":"https:\/\/thomas-ott.net\/home\/index.php?rest_route=\/wp\/v2\/media\/19330"}],"wp:attachment":[{"href":"https:\/\/thomas-ott.net\/home\/index.php?rest_route=%2Fwp%2Fv2%2Fmedia&parent=19329"}],"wp:term":[{"taxonomy":"category","embeddable":true,"href":"https:\/\/thomas-ott.net\/home\/index.php?rest_route=%2Fwp%2Fv2%2Fcategories&post=19329"},{"taxonomy":"post_tag","embeddable":true,"href":"https:\/\/thomas-ott.net\/home\/index.php?rest_route=%2Fwp%2Fv2%2Ftags&post=19329"}],"curies":[{"name":"wp","href":"https:\/\/api.w.org\/{rel}","templated":true}]}}