{"id":18991,"date":"2019-01-04T11:50:22","date_gmt":"2019-01-04T10:50:22","guid":{"rendered":"https:\/\/thomas-ott.net\/home\/?p=18991"},"modified":"2019-02-26T11:20:09","modified_gmt":"2019-02-26T10:20:09","slug":"das-europa-der-regionen-entwicklungsunterschiede-potentiale-perspektiven","status":"publish","type":"post","link":"https:\/\/thomas-ott.net\/home\/?p=18991","title":{"rendered":"Das \u201eEuropa der Regionen\u201c: <\/br>Entwicklungsunterschiede \u2013 Potentiale \u2013 Perspektiven"},"content":{"rendered":"<p>Vortrag im Rahmen der Initiative \u201eDoch Europa!\u201c, Volkshochschule Weinheim, 19. Februar 2019, Weinheim<\/p>\n<h3>Kurzfassung<\/h3>\n<p>Das \u201eEuropa der Regionen\u201c ist die Bezeichnung f\u00fcr ein f\u00f6deralistisches politisches Konzept, das die Bedeutung der Regionen innerhalb der EU-Mitgliedsl\u00e4nder in ihrer mentalit\u00e4tspr\u00e4genden und identit\u00e4tsstiftenden Rolle betont. Diese Perspektive l\u00e4sst sich als Gegenentwurf zum \u201eEuropa der Vaterl\u00e4nder\u201c verstehen: die Nationalstaaten sind zur L\u00f6sung der gro\u00dfen Probleme zu klein und zur L\u00f6sung der kleinen Probleme zu gro\u00df. Eine dezidierte Regionalpolitik war seit Gr\u00fcndung der EWG ein Grundpfeiler der europ\u00e4ischen Einigung. Sie verfolgt das Ziel, den wirtschaftlichen und sozialen Zusammenhalt innerhalb der EU zu st\u00e4rken und das Strukturgef\u00e4lle zwischen den einzelnen Regionen zu verringern. Der Vortrag gibt einen \u00dcberblick \u00fcber die regionalen Entwicklungsunterschiede in den L\u00e4ndern der EU und stellt die regionalpolitischen Instrumente, die sich auch in unserer wirtschaftlich starken Region finanziell niederschlagen, vor. \u00dcber die Verkn\u00fcpfung mit Wahl- und Abstimmungsergebnissen (z.B. Brexit-Referendum, norwegische EU-Beitrittsreferenden) ergeben sich Interpretationsans\u00e4tze, die m\u00f6gliche Entwicklungspfade der europ\u00e4ischen Integration aufzeigen.<\/p>\n<h3>Vortragsfolien<\/h3>\n<p><iframe loading=\"lazy\" style=\"border: 0px solid #CCC; border-width: 0px; margin-bottom: 0px; max-width: 100%;\" src=\"\/\/www.slideshare.net\/slideshow\/embed_code\/key\/kjNo7TCCfM7c6K\" width=\"425\" height=\"355\" frameborder=\"0\" marginwidth=\"0\" marginheight=\"0\" scrolling=\"no\" allowfullscreen=\"allowfullscreen\"> <\/iframe><\/p>\n<h3>Weiterf\u00fchrende Links<\/h3>\n<ul>\n<li>EUROSTAT\n<ul>\n<li>Statistische Jahrb\u00fccher Regionen\n<ul>\n<li>2018<br \/>\n<a href=\"https:\/\/ec.europa.eu\/eurostat\/web\/products-statistical-books\/-\/KS-HA-18-001\" target=\"_blank\" rel=\"noopener\">https:\/\/ec.europa.eu\/eurostat\/web\/products-statistical-books\/-\/KS-HA-18-001<\/a><\/li>\n<li>fr\u00fchere Ausgaben<br \/>\n<a href=\"https:\/\/ec.europa.eu\/eurostat\/publications\/Statistical-books\/regional-yearbook\/previous-editions\" target=\"_blank\" rel=\"noopener\">https:\/\/ec.europa.eu\/eurostat\/publications\/Statistical-books\/regional-yearbook\/previous-editions<\/a><\/li>\n<\/ul>\n<\/li>\n<li>Statistischer Atlas\n<ul>\n<li><a href=\"http:\/\/ec.europa.eu\/eurostat\/statistical-atlas\/gis\/viewer\/\" target=\"_blank\" rel=\"noopener\">http:\/\/ec.europa.eu\/eurostat\/statistical-atlas\/gis\/viewer\/<\/a><\/li>\n<\/ul>\n<\/li>\n<\/ul>\n<\/li>\n<li>Europ\u00e4ische Kommission\n<ul>\n<li>Regionalpolitik\n<ul>\n<li><a href=\"https:\/\/ec.europa.eu\/info\/topics\/regional-policy_de\" target=\"_blank\" rel=\"noopener\">https:\/\/ec.europa.eu\/info\/topics\/regional-policy_de<\/a><\/li>\n<\/ul>\n<\/li>\n<li>Koh\u00e4sionsberichte\n<ul>\n<li>Meine Region, mein Europa, unsere Zukunft: Siebter Bericht \u00fcber den wirtschaftlichen, sozialen und territorialen Zusammenhalt (2017) [<a href=\"https:\/\/ec.europa.eu\/regional_policy\/de\/information\/publications\/communications\/2017\/my-region-my-europe-our-future-the-seventh-report-on-economic-social-and-territorial-cohesion\" target=\"_blank\" rel=\"noopener\">https:\/\/ec.europa.eu\/regional_policy\/de\/information\/publications\/communications\/2017\/my-region-my-europe-our-future-the-seventh-report-on-economic-social-and-territorial-cohesion<\/a>]<\/li>\n<li>Investitionen\u00a0in Besch\u00e4ftigung\u00a0und Wachstum &#8212; F\u00f6rderung von Entwicklung und guter\u00a0Governance in den Regionen und St\u00e4dten der EU:\u00a0Sechster Bericht \u00fcber den wirtschaftlichen, sozialen und\u00a0territorialen Zusammenhalt (2014) [<a href=\"https:\/\/ec.europa.eu\/regional_policy\/de\/information\/publications\/reports\/2014\/6th-report-on-economic-social-and-territorial-cohesion\" target=\"_blank\" rel=\"noopener\">https:\/\/ec.europa.eu\/regional_policy\/de\/information\/publications\/reports\/2014\/6th-report-on-economic-social-and-territorial-cohesion<\/a>]<\/li>\n<li>In Europas Zukunft investieren: F\u00fcnfter Bericht \u00fcber den wirtschaftlichen, sozialen und territorialen Zusammenhalt Europ\u00e4ische Union (2010) [<a href=\"https:\/\/ec.europa.eu\/regional_policy\/de\/information\/publications\/reports\/2010\/fifth-report-on-economic-social-and-territorial-cohesion-investing-in-europe-s-future\" target=\"_blank\" rel=\"noopener\">https:\/\/ec.europa.eu\/regional_policy\/de\/information\/publications\/reports\/2010\/fifth-report-on-economic-social-and-territorial-cohesion-investing-in-europe-s-future<\/a>]<\/li>\n<\/ul>\n<\/li>\n<li>EU-Investitionen in Regionen und St\u00e4dte\n<ul>\n<li><a href=\"https:\/\/ec.europa.eu\/info\/eu-regional-and-urban-development_de\" target=\"_blank\" rel=\"noopener\">https:\/\/ec.europa.eu\/info\/eu-regional-and-urban-development_de<\/a><\/li>\n<\/ul>\n<\/li>\n<li>Struktur- und Investitionsfonds f\u00fcr regionale und st\u00e4dtische Entwicklungsprojekte\n<ul>\n<li><a href=\"https:\/\/ec.europa.eu\/info\/eu-regional-and-urban-development\/financial-support-projects\/structural-and-investment-funds_de\" target=\"_blank\" rel=\"noopener\">https:\/\/ec.europa.eu\/info\/eu-regional-and-urban-development\/financial-support-projects\/structural-and-investment-funds_de<\/a><\/li>\n<\/ul>\n<\/li>\n<\/ul>\n<\/li>\n<li>Europ\u00e4isches Parlament\n<ul>\n<li>&#8222;Das\u00a0tut die EU f\u00fcr mich&#8220;\n<ul>\n<li><a href=\"https:\/\/what-europe-does-for-me.eu\/de\/portal\" target=\"_blank\" rel=\"noopener\">https:\/\/what-europe-does-for-me.eu\/de\/portal<\/a>\u00a0(Einstiegsseite)<\/li>\n<li><a href=\"https:\/\/what-europe-does-for-me.eu\/de\/portal\/1\/DE128\" target=\"_blank\" rel=\"noopener\">https:\/\/what-europe-does-for-me.eu\/de\/portal\/1\/DE128<\/a> (Rhein-Neckar-Kreis)<\/li>\n<li><a href=\"https:\/\/what-europe-does-for-me.eu\/de\/portal\/1\/DE126\" target=\"_blank\" rel=\"noopener\">https:\/\/what-europe-does-for-me.eu\/de\/portal\/1\/DE126<\/a> (Mannheim)<\/li>\n<li><a href=\"https:\/\/what-europe-does-for-me.eu\/de\/portal\/1\/DE125\" target=\"_blank\" rel=\"noopener\">https:\/\/what-europe-does-for-me.eu\/de\/portal\/1\/DE125<\/a> (Heidelberg)<\/li>\n<li><a href=\"https:\/\/what-europe-does-for-me.eu\/de\/portal\/1\/DE1\" target=\"_blank\" rel=\"noopener\">https:\/\/what-europe-does-for-me.eu\/de\/portal\/1\/DE1<\/a> (Baden-W\u00fcrttemberg)<\/li>\n<li><a href=\"https:\/\/what-europe-does-for-me.eu\/de\/portal\/1\/DE715\" target=\"_blank\" rel=\"noopener\">https:\/\/what-europe-does-for-me.eu\/de\/portal\/1\/DE715<\/a> (Kreis Bergstra\u00dfe)<\/li>\n<li><a href=\"https:\/\/what-europe-does-for-me.eu\/de\/portal\/1\/0?area=DEB3&amp;txt=Rheinhessen-Pfalz\" target=\"_blank\" rel=\"noopener\">https:\/\/what-europe-does-for-me.eu\/de\/portal\/1\/0?area=DEB3&amp;txt=Rheinhessen-Pfalz<\/a> (Rheinhessen-Pfalz)<\/li>\n<\/ul>\n<\/li>\n<li>Ausschuss f\u00fcr Regionale Entwicklung\n<ul>\n<li><a href=\"http:\/\/www.europarl.europa.eu\/committees\/de\/regi\/home.html\" target=\"_blank\" rel=\"noopener\">http:\/\/www.europarl.europa.eu\/committees\/de\/regi\/home.html<\/a><\/li>\n<\/ul>\n<\/li>\n<\/ul>\n<\/li>\n<li>Europ\u00e4ischer Ausschuss der Regionen\n<ul>\n<li><a href=\"https:\/\/cor.europa.eu\/de\" target=\"_blank\" rel=\"noopener\">https:\/\/cor.europa.eu\/de<\/a><\/li>\n<\/ul>\n<\/li>\n<li>Rat der Gemeinden und Regionen Europas (CCRE\/CEMR)\n<ul>\n<li><a href=\"http:\/\/www.ccre.org\/\" target=\"_blank\" rel=\"noopener\">http:\/\/www.ccre.org\/<\/a><\/li>\n<li><a href=\"https:\/\/www.rgre.de\/\" target=\"_blank\" rel=\"noopener\">https:\/\/www.rgre.de\/<\/a> (Deutsche Sektion)<\/li>\n<\/ul>\n<\/li>\n<li>BBC: EU referendum &#8212; The result in maps and charts\n<ul>\n<li><a href=\"https:\/\/www.bbc.com\/news\/uk-politics-36616028\" target=\"_blank\" rel=\"noopener\">https:\/\/www.bbc.com\/news\/uk-politics-36616028<\/a><\/li>\n<\/ul>\n<\/li>\n<li>Vier Motoren f\u00fcr Europa\n<ul>\n<li><a href=\"http:\/\/www.4motors.eu\/?lang=de\" target=\"_blank\" rel=\"noopener\">http:\/\/www.4motors.eu\/?lang=de<\/a><\/li>\n<\/ul>\n<\/li>\n<li>Europadialog der Landesregierung Baden-W\u00fcrttemberg\n<ul>\n<li><a href=\"https:\/\/europadialog.baden-wuerttemberg.de\/de\/startseite\/\" target=\"_blank\" rel=\"noopener\">https:\/\/europadialog.baden-wuerttemberg.de\/de\/startseite\/<\/a><\/li>\n<\/ul>\n<\/li>\n<\/ul>\n<h3>Literatur<\/h3>\n<ul>\n<li>Berlin-Institut f\u00fcr Bev\u00f6lkerung und Entwicklung (2017):\u00a0Europas\u00a0demografische Zukunft.\u00a0Wie sich die Regionen nach\u00a0einem Jahrzehnt der Krisen entwickeln, Berlin [https:\/\/www.berlin-institut.org\/fileadmin\/user_upload\/Europas_demografische_Zukunft_2017\/Europa_online.pdf]<\/li>\n<li>BLOTEVOGEL, Hans Heinrich (Hg.) (1991): Europ\u00e4ische Regionen im Wandel. Strukturelle Erneuerung, Raumordnung und Regionalpolitik im Europa der Regionen. Duisburger Geographische Arbeiten 9, Dortmund<\/li>\n<li>BRUNET, Roger (1989): Les Villes Europ\u00e9ennes. Rapport pour la DATAR, Paris\/Montpellier<\/li>\n<li>COLE, John \/ COLE, Francis (1997): A geography of the European Union, London<\/li>\n<li>CPMR (2018):\u00a0Initial views on the post-2020 Cohesion Policy package, Rennes\/Bruxelles [https:\/\/cpmr.org\/wpdm-package\/initial-views-from-the-cpmr-on-the-post-2020-cohesion-policy-package\/?wpdmdl=17832&amp;refresh=5c4dd22a1bf691548603946&amp;ind=1528376050497]<\/li>\n<li>Europ\u00e4ische Kommission, Generaldirektion Regionalpolitik und Koh\u00e4sion (1996): Erster Bericht \u00fcber den wirtschaftlichen und sozialen Zusammenhalt 1996, Br\u00fcssel.<\/li>\n<li>Europ\u00e4ische Kommission (1999a): Sechster Periodischer Bericht \u00fcber die soziale und \u00f6konomische Lage und Entwicklung der Regionen \/ Sixi\u00e8me rapport p\u00e9riodique sur la situation et l&#8217;\u00e9volution socio-\u00e9conomique des r\u00e9gions de l&#8217;Union europ\u00e9enne, Luxemburg [http:\/\/europa.eu.int\/comm\/regional_policy\/sources\/docoffic\/official\/reports\/toc_de.htm bzw. toc_fr.htm]<\/li>\n<li>Europ\u00e4ische Kommission (1999b): European Spatial Development Perspective &#8211; Towards Balanced and Sustainable Development of the Territory of the European Union, Luxemburg<\/li>\n<li>Europ\u00e4ische Kommission (2001): Einheit Europas, Solidarit\u00e4t der V\u00f6lker, Vielfalt der Regionen &#8211; Zweiter Bericht \u00fcber den wirtschaftlichen und sozialen Zusammenhalt \/ Unit\u00e9 de l&#8217;Europe, solidarit\u00e9 des peuples, diversit\u00e9 des territoires &#8211; Deuxi\u00e8me rapport sur la coh\u00e9sion \u00e9conomique et sociale, Luxemburg [http:\/\/europa.eu.int\/comm\/regional_policy\/sources\/docoffic\/official\/reports\/<br \/>\ncontentpdf_de.htm bzw. contentpdf_fr.htm]<\/li>\n<li>Europ\u00e4ische Kommission (2002): Erster Zwischenbericht \u00fcber den wirtschaftlichen und sozialen Zusammenhalt \/ 1er rapport d&#8217;\u00e9tape sur la coh\u00e9sion, Luxemburg [http:\/\/europa.eu.int\/comm\/regional_policy\/sources\/docoffic\/official\/reports\/interim1_de.htm bzw. interim1_fr.htm]<\/li>\n<li>Europ\u00e4ische Kommission, Generaldirektion Energie und Verkehr (2005): Transeurop\u00e4isches Verkehrsnetz, TEN-V \u2013 vorrangige Achsen und Projekte 2005, Luxemburg [http:\/\/ec.europa.eu\/ten\/transport\/projects\/doc\/2005_ten_t_de.pdf]<\/li>\n<li>Europ\u00e4ische Kommission (2017):\u00a0Meine Region, mein Europa, unsere Zukunft: Siebter Bericht \u00fcber den wirtschaftlichen, sozialen und territorialen Zusammenhalt, Luxemburg [https:\/\/ec.europa.eu\/regional_policy\/de\/information\/publications\/communications\/2017\/my-region-my-europe-our-future-the-seventh-report-on-economic-social-and-territorial-cohesion]<\/li>\n<li>Europ\u00e4ische Union, Ausschuss der Regionen (2000):\u00a0Ein Europa der Regionen und St\u00e4dte.\u00a0Strategien und Perspektiven f\u00fcr die EU-Erweiterung, Br\u00fcssel [https:\/\/publications.europa.eu\/en\/publication-detail\/-\/publication\/241fd5bf-bc0c-4471-bbb3-9aee906fb5f3\/language-de\/format-PDF\/source-86057077]<\/li>\n<li>Europ\u00e4ische Union, Ausschuss der Regionen (2000):\u00a0Ein Europa der Regionen und St\u00e4dte.\u00a0Strategien und Perspektiven f\u00fcr die EU-Erweiterung, Teil II:\u00a0Bulgarien, Lettland, Litauen, Malta, Rum\u00e4nien, Slowakei und T\u00fcrkei, Br\u00fcssel [https:\/\/publications.europa.eu\/en\/publication-detail\/-\/publication\/2314a969-fccd-47de-adda-455ba5400583\/language-de\/format-PDF\/source-86057068]<\/li>\n<li>EUROSTAT, Statistisches Amt der Europ\u00e4ischen Gemeinschaften (2018): Regionen: Statistisches Jahrbuch 2018, Luxemburg [https:\/\/ec.europa.eu\/eurostat\/web\/products-statistical-books\/-\/KS-HA-18-001]<\/li>\n<li>FOURASTI\u00c9, Jean (1954): Die gro\u00dfe Hoffnung des 20. Jahrhunderts, K\u00f6ln (&#8222;Le grand espoir du XX\u00eame si\u00e8cle&#8220;. Paris, 1952)<\/li>\n<li>GANS, Paul (1992): Regionale Disparit\u00e4ten in der EG. Geographische Rundschau 44 (12), 691-698<\/li>\n<li>GEBHARDT, Hans \/ GLASER, R\u00fcdiger \/ LENTZ, Sebastian (Hg.) (2013):\u00a0<a href=\"https:\/\/www.springer.com\/de\/book\/9783827420053\" target=\"_blank\" rel=\"noopener\"><strong>Europa &#8211; eine Geographie<\/strong><\/a>. Berlin, Heidelberg: Springer<\/li>\n<li>HILPOLD, Peter \/ STEINMAIR, Walter \/ PERATHONER, Christoph (Hg.) (2016): <strong><a href=\"https:\/\/www.springer.com\/de\/book\/9783662482049\" target=\"_blank\" rel=\"noopener\">Europa der Regionen<\/a><\/strong>. Berlin, Heidelberg: Springer<\/li>\n<li>OTT, Thomas (1993):\u00a0<strong><a href=\"http:\/\/thomas-ott.net\/home\/?p=204\">GIS in der Anthropogeographie. Regionale Disparit\u00e4ten und St\u00e4dtesystem in Europa<\/a><\/strong>. Materialien zur Geographie 22, Mannheim: Geographisches Institut<\/li>\n<li>OTT, Thomas (1995):\u00a0<strong><a href=\"http:\/\/thomas-ott.net\/home\/?p=217\">Die Stellung der norwegischen Provinzen in einem Europa der Regionen<\/a><\/strong>. Petermanns Geographische Mitteilungen 139 (1), 15-30<\/li>\n<li>OTT, Thomas (2003):\u00a0<strong><a href=\"http:\/\/thomas-ott.net\/home\/?p=305\">Das Europa der Regionen<\/a><\/strong>. Deuframat \u2013 Deutschland und Frankreich auf dem Weg in ein neues Europa \u2013 Materialien f\u00fcr den Geschichts- und Geographieunterricht, Braunschweig\/Marburg: Georg-Eckert-Institut f\u00fcr internationale Schulbuchforschung<\/li>\n<li>RITTER, Wigand \/ RUPPERT, Rasso (1996): Wirtschaftsgeographie der Europ\u00e4ischen Union, N\u00fcrnberg<\/li>\n<li>SCH\u00c4TZL, Ludwig (Hg.) (1993): Wirtschaftsgeographie der Europ\u00e4ischen Gemeinschaft, Paderborn<\/li>\n<\/ul>\n<p>&nbsp;<\/p>\n","protected":false},"excerpt":{"rendered":"<p>Vortrag im Rahmen der Initiative \u201eDoch Europa!\u201c, Volkshochschule Weinheim, 19. Februar 2019, Weinheim Kurzfassung Das \u201eEuropa der Regionen\u201c ist die Bezeichnung f\u00fcr ein f\u00f6deralistisches politisches Konzept, das die Bedeutung der Regionen innerhalb der EU-Mitgliedsl\u00e4nder in ihrer mentalit\u00e4tspr\u00e4genden und identit\u00e4tsstiftenden Rolle betont. Diese Perspektive l\u00e4sst sich als Gegenentwurf zum \u201eEuropa der Vaterl\u00e4nder\u201c verstehen: die Nationalstaaten sind&#8230;<\/p>\n","protected":false},"author":1,"featured_media":18992,"comment_status":"open","ping_status":"open","sticky":false,"template":"","format":"standard","meta":{"_acf_changed":false,"footnotes":""},"categories":[398,408],"tags":[59,58,414,413],"class_list":["post-18991","post","type-post","status-publish","format-standard","has-post-thumbnail","hentry","category-litregdispeu","category-vortraege","tag-eu","tag-europa","tag-regionale-disparitaeten","tag-regionalpolitik"],"acf":[],"yoast_head":"<!-- This site is optimized with the Yoast SEO plugin v27.1.1 - https:\/\/yoast.com\/product\/yoast-seo-wordpress\/ -->\n<title>Das \u201eEuropa der Regionen\u201c: Entwicklungsunterschiede \u2013 Potentiale \u2013 Perspektiven | The Secret Life of Thomas Ott<\/title>\n<meta name=\"robots\" content=\"index, follow, max-snippet:-1, max-image-preview:large, max-video-preview:-1\" \/>\n<link rel=\"canonical\" href=\"https:\/\/thomas-ott.net\/home\/?p=18991\" \/>\n<meta property=\"og:locale\" content=\"de_DE\" \/>\n<meta property=\"og:type\" content=\"article\" \/>\n<meta property=\"og:title\" content=\"Das \u201eEuropa der Regionen\u201c: Entwicklungsunterschiede \u2013 Potentiale \u2013 Perspektiven | The Secret Life of Thomas Ott\" \/>\n<meta property=\"og:description\" content=\"Vortrag im Rahmen der Initiative \u201eDoch Europa!\u201c, Volkshochschule Weinheim, 19. Februar 2019, Weinheim Kurzfassung Das \u201eEuropa der Regionen\u201c ist die Bezeichnung f\u00fcr ein f\u00f6deralistisches politisches Konzept, das die Bedeutung der Regionen innerhalb der EU-Mitgliedsl\u00e4nder in ihrer mentalit\u00e4tspr\u00e4genden und identit\u00e4tsstiftenden Rolle betont. Diese Perspektive l\u00e4sst sich als Gegenentwurf zum \u201eEuropa der Vaterl\u00e4nder\u201c verstehen: die Nationalstaaten sind...\" \/>\n<meta property=\"og:url\" content=\"https:\/\/thomas-ott.net\/home\/?p=18991\" \/>\n<meta property=\"og:site_name\" content=\"The Secret Life of Thomas Ott\" \/>\n<meta property=\"article:publisher\" content=\"https:\/\/www.facebook.com\/oagis\" \/>\n<meta property=\"article:author\" content=\"https:\/\/www.facebook.com\/oagis\" \/>\n<meta property=\"article:published_time\" content=\"2019-01-04T10:50:22+00:00\" \/>\n<meta property=\"article:modified_time\" content=\"2019-02-26T10:20:09+00:00\" \/>\n<meta property=\"og:image\" content=\"https:\/\/thomas-ott.net\/home\/wp-content\/uploads\/2019\/01\/pub_docheuropa2019.jpg\" \/>\n\t<meta property=\"og:image:width\" content=\"740\" \/>\n\t<meta property=\"og:image:height\" content=\"416\" \/>\n\t<meta property=\"og:image:type\" content=\"image\/jpeg\" \/>\n<meta name=\"author\" content=\"Thomas Ott\" \/>\n<meta name=\"twitter:card\" content=\"summary_large_image\" \/>\n<meta name=\"twitter:creator\" content=\"@oagis\" \/>\n<meta name=\"twitter:site\" content=\"@oagis\" \/>\n<meta name=\"twitter:label1\" content=\"Verfasst von\" \/>\n\t<meta name=\"twitter:data1\" content=\"Thomas Ott\" \/>\n\t<meta name=\"twitter:label2\" content=\"Gesch\u00e4tzte Lesezeit\" \/>\n\t<meta name=\"twitter:data2\" content=\"6\u00a0Minuten\" \/>\n<script type=\"application\/ld+json\" class=\"yoast-schema-graph\">{\"@context\":\"https:\/\/schema.org\",\"@graph\":[{\"@type\":\"Article\",\"@id\":\"https:\/\/thomas-ott.net\/home\/?p=18991#article\",\"isPartOf\":{\"@id\":\"https:\/\/thomas-ott.net\/home\/?p=18991\"},\"author\":{\"name\":\"Thomas Ott\",\"@id\":\"https:\/\/thomas-ott.net\/home\/#\/schema\/person\/0a142f0a3d76fa4af0513a832379747b\"},\"headline\":\"Das \u201eEuropa der Regionen\u201c: Entwicklungsunterschiede \u2013 Potentiale \u2013 Perspektiven\",\"datePublished\":\"2019-01-04T10:50:22+00:00\",\"dateModified\":\"2019-02-26T10:20:09+00:00\",\"mainEntityOfPage\":{\"@id\":\"https:\/\/thomas-ott.net\/home\/?p=18991\"},\"wordCount\":1129,\"commentCount\":1,\"publisher\":{\"@id\":\"https:\/\/thomas-ott.net\/home\/#\/schema\/person\/0a142f0a3d76fa4af0513a832379747b\"},\"image\":{\"@id\":\"https:\/\/thomas-ott.net\/home\/?p=18991#primaryimage\"},\"thumbnailUrl\":\"https:\/\/thomas-ott.net\/home\/wp-content\/uploads\/2019\/01\/pub_docheuropa2019.jpg\",\"keywords\":[\"EU\",\"Europa\",\"Regionale Disparit\u00e4ten\",\"Regionalpolitik\"],\"articleSection\":[\"RegDispEU\",\"Vortr\u00e4ge\"],\"inLanguage\":\"de\",\"potentialAction\":[{\"@type\":\"CommentAction\",\"name\":\"Comment\",\"target\":[\"https:\/\/thomas-ott.net\/home\/?p=18991#respond\"]}]},{\"@type\":\"WebPage\",\"@id\":\"https:\/\/thomas-ott.net\/home\/?p=18991\",\"url\":\"https:\/\/thomas-ott.net\/home\/?p=18991\",\"name\":\"Das \u201eEuropa der Regionen\u201c: Entwicklungsunterschiede \u2013 Potentiale \u2013 Perspektiven | The Secret Life of Thomas Ott\",\"isPartOf\":{\"@id\":\"https:\/\/thomas-ott.net\/home\/#website\"},\"primaryImageOfPage\":{\"@id\":\"https:\/\/thomas-ott.net\/home\/?p=18991#primaryimage\"},\"image\":{\"@id\":\"https:\/\/thomas-ott.net\/home\/?p=18991#primaryimage\"},\"thumbnailUrl\":\"https:\/\/thomas-ott.net\/home\/wp-content\/uploads\/2019\/01\/pub_docheuropa2019.jpg\",\"datePublished\":\"2019-01-04T10:50:22+00:00\",\"dateModified\":\"2019-02-26T10:20:09+00:00\",\"breadcrumb\":{\"@id\":\"https:\/\/thomas-ott.net\/home\/?p=18991#breadcrumb\"},\"inLanguage\":\"de\",\"potentialAction\":[{\"@type\":\"ReadAction\",\"target\":[\"https:\/\/thomas-ott.net\/home\/?p=18991\"]}]},{\"@type\":\"ImageObject\",\"inLanguage\":\"de\",\"@id\":\"https:\/\/thomas-ott.net\/home\/?p=18991#primaryimage\",\"url\":\"https:\/\/thomas-ott.net\/home\/wp-content\/uploads\/2019\/01\/pub_docheuropa2019.jpg\",\"contentUrl\":\"https:\/\/thomas-ott.net\/home\/wp-content\/uploads\/2019\/01\/pub_docheuropa2019.jpg\",\"width\":740,\"height\":416},{\"@type\":\"BreadcrumbList\",\"@id\":\"https:\/\/thomas-ott.net\/home\/?p=18991#breadcrumb\",\"itemListElement\":[{\"@type\":\"ListItem\",\"position\":1,\"name\":\"Startseite\",\"item\":\"https:\/\/thomas-ott.net\/home\/\"},{\"@type\":\"ListItem\",\"position\":2,\"name\":\"Das \u201eEuropa der Regionen\u201c: Entwicklungsunterschiede \u2013 Potentiale \u2013 Perspektiven\"}]},{\"@type\":\"WebSite\",\"@id\":\"https:\/\/thomas-ott.net\/home\/#website\",\"url\":\"https:\/\/thomas-ott.net\/home\/\",\"name\":\"The Secret Life of Thomas Ott\",\"description\":\"Website von Dr. Thomas Ott, Weinheim\",\"publisher\":{\"@id\":\"https:\/\/thomas-ott.net\/home\/#\/schema\/person\/0a142f0a3d76fa4af0513a832379747b\"},\"potentialAction\":[{\"@type\":\"SearchAction\",\"target\":{\"@type\":\"EntryPoint\",\"urlTemplate\":\"https:\/\/thomas-ott.net\/home\/?s={search_term_string}\"},\"query-input\":{\"@type\":\"PropertyValueSpecification\",\"valueRequired\":true,\"valueName\":\"search_term_string\"}}],\"inLanguage\":\"de\"},{\"@type\":[\"Person\",\"Organization\"],\"@id\":\"https:\/\/thomas-ott.net\/home\/#\/schema\/person\/0a142f0a3d76fa4af0513a832379747b\",\"name\":\"Thomas Ott\",\"image\":{\"@type\":\"ImageObject\",\"inLanguage\":\"de\",\"@id\":\"https:\/\/thomas-ott.net\/home\/#\/schema\/person\/image\/\",\"url\":\"https:\/\/secure.gravatar.com\/avatar\/984baf04fae50a93f41615cda6dee454fdc8be653bcfd6e45a10e9f54e05505b?s=96&d=mm&r=g\",\"contentUrl\":\"https:\/\/secure.gravatar.com\/avatar\/984baf04fae50a93f41615cda6dee454fdc8be653bcfd6e45a10e9f54e05505b?s=96&d=mm&r=g\",\"caption\":\"Thomas Ott\"},\"logo\":{\"@id\":\"https:\/\/thomas-ott.net\/home\/#\/schema\/person\/image\/\"},\"sameAs\":[\"https:\/\/www.facebook.com\/oagis\",\"https:\/\/www.instagram.com\/thomas_ott_66\/\",\"https:\/\/www.linkedin.com\/in\/oagis\/\",\"https:\/\/x.com\/oagis\"]}]}<\/script>\n<!-- \/ Yoast SEO plugin. -->","yoast_head_json":{"title":"Das \u201eEuropa der Regionen\u201c: Entwicklungsunterschiede \u2013 Potentiale \u2013 Perspektiven | The Secret Life of Thomas Ott","robots":{"index":"index","follow":"follow","max-snippet":"max-snippet:-1","max-image-preview":"max-image-preview:large","max-video-preview":"max-video-preview:-1"},"canonical":"https:\/\/thomas-ott.net\/home\/?p=18991","og_locale":"de_DE","og_type":"article","og_title":"Das \u201eEuropa der Regionen\u201c: Entwicklungsunterschiede \u2013 Potentiale \u2013 Perspektiven | The Secret Life of Thomas Ott","og_description":"Vortrag im Rahmen der Initiative \u201eDoch Europa!\u201c, Volkshochschule Weinheim, 19. Februar 2019, Weinheim Kurzfassung Das \u201eEuropa der Regionen\u201c ist die Bezeichnung f\u00fcr ein f\u00f6deralistisches politisches Konzept, das die Bedeutung der Regionen innerhalb der EU-Mitgliedsl\u00e4nder in ihrer mentalit\u00e4tspr\u00e4genden und identit\u00e4tsstiftenden Rolle betont. Diese Perspektive l\u00e4sst sich als Gegenentwurf zum \u201eEuropa der Vaterl\u00e4nder\u201c verstehen: die Nationalstaaten sind...","og_url":"https:\/\/thomas-ott.net\/home\/?p=18991","og_site_name":"The Secret Life of Thomas Ott","article_publisher":"https:\/\/www.facebook.com\/oagis","article_author":"https:\/\/www.facebook.com\/oagis","article_published_time":"2019-01-04T10:50:22+00:00","article_modified_time":"2019-02-26T10:20:09+00:00","og_image":[{"width":740,"height":416,"url":"https:\/\/thomas-ott.net\/home\/wp-content\/uploads\/2019\/01\/pub_docheuropa2019.jpg","type":"image\/jpeg"}],"author":"Thomas Ott","twitter_card":"summary_large_image","twitter_creator":"@oagis","twitter_site":"@oagis","twitter_misc":{"Verfasst von":"Thomas Ott","Gesch\u00e4tzte Lesezeit":"6\u00a0Minuten"},"schema":{"@context":"https:\/\/schema.org","@graph":[{"@type":"Article","@id":"https:\/\/thomas-ott.net\/home\/?p=18991#article","isPartOf":{"@id":"https:\/\/thomas-ott.net\/home\/?p=18991"},"author":{"name":"Thomas Ott","@id":"https:\/\/thomas-ott.net\/home\/#\/schema\/person\/0a142f0a3d76fa4af0513a832379747b"},"headline":"Das \u201eEuropa der Regionen\u201c: Entwicklungsunterschiede \u2013 Potentiale \u2013 Perspektiven","datePublished":"2019-01-04T10:50:22+00:00","dateModified":"2019-02-26T10:20:09+00:00","mainEntityOfPage":{"@id":"https:\/\/thomas-ott.net\/home\/?p=18991"},"wordCount":1129,"commentCount":1,"publisher":{"@id":"https:\/\/thomas-ott.net\/home\/#\/schema\/person\/0a142f0a3d76fa4af0513a832379747b"},"image":{"@id":"https:\/\/thomas-ott.net\/home\/?p=18991#primaryimage"},"thumbnailUrl":"https:\/\/thomas-ott.net\/home\/wp-content\/uploads\/2019\/01\/pub_docheuropa2019.jpg","keywords":["EU","Europa","Regionale Disparit\u00e4ten","Regionalpolitik"],"articleSection":["RegDispEU","Vortr\u00e4ge"],"inLanguage":"de","potentialAction":[{"@type":"CommentAction","name":"Comment","target":["https:\/\/thomas-ott.net\/home\/?p=18991#respond"]}]},{"@type":"WebPage","@id":"https:\/\/thomas-ott.net\/home\/?p=18991","url":"https:\/\/thomas-ott.net\/home\/?p=18991","name":"Das \u201eEuropa der Regionen\u201c: Entwicklungsunterschiede \u2013 Potentiale \u2013 Perspektiven | The Secret Life of Thomas Ott","isPartOf":{"@id":"https:\/\/thomas-ott.net\/home\/#website"},"primaryImageOfPage":{"@id":"https:\/\/thomas-ott.net\/home\/?p=18991#primaryimage"},"image":{"@id":"https:\/\/thomas-ott.net\/home\/?p=18991#primaryimage"},"thumbnailUrl":"https:\/\/thomas-ott.net\/home\/wp-content\/uploads\/2019\/01\/pub_docheuropa2019.jpg","datePublished":"2019-01-04T10:50:22+00:00","dateModified":"2019-02-26T10:20:09+00:00","breadcrumb":{"@id":"https:\/\/thomas-ott.net\/home\/?p=18991#breadcrumb"},"inLanguage":"de","potentialAction":[{"@type":"ReadAction","target":["https:\/\/thomas-ott.net\/home\/?p=18991"]}]},{"@type":"ImageObject","inLanguage":"de","@id":"https:\/\/thomas-ott.net\/home\/?p=18991#primaryimage","url":"https:\/\/thomas-ott.net\/home\/wp-content\/uploads\/2019\/01\/pub_docheuropa2019.jpg","contentUrl":"https:\/\/thomas-ott.net\/home\/wp-content\/uploads\/2019\/01\/pub_docheuropa2019.jpg","width":740,"height":416},{"@type":"BreadcrumbList","@id":"https:\/\/thomas-ott.net\/home\/?p=18991#breadcrumb","itemListElement":[{"@type":"ListItem","position":1,"name":"Startseite","item":"https:\/\/thomas-ott.net\/home\/"},{"@type":"ListItem","position":2,"name":"Das \u201eEuropa der Regionen\u201c: Entwicklungsunterschiede \u2013 Potentiale \u2013 Perspektiven"}]},{"@type":"WebSite","@id":"https:\/\/thomas-ott.net\/home\/#website","url":"https:\/\/thomas-ott.net\/home\/","name":"The Secret Life of Thomas Ott","description":"Website von Dr. Thomas Ott, Weinheim","publisher":{"@id":"https:\/\/thomas-ott.net\/home\/#\/schema\/person\/0a142f0a3d76fa4af0513a832379747b"},"potentialAction":[{"@type":"SearchAction","target":{"@type":"EntryPoint","urlTemplate":"https:\/\/thomas-ott.net\/home\/?s={search_term_string}"},"query-input":{"@type":"PropertyValueSpecification","valueRequired":true,"valueName":"search_term_string"}}],"inLanguage":"de"},{"@type":["Person","Organization"],"@id":"https:\/\/thomas-ott.net\/home\/#\/schema\/person\/0a142f0a3d76fa4af0513a832379747b","name":"Thomas Ott","image":{"@type":"ImageObject","inLanguage":"de","@id":"https:\/\/thomas-ott.net\/home\/#\/schema\/person\/image\/","url":"https:\/\/secure.gravatar.com\/avatar\/984baf04fae50a93f41615cda6dee454fdc8be653bcfd6e45a10e9f54e05505b?s=96&d=mm&r=g","contentUrl":"https:\/\/secure.gravatar.com\/avatar\/984baf04fae50a93f41615cda6dee454fdc8be653bcfd6e45a10e9f54e05505b?s=96&d=mm&r=g","caption":"Thomas Ott"},"logo":{"@id":"https:\/\/thomas-ott.net\/home\/#\/schema\/person\/image\/"},"sameAs":["https:\/\/www.facebook.com\/oagis","https:\/\/www.instagram.com\/thomas_ott_66\/","https:\/\/www.linkedin.com\/in\/oagis\/","https:\/\/x.com\/oagis"]}]}},"_links":{"self":[{"href":"https:\/\/thomas-ott.net\/home\/index.php?rest_route=\/wp\/v2\/posts\/18991","targetHints":{"allow":["GET"]}}],"collection":[{"href":"https:\/\/thomas-ott.net\/home\/index.php?rest_route=\/wp\/v2\/posts"}],"about":[{"href":"https:\/\/thomas-ott.net\/home\/index.php?rest_route=\/wp\/v2\/types\/post"}],"author":[{"embeddable":true,"href":"https:\/\/thomas-ott.net\/home\/index.php?rest_route=\/wp\/v2\/users\/1"}],"replies":[{"embeddable":true,"href":"https:\/\/thomas-ott.net\/home\/index.php?rest_route=%2Fwp%2Fv2%2Fcomments&post=18991"}],"version-history":[{"count":14,"href":"https:\/\/thomas-ott.net\/home\/index.php?rest_route=\/wp\/v2\/posts\/18991\/revisions"}],"predecessor-version":[{"id":19116,"href":"https:\/\/thomas-ott.net\/home\/index.php?rest_route=\/wp\/v2\/posts\/18991\/revisions\/19116"}],"wp:featuredmedia":[{"embeddable":true,"href":"https:\/\/thomas-ott.net\/home\/index.php?rest_route=\/wp\/v2\/media\/18992"}],"wp:attachment":[{"href":"https:\/\/thomas-ott.net\/home\/index.php?rest_route=%2Fwp%2Fv2%2Fmedia&parent=18991"}],"wp:term":[{"taxonomy":"category","embeddable":true,"href":"https:\/\/thomas-ott.net\/home\/index.php?rest_route=%2Fwp%2Fv2%2Fcategories&post=18991"},{"taxonomy":"post_tag","embeddable":true,"href":"https:\/\/thomas-ott.net\/home\/index.php?rest_route=%2Fwp%2Fv2%2Ftags&post=18991"}],"curies":[{"name":"wp","href":"https:\/\/api.w.org\/{rel}","templated":true}]}}