{"id":129,"date":"2016-10-19T17:23:16","date_gmt":"2016-10-19T17:23:16","guid":{"rendered":"http:\/\/fitness3.mythemecloud.io\/?p=129"},"modified":"2024-04-30T16:14:28","modified_gmt":"2024-04-30T16:14:28","slug":"litora-torqent-per-conubia","status":"publish","type":"post","link":"https:\/\/thomas-ott.net\/2024\/?p=129","title":{"rendered":"Digitale Verwaltung und B\u00fcrgerbeteiligung"},"content":{"rendered":"<p>Die fortschreitende Digitalisierung ist dabei, unsere Gesellschaft und praktisch alle Lebensbereiche tiefgreifend zu ver\u00e4ndern. Sie ist Herausforderung und Chance zugleich. Wir m\u00fcssen die Digitalisierung nutzen, um die st\u00e4dtische Verwaltung und effizienter und zugleich noch b\u00fcrgern\u00e4her zu gestalten. Digitalisierung ist f\u00fcr mich pers\u00f6nlich kein abstrakter Begriff, sondern steter Bestandteil meiner Ausbildungs- und Berufslaufbahn seit Mitte der 1980er Jahre.<\/p>\n<h3>Fehlende Infrastruktur<\/h3>\n<p>Die digitale Infrastruktur in unserer Stadt ist in gro\u00dfen Teilen unzureichend. Zwar wurde die Netzanbindung unserer Schulen und der Gewerbegebiete in den letzten f\u00fcnf Jahren sp\u00fcrbar verbessert, jedoch ist die WLAN-Abdeckung der \u00f6ffentlichen Pl\u00e4tze und st\u00e4dtischen Versammlungsr\u00e4ume weiter als \u201erudiment\u00e4r\u201c zu beschreiben. Leider verweigern sich derzeit auch viele B\u00fcrgerinnen und B\u00fcrger dem w\u00fcnschenswerten Glasfaserausbau. Hier m\u00fcssen Verwaltung und Gemeinderat noch mehr Aufkl\u00e4rungs- und \u00dcberzeugungsarbeit leisten.<\/p>\n<h3>Digitale Modernisierung und Umbau der Verwaltung<\/h3>\n<p>Die Digitalisierung der Verwaltung wird weiter ein dominantes Thema der n\u00e4chsten Jahre sein. Wir m\u00fcssen diesen Prozess weiter beschleunigen und die Verwaltung mit den notwendigen Ressourcen ausstatten. Ausgangspunkt muss eine umfassende Digitalisierungs- und eGovernment-Strategie sein, die an die Stelle der oftmals teuren Insell\u00f6sungen in den einzelnen \u00c4mtern tritt. Als Berater im Hauptausschuss habe ich schon f\u00fcr die Haushaltsberatungen 2018 einen entsprechenden Antrag formuliert, der mit gro\u00dfer Mehrheit angenommen und in Teilen bereits umgesetzt wurde. Ebenfalls auf meine Initiative geht die Einrichtung des Digitalisierungsbeirates zur\u00fcck, der aber noch st\u00e4rker in die strategische Planung einbezogen werden sollte.<\/p>\n<h3>B\u00fcrgerinformationssystem und Beteiligungsportal<\/h3>\n<p>Die Berichterstattung \u00fcber die Gemeinderatssitzungen liegt heute in den H\u00e4nden der traditionellen Printmedien, die die Inhalte und Debatten nur gefiltert und oft mehrere Tage zeitverz\u00f6gert \u2013 viel zu oft auch nur in Form der st\u00e4dtischen Pressemitteilungen \u2013 wiedergeben. Live Postings einzelner Stadtr\u00e4te sind keine sinnvolle Alternative zu einem vollst\u00e4ndigen Livestream aus dem Ratssaal.<\/p>\n<p>Ich m\u00f6chte digitale Technologien nutzen, um die Beteiligungsschwelle f\u00fcr die B\u00fcrgerinnen und B\u00fcrger zu senken. Denn junge Eltern oder au\u00dferhalb von Weinheim Berufst\u00e4tige haben keine M\u00f6glichkeit, mehrmals im Monat vor Ort an Gemeinderats-, Ausschuss- und Fraktionssitzungen am sp\u00e4ten Nachmittag oder fr\u00fchen Abend teilzunehmen.<\/p>\n<p>Das mit gro\u00dfer Versp\u00e4tung eingef\u00fchrte Ratsinformationssystem muss zu einem echten B\u00fcrgerinformationssystem ausgebaut werden. Hinzu muss ein Beteiligungsportal etwa nach dem Vorbild der Stadt Mannheim treten. Nur so k\u00f6nnen wir die B\u00fcrgerschaft fr\u00fch- und rechtzeitig in grundlegende Entscheidungen einbinden. Schon im Kommunalwahlprogramm 2014 habe ich mich f\u00fcr das Livestreaming der Gemeinderatssitzungen eingesetzt, was bislang leider an zu vielen Bedenkentr\u00e4gern gescheitert ist.<br \/>\nDas Amtsblatt der Stadt muss in ein digitales Angebot umgewandelt werden.<\/p>\n<h3>Digital Twin<\/h3>\n<p>Das Fehlen einer ganzheitlichen Digitalisierungsstrategie offenbart sich auch durch zahlreiche Insell\u00f6sungen in den st\u00e4dtischen \u00c4mtern. Es fehlt eine \u00e4mter\u00fcbergreifende Datenplattform, die den Datenaustausch erleichtern und Verwaltungsprozesse erheblich beschleunigen w\u00fcrde. Ziel sollte der Aufbau eines &#8220;digitalen Zwillings&#8221; der Stadt Weinheim sein, also<span style=\"font-size: revert; color: initial;\"> ein virtuelles Abbild von Geb\u00e4uden, Stra\u00dfenz\u00fcgen und ganzen Stadtquartieren und ihrer Umwelt. Zusammen mit den Daten aus den st\u00e4dtischen \u00c4mtern und anderer Quellen wird der digitale Zwilling zu einem wertvollen Planungsinstrument, das jederzeit aktuelle Informationen und Prognosen liefern kann. Die Visualisierung der Daten liefert<\/span> eine verl\u00e4ssliche Unterst\u00fctzung f\u00fcr die B\u00fcrgerbeteiligung und die Entscheidungen des\u00a0 Gemeinderates, etwa zur Verbesserung der Mobilit\u00e4tsstr\u00f6me, zur Einhaltung von Klimazielen, der Erschlie\u00dfung von neuen Baugebieten oder der Umsetzung von Sicherheitskonzepten.<\/p>\n","protected":false},"excerpt":{"rendered":"<p>Die fortschreitende Digitalisierung ist dabei, unsere Gesellschaft und praktisch alle Lebensbereiche tiefgreifend zu ver\u00e4ndern. Wir m\u00fcssen die Digitalisierung nutzen, um die st\u00e4dtische Verwaltung und effizienter und zugleich noch b\u00fcrgern\u00e4her zu gestalten. Digitalisierung ist f\u00fcr mich pers\u00f6nlich kein abstrakter Begriff, sondern steter Bestandteil meiner Ausbildungs- und Berufslaufbahn seit Mitte der 1980er Jahre.<a href=\"https:\/\/thomas-ott.net\/2024\/?p=129\"><b> weiterlesen&#8230;<\/b><\/a><\/p>\n","protected":false},"author":1,"featured_media":1538,"comment_status":"closed","ping_status":"closed","sticky":false,"template":"","format":"standard","meta":{"footnotes":""},"categories":[19],"tags":[],"class_list":["post-129","post","type-post","status-publish","format-standard","has-post-thumbnail","hentry","category-standpunkte"],"yoast_head":"<!-- This site is optimized with the Yoast SEO plugin v22.4 - https:\/\/yoast.com\/wordpress\/plugins\/seo\/ -->\n<title>Digitale Verwaltung und B\u00fcrgerbeteiligung - Dr. Thomas Ott<\/title>\n<meta name=\"robots\" content=\"index, follow, max-snippet:-1, max-image-preview:large, max-video-preview:-1\" \/>\n<link rel=\"canonical\" href=\"https:\/\/thomas-ott.net\/2024\/?p=129\" \/>\n<meta property=\"og:locale\" content=\"de_DE\" \/>\n<meta property=\"og:type\" content=\"article\" \/>\n<meta property=\"og:title\" content=\"Digitale Verwaltung und B\u00fcrgerbeteiligung - Dr. Thomas Ott\" \/>\n<meta property=\"og:description\" content=\"Die fortschreitende Digitalisierung ist dabei, unsere Gesellschaft und praktisch alle Lebensbereiche tiefgreifend zu ver\u00e4ndern. Wir m\u00fcssen die Digitalisierung nutzen, um die st\u00e4dtische Verwaltung und effizienter und zugleich noch b\u00fcrgern\u00e4her zu gestalten. Digitalisierung ist f\u00fcr mich pers\u00f6nlich kein abstrakter Begriff, sondern steter Bestandteil meiner Ausbildungs- und Berufslaufbahn seit Mitte der 1980er Jahre. weiterlesen...\" \/>\n<meta property=\"og:url\" content=\"https:\/\/thomas-ott.net\/2024\/?p=129\" \/>\n<meta property=\"og:site_name\" content=\"Dr. Thomas Ott\" \/>\n<meta property=\"article:published_time\" content=\"2016-10-19T17:23:16+00:00\" \/>\n<meta property=\"article:modified_time\" content=\"2024-04-30T16:14:28+00:00\" \/>\n<meta property=\"og:image\" content=\"https:\/\/thomas-ott.net\/2024\/wp-content\/uploads\/2016\/10\/smartphone-5231499_1280.jpg\" \/>\n\t<meta property=\"og:image:width\" content=\"1280\" \/>\n\t<meta property=\"og:image:height\" content=\"720\" \/>\n\t<meta property=\"og:image:type\" content=\"image\/jpeg\" \/>\n<meta name=\"author\" content=\"admin\" \/>\n<meta name=\"twitter:card\" content=\"summary_large_image\" \/>\n<meta name=\"twitter:label1\" content=\"Verfasst von\" \/>\n\t<meta name=\"twitter:data1\" content=\"admin\" \/>\n\t<meta name=\"twitter:label2\" content=\"Gesch\u00e4tzte Lesezeit\" \/>\n\t<meta name=\"twitter:data2\" content=\"4\u00a0Minuten\" \/>\n<script type=\"application\/ld+json\" class=\"yoast-schema-graph\">{\"@context\":\"https:\/\/schema.org\",\"@graph\":[{\"@type\":\"Article\",\"@id\":\"https:\/\/thomas-ott.net\/2024\/?p=129#article\",\"isPartOf\":{\"@id\":\"https:\/\/thomas-ott.net\/2024\/?p=129\"},\"author\":{\"name\":\"admin\",\"@id\":\"https:\/\/thomas-ott.net\/2024\/#\/schema\/person\/79251d4dc8c45c758822d9389e160812\"},\"headline\":\"Digitale Verwaltung und B\u00fcrgerbeteiligung\",\"datePublished\":\"2016-10-19T17:23:16+00:00\",\"dateModified\":\"2024-04-30T16:14:28+00:00\",\"mainEntityOfPage\":{\"@id\":\"https:\/\/thomas-ott.net\/2024\/?p=129\"},\"wordCount\":578,\"publisher\":{\"@id\":\"https:\/\/thomas-ott.net\/2024\/#organization\"},\"image\":{\"@id\":\"https:\/\/thomas-ott.net\/2024\/?p=129#primaryimage\"},\"thumbnailUrl\":\"https:\/\/thomas-ott.net\/2024\/wp-content\/uploads\/2016\/10\/smartphone-5231499_1280.jpg\",\"articleSection\":[\"Standpunkte\"],\"inLanguage\":\"de\"},{\"@type\":\"WebPage\",\"@id\":\"https:\/\/thomas-ott.net\/2024\/?p=129\",\"url\":\"https:\/\/thomas-ott.net\/2024\/?p=129\",\"name\":\"Digitale Verwaltung und B\u00fcrgerbeteiligung - Dr. Thomas Ott\",\"isPartOf\":{\"@id\":\"https:\/\/thomas-ott.net\/2024\/#website\"},\"primaryImageOfPage\":{\"@id\":\"https:\/\/thomas-ott.net\/2024\/?p=129#primaryimage\"},\"image\":{\"@id\":\"https:\/\/thomas-ott.net\/2024\/?p=129#primaryimage\"},\"thumbnailUrl\":\"https:\/\/thomas-ott.net\/2024\/wp-content\/uploads\/2016\/10\/smartphone-5231499_1280.jpg\",\"datePublished\":\"2016-10-19T17:23:16+00:00\",\"dateModified\":\"2024-04-30T16:14:28+00:00\",\"breadcrumb\":{\"@id\":\"https:\/\/thomas-ott.net\/2024\/?p=129#breadcrumb\"},\"inLanguage\":\"de\",\"potentialAction\":[{\"@type\":\"ReadAction\",\"target\":[\"https:\/\/thomas-ott.net\/2024\/?p=129\"]}]},{\"@type\":\"ImageObject\",\"inLanguage\":\"de\",\"@id\":\"https:\/\/thomas-ott.net\/2024\/?p=129#primaryimage\",\"url\":\"https:\/\/thomas-ott.net\/2024\/wp-content\/uploads\/2016\/10\/smartphone-5231499_1280.jpg\",\"contentUrl\":\"https:\/\/thomas-ott.net\/2024\/wp-content\/uploads\/2016\/10\/smartphone-5231499_1280.jpg\",\"width\":1280,\"height\":720},{\"@type\":\"BreadcrumbList\",\"@id\":\"https:\/\/thomas-ott.net\/2024\/?p=129#breadcrumb\",\"itemListElement\":[{\"@type\":\"ListItem\",\"position\":1,\"name\":\"Startseite\",\"item\":\"https:\/\/thomas-ott.net\/2024\/\"},{\"@type\":\"ListItem\",\"position\":2,\"name\":\"Digitale Verwaltung und B\u00fcrgerbeteiligung\"}]},{\"@type\":\"WebSite\",\"@id\":\"https:\/\/thomas-ott.net\/2024\/#website\",\"url\":\"https:\/\/thomas-ott.net\/2024\/\",\"name\":\"Dr. Thomas Ott\",\"description\":\"Kommunalwahl 2024\",\"publisher\":{\"@id\":\"https:\/\/thomas-ott.net\/2024\/#organization\"},\"potentialAction\":[{\"@type\":\"SearchAction\",\"target\":{\"@type\":\"EntryPoint\",\"urlTemplate\":\"https:\/\/thomas-ott.net\/2024\/?s={search_term_string}\"},\"query-input\":\"required name=search_term_string\"}],\"inLanguage\":\"de\"},{\"@type\":\"Organization\",\"@id\":\"https:\/\/thomas-ott.net\/2024\/#organization\",\"name\":\"Dr. Thomas Ott\",\"url\":\"https:\/\/thomas-ott.net\/2024\/\",\"logo\":{\"@type\":\"ImageObject\",\"inLanguage\":\"de\",\"@id\":\"https:\/\/thomas-ott.net\/2024\/#\/schema\/logo\/image\/\",\"url\":\"https:\/\/thomas-ott.net\/2024\/wp-content\/uploads\/2024\/04\/cropped-logo-web.png\",\"contentUrl\":\"https:\/\/thomas-ott.net\/2024\/wp-content\/uploads\/2024\/04\/cropped-logo-web.png\",\"width\":663,\"height\":290,\"caption\":\"Dr. Thomas Ott\"},\"image\":{\"@id\":\"https:\/\/thomas-ott.net\/2024\/#\/schema\/logo\/image\/\"}},{\"@type\":\"Person\",\"@id\":\"https:\/\/thomas-ott.net\/2024\/#\/schema\/person\/79251d4dc8c45c758822d9389e160812\",\"name\":\"admin\",\"image\":{\"@type\":\"ImageObject\",\"inLanguage\":\"de\",\"@id\":\"https:\/\/thomas-ott.net\/2024\/#\/schema\/person\/image\/\",\"url\":\"https:\/\/secure.gravatar.com\/avatar\/984baf04fae50a93f41615cda6dee454fdc8be653bcfd6e45a10e9f54e05505b?s=96&d=mm&r=g\",\"contentUrl\":\"https:\/\/secure.gravatar.com\/avatar\/984baf04fae50a93f41615cda6dee454fdc8be653bcfd6e45a10e9f54e05505b?s=96&d=mm&r=g\",\"caption\":\"admin\"},\"sameAs\":[\"https:\/\/thomas-ott.net\/2024\"],\"url\":\"https:\/\/thomas-ott.net\/2024\/?author=1\"}]}<\/script>\n<!-- \/ Yoast SEO plugin. -->","yoast_head_json":{"title":"Digitale Verwaltung und B\u00fcrgerbeteiligung - Dr. Thomas Ott","robots":{"index":"index","follow":"follow","max-snippet":"max-snippet:-1","max-image-preview":"max-image-preview:large","max-video-preview":"max-video-preview:-1"},"canonical":"https:\/\/thomas-ott.net\/2024\/?p=129","og_locale":"de_DE","og_type":"article","og_title":"Digitale Verwaltung und B\u00fcrgerbeteiligung - Dr. Thomas Ott","og_description":"Die fortschreitende Digitalisierung ist dabei, unsere Gesellschaft und praktisch alle Lebensbereiche tiefgreifend zu ver\u00e4ndern. Wir m\u00fcssen die Digitalisierung nutzen, um die st\u00e4dtische Verwaltung und effizienter und zugleich noch b\u00fcrgern\u00e4her zu gestalten. Digitalisierung ist f\u00fcr mich pers\u00f6nlich kein abstrakter Begriff, sondern steter Bestandteil meiner Ausbildungs- und Berufslaufbahn seit Mitte der 1980er Jahre. weiterlesen...","og_url":"https:\/\/thomas-ott.net\/2024\/?p=129","og_site_name":"Dr. Thomas Ott","article_published_time":"2016-10-19T17:23:16+00:00","article_modified_time":"2024-04-30T16:14:28+00:00","og_image":[{"width":1280,"height":720,"url":"https:\/\/thomas-ott.net\/2024\/wp-content\/uploads\/2016\/10\/smartphone-5231499_1280.jpg","type":"image\/jpeg"}],"author":"admin","twitter_card":"summary_large_image","twitter_misc":{"Verfasst von":"admin","Gesch\u00e4tzte Lesezeit":"4\u00a0Minuten"},"schema":{"@context":"https:\/\/schema.org","@graph":[{"@type":"Article","@id":"https:\/\/thomas-ott.net\/2024\/?p=129#article","isPartOf":{"@id":"https:\/\/thomas-ott.net\/2024\/?p=129"},"author":{"name":"admin","@id":"https:\/\/thomas-ott.net\/2024\/#\/schema\/person\/79251d4dc8c45c758822d9389e160812"},"headline":"Digitale Verwaltung und B\u00fcrgerbeteiligung","datePublished":"2016-10-19T17:23:16+00:00","dateModified":"2024-04-30T16:14:28+00:00","mainEntityOfPage":{"@id":"https:\/\/thomas-ott.net\/2024\/?p=129"},"wordCount":578,"publisher":{"@id":"https:\/\/thomas-ott.net\/2024\/#organization"},"image":{"@id":"https:\/\/thomas-ott.net\/2024\/?p=129#primaryimage"},"thumbnailUrl":"https:\/\/thomas-ott.net\/2024\/wp-content\/uploads\/2016\/10\/smartphone-5231499_1280.jpg","articleSection":["Standpunkte"],"inLanguage":"de"},{"@type":"WebPage","@id":"https:\/\/thomas-ott.net\/2024\/?p=129","url":"https:\/\/thomas-ott.net\/2024\/?p=129","name":"Digitale Verwaltung und B\u00fcrgerbeteiligung - Dr. Thomas Ott","isPartOf":{"@id":"https:\/\/thomas-ott.net\/2024\/#website"},"primaryImageOfPage":{"@id":"https:\/\/thomas-ott.net\/2024\/?p=129#primaryimage"},"image":{"@id":"https:\/\/thomas-ott.net\/2024\/?p=129#primaryimage"},"thumbnailUrl":"https:\/\/thomas-ott.net\/2024\/wp-content\/uploads\/2016\/10\/smartphone-5231499_1280.jpg","datePublished":"2016-10-19T17:23:16+00:00","dateModified":"2024-04-30T16:14:28+00:00","breadcrumb":{"@id":"https:\/\/thomas-ott.net\/2024\/?p=129#breadcrumb"},"inLanguage":"de","potentialAction":[{"@type":"ReadAction","target":["https:\/\/thomas-ott.net\/2024\/?p=129"]}]},{"@type":"ImageObject","inLanguage":"de","@id":"https:\/\/thomas-ott.net\/2024\/?p=129#primaryimage","url":"https:\/\/thomas-ott.net\/2024\/wp-content\/uploads\/2016\/10\/smartphone-5231499_1280.jpg","contentUrl":"https:\/\/thomas-ott.net\/2024\/wp-content\/uploads\/2016\/10\/smartphone-5231499_1280.jpg","width":1280,"height":720},{"@type":"BreadcrumbList","@id":"https:\/\/thomas-ott.net\/2024\/?p=129#breadcrumb","itemListElement":[{"@type":"ListItem","position":1,"name":"Startseite","item":"https:\/\/thomas-ott.net\/2024\/"},{"@type":"ListItem","position":2,"name":"Digitale Verwaltung und B\u00fcrgerbeteiligung"}]},{"@type":"WebSite","@id":"https:\/\/thomas-ott.net\/2024\/#website","url":"https:\/\/thomas-ott.net\/2024\/","name":"Dr. Thomas Ott","description":"Kommunalwahl 2024","publisher":{"@id":"https:\/\/thomas-ott.net\/2024\/#organization"},"potentialAction":[{"@type":"SearchAction","target":{"@type":"EntryPoint","urlTemplate":"https:\/\/thomas-ott.net\/2024\/?s={search_term_string}"},"query-input":"required name=search_term_string"}],"inLanguage":"de"},{"@type":"Organization","@id":"https:\/\/thomas-ott.net\/2024\/#organization","name":"Dr. Thomas Ott","url":"https:\/\/thomas-ott.net\/2024\/","logo":{"@type":"ImageObject","inLanguage":"de","@id":"https:\/\/thomas-ott.net\/2024\/#\/schema\/logo\/image\/","url":"https:\/\/thomas-ott.net\/2024\/wp-content\/uploads\/2024\/04\/cropped-logo-web.png","contentUrl":"https:\/\/thomas-ott.net\/2024\/wp-content\/uploads\/2024\/04\/cropped-logo-web.png","width":663,"height":290,"caption":"Dr. Thomas Ott"},"image":{"@id":"https:\/\/thomas-ott.net\/2024\/#\/schema\/logo\/image\/"}},{"@type":"Person","@id":"https:\/\/thomas-ott.net\/2024\/#\/schema\/person\/79251d4dc8c45c758822d9389e160812","name":"admin","image":{"@type":"ImageObject","inLanguage":"de","@id":"https:\/\/thomas-ott.net\/2024\/#\/schema\/person\/image\/","url":"https:\/\/secure.gravatar.com\/avatar\/984baf04fae50a93f41615cda6dee454fdc8be653bcfd6e45a10e9f54e05505b?s=96&d=mm&r=g","contentUrl":"https:\/\/secure.gravatar.com\/avatar\/984baf04fae50a93f41615cda6dee454fdc8be653bcfd6e45a10e9f54e05505b?s=96&d=mm&r=g","caption":"admin"},"sameAs":["https:\/\/thomas-ott.net\/2024"],"url":"https:\/\/thomas-ott.net\/2024\/?author=1"}]}},"_links":{"self":[{"href":"https:\/\/thomas-ott.net\/2024\/index.php?rest_route=\/wp\/v2\/posts\/129","targetHints":{"allow":["GET"]}}],"collection":[{"href":"https:\/\/thomas-ott.net\/2024\/index.php?rest_route=\/wp\/v2\/posts"}],"about":[{"href":"https:\/\/thomas-ott.net\/2024\/index.php?rest_route=\/wp\/v2\/types\/post"}],"author":[{"embeddable":true,"href":"https:\/\/thomas-ott.net\/2024\/index.php?rest_route=\/wp\/v2\/users\/1"}],"replies":[{"embeddable":true,"href":"https:\/\/thomas-ott.net\/2024\/index.php?rest_route=%2Fwp%2Fv2%2Fcomments&post=129"}],"version-history":[{"count":7,"href":"https:\/\/thomas-ott.net\/2024\/index.php?rest_route=\/wp\/v2\/posts\/129\/revisions"}],"predecessor-version":[{"id":1627,"href":"https:\/\/thomas-ott.net\/2024\/index.php?rest_route=\/wp\/v2\/posts\/129\/revisions\/1627"}],"wp:featuredmedia":[{"embeddable":true,"href":"https:\/\/thomas-ott.net\/2024\/index.php?rest_route=\/wp\/v2\/media\/1538"}],"wp:attachment":[{"href":"https:\/\/thomas-ott.net\/2024\/index.php?rest_route=%2Fwp%2Fv2%2Fmedia&parent=129"}],"wp:term":[{"taxonomy":"category","embeddable":true,"href":"https:\/\/thomas-ott.net\/2024\/index.php?rest_route=%2Fwp%2Fv2%2Fcategories&post=129"},{"taxonomy":"post_tag","embeddable":true,"href":"https:\/\/thomas-ott.net\/2024\/index.php?rest_route=%2Fwp%2Fv2%2Ftags&post=129"}],"curies":[{"name":"wp","href":"https:\/\/api.w.org\/{rel}","templated":true}]}}