{"id":127,"date":"2016-10-19T17:23:49","date_gmt":"2016-10-19T17:23:49","guid":{"rendered":"http:\/\/fitness3.mythemecloud.io\/?p=127"},"modified":"2024-04-30T13:26:09","modified_gmt":"2024-04-30T13:26:09","slug":"neque-adipiscing-an-cursus","status":"publish","type":"post","link":"https:\/\/thomas-ott.net\/2024\/?p=127","title":{"rendered":"Kinder- und Jugendf\u00f6rderung, Schulen"},"content":{"rendered":"<p>Bis Ende 2023 war ich mehrere Jahre Mitglied des Jugendhilfeausschusses bzw. nach Abgabe der Jugendhilfe an den Rhein-Neckar-Kreis des Kinder- und Jugendbeirates der Stadt Weinheim. Zusammen mit den anderen Fraktionen haben wir dort umfangreiche Investitionen in die Ausweitung der Kinderbetreuung in Krippen, Tagespflegestellen, Kinderg\u00e4rten und Kindertagesst\u00e4tten, Grundschulen und Sch\u00fclerhorten empfohlen.<\/p>\n<p>Ich m\u00f6chte weiter zum Erfolg der \u201eWeinheimer Bildungskette\u201c beitragen und den Bildungsstandort Weinheim dauerhaft st\u00e4rken. Die Budgets f\u00fcr Sachmittel, Reinigung und Sekretariate der Kinderg\u00e4rten und Schulen m\u00fcssen den realen Bed\u00fcrfnissen entsprechen. Die Raumsituation muss an neue Unterrichtskonzepte und die Erfordernisse der Inklusion angepasst werden. Die Schulen brauchen eine bessere Internetanbindung und eine zeitgem\u00e4\u00dfe Ausstattung mit Hard- und Software.<\/p>\n<p>Ich unterst\u00fctze das Konzept der Ganztagsschule. Neben p\u00e4dagogischen Aspekten ist sie ein wichtiger Beitrag zur besseren Vereinbarkeit von Familie und Beruf. In gebundener Form br\u00e4chte sie auch eine deutliche finanzielle Entlastung des st\u00e4dtischen Haushalts mit sich. Sollte sich eine unserer Grundschulen f\u00fcr die gebundene Form der Ganztagsschule entscheiden, muss im Gegenzug sichergestellt werden, dass Schulbezirkswechsel unb\u00fcrokratisch m\u00f6glich sind. Dies muss auch f\u00fcr den Fall gelten, wenn Eltern aus anderen Schulbezirken ihr Kind gerne in einer gebundenen Ganztagsschule anmelden wollen.<\/p>\n","protected":false},"excerpt":{"rendered":"<p>Bis Ende 2023 war ich mehrere Jahre Mitglied des Jugendhilfeausschusses bzw. nach Abgabe der Jugendhilfe an den Rhein-Neckar-Kreis des Kinder- und Jugendbeirates der Stadt Weinheim. Zusammen mit den anderen Fraktionen haben wir dort umfangreiche Investitionen in die Ausweitung der Kinderbetreuung in Krippen, Tagespflegestellen, Kinderg\u00e4rten und Kindertagesst\u00e4tten, Grundschulen und Sch\u00fclerhorten empfohlen. <a href=\"https:\/\/thomas-ott.net\/2024\/?p=127\"><b>weiterlesen&#8230;<\/b><\/a><\/p>\n","protected":false},"author":1,"featured_media":1517,"comment_status":"closed","ping_status":"closed","sticky":false,"template":"","format":"standard","meta":{"footnotes":""},"categories":[19],"tags":[],"class_list":["post-127","post","type-post","status-publish","format-standard","has-post-thumbnail","hentry","category-standpunkte"],"yoast_head":"<!-- This site is optimized with the Yoast SEO plugin v22.4 - https:\/\/yoast.com\/wordpress\/plugins\/seo\/ -->\n<title>Kinder- und Jugendf\u00f6rderung, Schulen - Dr. Thomas Ott<\/title>\n<meta name=\"robots\" content=\"index, follow, max-snippet:-1, max-image-preview:large, max-video-preview:-1\" \/>\n<link rel=\"canonical\" href=\"https:\/\/thomas-ott.net\/2024\/?p=127\" \/>\n<meta property=\"og:locale\" content=\"de_DE\" \/>\n<meta property=\"og:type\" content=\"article\" \/>\n<meta property=\"og:title\" content=\"Kinder- und Jugendf\u00f6rderung, Schulen - Dr. Thomas Ott\" \/>\n<meta property=\"og:description\" content=\"Bis Ende 2023 war ich mehrere Jahre Mitglied des Jugendhilfeausschusses bzw. nach Abgabe der Jugendhilfe an den Rhein-Neckar-Kreis des Kinder- und Jugendbeirates der Stadt Weinheim. Zusammen mit den anderen Fraktionen haben wir dort umfangreiche Investitionen in die Ausweitung der Kinderbetreuung in Krippen, Tagespflegestellen, Kinderg\u00e4rten und Kindertagesst\u00e4tten, Grundschulen und Sch\u00fclerhorten empfohlen. weiterlesen...\" \/>\n<meta property=\"og:url\" content=\"https:\/\/thomas-ott.net\/2024\/?p=127\" \/>\n<meta property=\"og:site_name\" content=\"Dr. Thomas Ott\" \/>\n<meta property=\"article:published_time\" content=\"2016-10-19T17:23:49+00:00\" \/>\n<meta property=\"article:modified_time\" content=\"2024-04-30T13:26:09+00:00\" \/>\n<meta property=\"og:image\" content=\"https:\/\/thomas-ott.net\/2024\/wp-content\/uploads\/2016\/10\/Sommertag1.jpg\" \/>\n\t<meta property=\"og:image:width\" content=\"2000\" \/>\n\t<meta property=\"og:image:height\" content=\"1500\" \/>\n\t<meta property=\"og:image:type\" content=\"image\/jpeg\" \/>\n<meta name=\"author\" content=\"admin\" \/>\n<meta name=\"twitter:card\" content=\"summary_large_image\" \/>\n<meta name=\"twitter:label1\" content=\"Verfasst von\" \/>\n\t<meta name=\"twitter:data1\" content=\"admin\" \/>\n\t<meta name=\"twitter:label2\" content=\"Gesch\u00e4tzte Lesezeit\" \/>\n\t<meta name=\"twitter:data2\" content=\"2\u00a0Minuten\" \/>\n<script type=\"application\/ld+json\" class=\"yoast-schema-graph\">{\"@context\":\"https:\/\/schema.org\",\"@graph\":[{\"@type\":\"Article\",\"@id\":\"https:\/\/thomas-ott.net\/2024\/?p=127#article\",\"isPartOf\":{\"@id\":\"https:\/\/thomas-ott.net\/2024\/?p=127\"},\"author\":{\"name\":\"admin\",\"@id\":\"https:\/\/thomas-ott.net\/2024\/#\/schema\/person\/79251d4dc8c45c758822d9389e160812\"},\"headline\":\"Kinder- und Jugendf\u00f6rderung, Schulen\",\"datePublished\":\"2016-10-19T17:23:49+00:00\",\"dateModified\":\"2024-04-30T13:26:09+00:00\",\"mainEntityOfPage\":{\"@id\":\"https:\/\/thomas-ott.net\/2024\/?p=127\"},\"wordCount\":209,\"publisher\":{\"@id\":\"https:\/\/thomas-ott.net\/2024\/#organization\"},\"image\":{\"@id\":\"https:\/\/thomas-ott.net\/2024\/?p=127#primaryimage\"},\"thumbnailUrl\":\"https:\/\/thomas-ott.net\/2024\/wp-content\/uploads\/2016\/10\/Sommertag1.jpg\",\"articleSection\":[\"Standpunkte\"],\"inLanguage\":\"de\"},{\"@type\":\"WebPage\",\"@id\":\"https:\/\/thomas-ott.net\/2024\/?p=127\",\"url\":\"https:\/\/thomas-ott.net\/2024\/?p=127\",\"name\":\"Kinder- und Jugendf\u00f6rderung, Schulen - Dr. Thomas Ott\",\"isPartOf\":{\"@id\":\"https:\/\/thomas-ott.net\/2024\/#website\"},\"primaryImageOfPage\":{\"@id\":\"https:\/\/thomas-ott.net\/2024\/?p=127#primaryimage\"},\"image\":{\"@id\":\"https:\/\/thomas-ott.net\/2024\/?p=127#primaryimage\"},\"thumbnailUrl\":\"https:\/\/thomas-ott.net\/2024\/wp-content\/uploads\/2016\/10\/Sommertag1.jpg\",\"datePublished\":\"2016-10-19T17:23:49+00:00\",\"dateModified\":\"2024-04-30T13:26:09+00:00\",\"breadcrumb\":{\"@id\":\"https:\/\/thomas-ott.net\/2024\/?p=127#breadcrumb\"},\"inLanguage\":\"de\",\"potentialAction\":[{\"@type\":\"ReadAction\",\"target\":[\"https:\/\/thomas-ott.net\/2024\/?p=127\"]}]},{\"@type\":\"ImageObject\",\"inLanguage\":\"de\",\"@id\":\"https:\/\/thomas-ott.net\/2024\/?p=127#primaryimage\",\"url\":\"https:\/\/thomas-ott.net\/2024\/wp-content\/uploads\/2016\/10\/Sommertag1.jpg\",\"contentUrl\":\"https:\/\/thomas-ott.net\/2024\/wp-content\/uploads\/2016\/10\/Sommertag1.jpg\",\"width\":2000,\"height\":1500},{\"@type\":\"BreadcrumbList\",\"@id\":\"https:\/\/thomas-ott.net\/2024\/?p=127#breadcrumb\",\"itemListElement\":[{\"@type\":\"ListItem\",\"position\":1,\"name\":\"Startseite\",\"item\":\"https:\/\/thomas-ott.net\/2024\/\"},{\"@type\":\"ListItem\",\"position\":2,\"name\":\"Kinder- und Jugendf\u00f6rderung, Schulen\"}]},{\"@type\":\"WebSite\",\"@id\":\"https:\/\/thomas-ott.net\/2024\/#website\",\"url\":\"https:\/\/thomas-ott.net\/2024\/\",\"name\":\"Dr. Thomas Ott\",\"description\":\"Kommunalwahl 2024\",\"publisher\":{\"@id\":\"https:\/\/thomas-ott.net\/2024\/#organization\"},\"potentialAction\":[{\"@type\":\"SearchAction\",\"target\":{\"@type\":\"EntryPoint\",\"urlTemplate\":\"https:\/\/thomas-ott.net\/2024\/?s={search_term_string}\"},\"query-input\":\"required name=search_term_string\"}],\"inLanguage\":\"de\"},{\"@type\":\"Organization\",\"@id\":\"https:\/\/thomas-ott.net\/2024\/#organization\",\"name\":\"Dr. Thomas Ott\",\"url\":\"https:\/\/thomas-ott.net\/2024\/\",\"logo\":{\"@type\":\"ImageObject\",\"inLanguage\":\"de\",\"@id\":\"https:\/\/thomas-ott.net\/2024\/#\/schema\/logo\/image\/\",\"url\":\"https:\/\/thomas-ott.net\/2024\/wp-content\/uploads\/2024\/04\/cropped-logo-web.png\",\"contentUrl\":\"https:\/\/thomas-ott.net\/2024\/wp-content\/uploads\/2024\/04\/cropped-logo-web.png\",\"width\":663,\"height\":290,\"caption\":\"Dr. Thomas Ott\"},\"image\":{\"@id\":\"https:\/\/thomas-ott.net\/2024\/#\/schema\/logo\/image\/\"}},{\"@type\":\"Person\",\"@id\":\"https:\/\/thomas-ott.net\/2024\/#\/schema\/person\/79251d4dc8c45c758822d9389e160812\",\"name\":\"admin\",\"image\":{\"@type\":\"ImageObject\",\"inLanguage\":\"de\",\"@id\":\"https:\/\/thomas-ott.net\/2024\/#\/schema\/person\/image\/\",\"url\":\"https:\/\/secure.gravatar.com\/avatar\/984baf04fae50a93f41615cda6dee454fdc8be653bcfd6e45a10e9f54e05505b?s=96&d=mm&r=g\",\"contentUrl\":\"https:\/\/secure.gravatar.com\/avatar\/984baf04fae50a93f41615cda6dee454fdc8be653bcfd6e45a10e9f54e05505b?s=96&d=mm&r=g\",\"caption\":\"admin\"},\"sameAs\":[\"https:\/\/thomas-ott.net\/2024\"],\"url\":\"https:\/\/thomas-ott.net\/2024\/?author=1\"}]}<\/script>\n<!-- \/ Yoast SEO plugin. -->","yoast_head_json":{"title":"Kinder- und Jugendf\u00f6rderung, Schulen - Dr. Thomas Ott","robots":{"index":"index","follow":"follow","max-snippet":"max-snippet:-1","max-image-preview":"max-image-preview:large","max-video-preview":"max-video-preview:-1"},"canonical":"https:\/\/thomas-ott.net\/2024\/?p=127","og_locale":"de_DE","og_type":"article","og_title":"Kinder- und Jugendf\u00f6rderung, Schulen - Dr. Thomas Ott","og_description":"Bis Ende 2023 war ich mehrere Jahre Mitglied des Jugendhilfeausschusses bzw. nach Abgabe der Jugendhilfe an den Rhein-Neckar-Kreis des Kinder- und Jugendbeirates der Stadt Weinheim. Zusammen mit den anderen Fraktionen haben wir dort umfangreiche Investitionen in die Ausweitung der Kinderbetreuung in Krippen, Tagespflegestellen, Kinderg\u00e4rten und Kindertagesst\u00e4tten, Grundschulen und Sch\u00fclerhorten empfohlen. weiterlesen...","og_url":"https:\/\/thomas-ott.net\/2024\/?p=127","og_site_name":"Dr. Thomas Ott","article_published_time":"2016-10-19T17:23:49+00:00","article_modified_time":"2024-04-30T13:26:09+00:00","og_image":[{"width":2000,"height":1500,"url":"https:\/\/thomas-ott.net\/2024\/wp-content\/uploads\/2016\/10\/Sommertag1.jpg","type":"image\/jpeg"}],"author":"admin","twitter_card":"summary_large_image","twitter_misc":{"Verfasst von":"admin","Gesch\u00e4tzte Lesezeit":"2\u00a0Minuten"},"schema":{"@context":"https:\/\/schema.org","@graph":[{"@type":"Article","@id":"https:\/\/thomas-ott.net\/2024\/?p=127#article","isPartOf":{"@id":"https:\/\/thomas-ott.net\/2024\/?p=127"},"author":{"name":"admin","@id":"https:\/\/thomas-ott.net\/2024\/#\/schema\/person\/79251d4dc8c45c758822d9389e160812"},"headline":"Kinder- und Jugendf\u00f6rderung, Schulen","datePublished":"2016-10-19T17:23:49+00:00","dateModified":"2024-04-30T13:26:09+00:00","mainEntityOfPage":{"@id":"https:\/\/thomas-ott.net\/2024\/?p=127"},"wordCount":209,"publisher":{"@id":"https:\/\/thomas-ott.net\/2024\/#organization"},"image":{"@id":"https:\/\/thomas-ott.net\/2024\/?p=127#primaryimage"},"thumbnailUrl":"https:\/\/thomas-ott.net\/2024\/wp-content\/uploads\/2016\/10\/Sommertag1.jpg","articleSection":["Standpunkte"],"inLanguage":"de"},{"@type":"WebPage","@id":"https:\/\/thomas-ott.net\/2024\/?p=127","url":"https:\/\/thomas-ott.net\/2024\/?p=127","name":"Kinder- und Jugendf\u00f6rderung, Schulen - Dr. Thomas Ott","isPartOf":{"@id":"https:\/\/thomas-ott.net\/2024\/#website"},"primaryImageOfPage":{"@id":"https:\/\/thomas-ott.net\/2024\/?p=127#primaryimage"},"image":{"@id":"https:\/\/thomas-ott.net\/2024\/?p=127#primaryimage"},"thumbnailUrl":"https:\/\/thomas-ott.net\/2024\/wp-content\/uploads\/2016\/10\/Sommertag1.jpg","datePublished":"2016-10-19T17:23:49+00:00","dateModified":"2024-04-30T13:26:09+00:00","breadcrumb":{"@id":"https:\/\/thomas-ott.net\/2024\/?p=127#breadcrumb"},"inLanguage":"de","potentialAction":[{"@type":"ReadAction","target":["https:\/\/thomas-ott.net\/2024\/?p=127"]}]},{"@type":"ImageObject","inLanguage":"de","@id":"https:\/\/thomas-ott.net\/2024\/?p=127#primaryimage","url":"https:\/\/thomas-ott.net\/2024\/wp-content\/uploads\/2016\/10\/Sommertag1.jpg","contentUrl":"https:\/\/thomas-ott.net\/2024\/wp-content\/uploads\/2016\/10\/Sommertag1.jpg","width":2000,"height":1500},{"@type":"BreadcrumbList","@id":"https:\/\/thomas-ott.net\/2024\/?p=127#breadcrumb","itemListElement":[{"@type":"ListItem","position":1,"name":"Startseite","item":"https:\/\/thomas-ott.net\/2024\/"},{"@type":"ListItem","position":2,"name":"Kinder- und Jugendf\u00f6rderung, Schulen"}]},{"@type":"WebSite","@id":"https:\/\/thomas-ott.net\/2024\/#website","url":"https:\/\/thomas-ott.net\/2024\/","name":"Dr. Thomas Ott","description":"Kommunalwahl 2024","publisher":{"@id":"https:\/\/thomas-ott.net\/2024\/#organization"},"potentialAction":[{"@type":"SearchAction","target":{"@type":"EntryPoint","urlTemplate":"https:\/\/thomas-ott.net\/2024\/?s={search_term_string}"},"query-input":"required name=search_term_string"}],"inLanguage":"de"},{"@type":"Organization","@id":"https:\/\/thomas-ott.net\/2024\/#organization","name":"Dr. Thomas Ott","url":"https:\/\/thomas-ott.net\/2024\/","logo":{"@type":"ImageObject","inLanguage":"de","@id":"https:\/\/thomas-ott.net\/2024\/#\/schema\/logo\/image\/","url":"https:\/\/thomas-ott.net\/2024\/wp-content\/uploads\/2024\/04\/cropped-logo-web.png","contentUrl":"https:\/\/thomas-ott.net\/2024\/wp-content\/uploads\/2024\/04\/cropped-logo-web.png","width":663,"height":290,"caption":"Dr. Thomas Ott"},"image":{"@id":"https:\/\/thomas-ott.net\/2024\/#\/schema\/logo\/image\/"}},{"@type":"Person","@id":"https:\/\/thomas-ott.net\/2024\/#\/schema\/person\/79251d4dc8c45c758822d9389e160812","name":"admin","image":{"@type":"ImageObject","inLanguage":"de","@id":"https:\/\/thomas-ott.net\/2024\/#\/schema\/person\/image\/","url":"https:\/\/secure.gravatar.com\/avatar\/984baf04fae50a93f41615cda6dee454fdc8be653bcfd6e45a10e9f54e05505b?s=96&d=mm&r=g","contentUrl":"https:\/\/secure.gravatar.com\/avatar\/984baf04fae50a93f41615cda6dee454fdc8be653bcfd6e45a10e9f54e05505b?s=96&d=mm&r=g","caption":"admin"},"sameAs":["https:\/\/thomas-ott.net\/2024"],"url":"https:\/\/thomas-ott.net\/2024\/?author=1"}]}},"_links":{"self":[{"href":"https:\/\/thomas-ott.net\/2024\/index.php?rest_route=\/wp\/v2\/posts\/127","targetHints":{"allow":["GET"]}}],"collection":[{"href":"https:\/\/thomas-ott.net\/2024\/index.php?rest_route=\/wp\/v2\/posts"}],"about":[{"href":"https:\/\/thomas-ott.net\/2024\/index.php?rest_route=\/wp\/v2\/types\/post"}],"author":[{"embeddable":true,"href":"https:\/\/thomas-ott.net\/2024\/index.php?rest_route=\/wp\/v2\/users\/1"}],"replies":[{"embeddable":true,"href":"https:\/\/thomas-ott.net\/2024\/index.php?rest_route=%2Fwp%2Fv2%2Fcomments&post=127"}],"version-history":[{"count":4,"href":"https:\/\/thomas-ott.net\/2024\/index.php?rest_route=\/wp\/v2\/posts\/127\/revisions"}],"predecessor-version":[{"id":1625,"href":"https:\/\/thomas-ott.net\/2024\/index.php?rest_route=\/wp\/v2\/posts\/127\/revisions\/1625"}],"wp:featuredmedia":[{"embeddable":true,"href":"https:\/\/thomas-ott.net\/2024\/index.php?rest_route=\/wp\/v2\/media\/1517"}],"wp:attachment":[{"href":"https:\/\/thomas-ott.net\/2024\/index.php?rest_route=%2Fwp%2Fv2%2Fmedia&parent=127"}],"wp:term":[{"taxonomy":"category","embeddable":true,"href":"https:\/\/thomas-ott.net\/2024\/index.php?rest_route=%2Fwp%2Fv2%2Fcategories&post=127"},{"taxonomy":"post_tag","embeddable":true,"href":"https:\/\/thomas-ott.net\/2024\/index.php?rest_route=%2Fwp%2Fv2%2Ftags&post=127"}],"curies":[{"name":"wp","href":"https:\/\/api.w.org\/{rel}","templated":true}]}}